{"id":6756,"date":"2020-04-30T13:55:35","date_gmt":"2020-04-30T11:55:35","guid":{"rendered":"http:\/\/ranking-kosmetykow.pl\/?p=6756"},"modified":"2020-04-30T13:55:35","modified_gmt":"2020-04-30T11:55:35","slug":"przeglad-bronzerow-dostepnych-w-neness","status":"publish","type":"post","link":"https:\/\/neness.pl\/blog\/przeglad-bronzerow-dostepnych-w-neness\/","title":{"rendered":"Przegl\u0105d bronzer\u00f3w dost\u0119pnych w Neness"},"content":{"rendered":"<p>Dobrze dobrany bronzer potrafi zdzia\u0142a\u0107 cuda. Nie tylko sprawia on, \u017ce sk\u00f3ra wygl\u0105da na delikatnie mu\u015bni\u0119t\u0105 s\u0142o\u0144cem, ale te\u017c potrafi skorygowa\u0107 rysy, podkre\u015bli\u0107 ko\u015bci policzkowe i wyszczupli\u0107 optycznie twarz. Dlatego to kosmetyk, kt\u00f3ry powinien znale\u017a\u0107 si\u0119 w kosmetyczce ka\u017cdej kobiety. Oto kilka tego typu produkt\u00f3w, kt\u00f3re mo\u017cecie znale\u017a\u0107 w naszej ofercie.<!--more--><\/p>\n<h3>Insta Glow Bronzer bronzer do twarzy 001 Sunkissed Blonde<\/h3>\n<div id=\"attachment_6757\" style=\"width: 360px\" class=\"wp-caption aligncenter\"><a href=\"https:\/\/neness.pl\/pl\/p\/Insta-Glow-Bronzer-bronzer-do-twarzy-001-Sunkissed-Blonde-5g\/21226\"><img loading=\"lazy\" decoding=\"async\" aria-describedby=\"caption-attachment-6757\" class=\"wp-image-6757\" src=\"http:\/\/ranking-kosmetykow.pl\/wp-content\/uploads\/2020\/04\/37721_0_K-1024x1024.jpg\" alt=\"\" width=\"350\" height=\"350\" srcset=\"https:\/\/neness.pl\/blog\/wp-content\/uploads\/2020\/04\/37721_0_K-1024x1024.jpg 1024w, https:\/\/neness.pl\/blog\/wp-content\/uploads\/2020\/04\/37721_0_K-300x300.jpg 300w, https:\/\/neness.pl\/blog\/wp-content\/uploads\/2020\/04\/37721_0_K-150x150.jpg 150w, https:\/\/neness.pl\/blog\/wp-content\/uploads\/2020\/04\/37721_0_K-768x768.jpg 768w, https:\/\/neness.pl\/blog\/wp-content\/uploads\/2020\/04\/37721_0_K-1080x1080.jpg 1080w, https:\/\/neness.pl\/blog\/wp-content\/uploads\/2020\/04\/37721_0_K-610x610.jpg 610w, https:\/\/neness.pl\/blog\/wp-content\/uploads\/2020\/04\/37721_0_K-440x440.jpg 440w, https:\/\/neness.pl\/blog\/wp-content\/uploads\/2020\/04\/37721_0_K.jpg 1476w\" sizes=\"auto, (max-width: 350px) 100vw, 350px\" \/><\/a><p id=\"caption-attachment-6757\" class=\"wp-caption-text\">Insta Glow Bronzer bronzer do twarzy 001 Sunkissed Blonde<\/p><\/div>\n<p>Ten bronzer to idealne po\u0142\u0105czenie dobrej jako\u015bci i przyst\u0119pnej ceny. Ma lekk\u0105, kremow\u0105 konsystencj\u0119, dzi\u0119ki czemu \u0142atwo stapia si\u0119 ze sk\u00f3r\u0105 i zapewnia naturalny wygl\u0105d. Jego kolor pasuje zar\u00f3wno do ciep\u0142ego, jak i do zimnego typu karnacji. Jego atutami s\u0105 <strong>du\u017ca trwa\u0142o\u015b\u0107 i wydajno\u015b\u0107<\/strong>, a tak\u017ce wygodne opakowanie. Kosmetyk ten zawiera b\u0142yszcz\u0105ce drobinki, kt\u00f3re dodatkowo roz\u015bwietlaj\u0105 twarz i sprawiaj\u0105, \u017ce makija\u017c staje si\u0119 wyj\u0105tkowo efektowny. Fantastycznie sprawdza si\u0119 przy wieczorowym make-upie.<\/p>\n<h3>Sensi Skin Modeling &amp; Sparkling Face Bronzer modeluj\u0105cy bronzer do twarzy 01 Amber 9g<\/h3>\n<div id=\"attachment_6758\" style=\"width: 360px\" class=\"wp-caption aligncenter\"><a href=\"https:\/\/neness.pl\/pl\/p\/Sensi-Skin-Modeling-Sparkling-Face-Bronzer-modelujacy-bronzer-do-twarzy-01-Amber-9g\/10570\"><img loading=\"lazy\" decoding=\"async\" aria-describedby=\"caption-attachment-6758\" class=\"wp-image-6758\" src=\"http:\/\/ranking-kosmetykow.pl\/wp-content\/uploads\/2020\/04\/12879_0_K.jpg\" alt=\"\" width=\"350\" height=\"350\" srcset=\"https:\/\/neness.pl\/blog\/wp-content\/uploads\/2020\/04\/12879_0_K.jpg 700w, https:\/\/neness.pl\/blog\/wp-content\/uploads\/2020\/04\/12879_0_K-300x300.jpg 300w, https:\/\/neness.pl\/blog\/wp-content\/uploads\/2020\/04\/12879_0_K-150x150.jpg 150w, https:\/\/neness.pl\/blog\/wp-content\/uploads\/2020\/04\/12879_0_K-610x610.jpg 610w, https:\/\/neness.pl\/blog\/wp-content\/uploads\/2020\/04\/12879_0_K-440x440.jpg 440w\" sizes=\"auto, (max-width: 350px) 100vw, 350px\" \/><\/a><p id=\"caption-attachment-6758\" class=\"wp-caption-text\">Sensi Skin Modeling &amp; Sparkling Face Bronzer modeluj\u0105cy bronzer do twarzy 01 Amber 9g<\/p><\/div>\n<p>Ten bronzer ma nieco subtelniejszy, z\u0142ocisty odcie\u0144, dzi\u0119ki czemu doskonale pasuje do dziennego makija\u017cu, nawet w przypadku bardzo jasnej cery. \u015awietnie nadaje si\u0119 do konturowania, ale ma tak\u017ce w\u0142a\u015bciwo\u015bci piel\u0119gnacyjne. Starannie opracowana formu\u0142a wzbogacona o <strong>olej z nasion marchwii i witamin\u0119 E<\/strong> sprawia, \u017ce delikatnie nawil\u017ca i od\u017cywia cer\u0119. Nie zapycha sk\u00f3ry, dlatego mo\u017ce by\u0107 stosowany nawet przy cerze t\u0142ustej i tr\u0105dzikowej.<\/p>\n<h3>Betty-Lou Manizer bronzer 8.5g<\/h3>\n<div id=\"attachment_6759\" style=\"width: 360px\" class=\"wp-caption aligncenter\"><a href=\"https:\/\/neness.pl\/pl\/p\/Betty-Lou-Manizer-bronzer-8.5g\/23625\"><img loading=\"lazy\" decoding=\"async\" aria-describedby=\"caption-attachment-6759\" class=\"wp-image-6759\" src=\"http:\/\/ranking-kosmetykow.pl\/wp-content\/uploads\/2020\/04\/6601_0_K-792x1024.jpg\" alt=\"\" width=\"350\" height=\"452\" srcset=\"https:\/\/neness.pl\/blog\/wp-content\/uploads\/2020\/04\/6601_0_K-792x1024.jpg 792w, https:\/\/neness.pl\/blog\/wp-content\/uploads\/2020\/04\/6601_0_K-232x300.jpg 232w, https:\/\/neness.pl\/blog\/wp-content\/uploads\/2020\/04\/6601_0_K-768x993.jpg 768w, https:\/\/neness.pl\/blog\/wp-content\/uploads\/2020\/04\/6601_0_K-400x516.jpg 400w, https:\/\/neness.pl\/blog\/wp-content\/uploads\/2020\/04\/6601_0_K-610x789.jpg 610w, https:\/\/neness.pl\/blog\/wp-content\/uploads\/2020\/04\/6601_0_K.jpg 837w\" sizes=\"auto, (max-width: 350px) 100vw, 350px\" \/><\/a><p id=\"caption-attachment-6759\" class=\"wp-caption-text\">Betty-Lou Manizer bronzer 8.5g<\/p><\/div>\n<p>Ten bronzer doceniaj\u0105 wiza\u017cy\u015bci na ca\u0142ym \u015bwiecie. Jest kosmetykiem wielofunkcyjnym, kt\u00f3ry mo\u017ce s\u0142u\u017cy\u0107 nie tylko do konturowania, ale te\u017c do wyko\u0144czenia wieczorowego makija\u017cu czy jako cie\u0144 do powiek. Nadaje sk\u00f3rze<strong> subtelny, satynowy b\u0142ysk,<\/strong> sprawiaj\u0105c, \u017ce wygl\u0105da promiennie i zdrowo. Opr\u00f3cz roz\u015bwietlenia daje te\u017c efekt delikatnego mu\u015bni\u0119cia s\u0142o\u0144cem. Uwag\u0119 przyci\u0105ga jego pi\u0119kne, oryginalne opakowanie, dzi\u0119ki kt\u00f3remu u\u017cywanie tego bronzera to prawdziwa przyjemno\u015b\u0107.<\/p>\n<h3>Creme Bronzer puder br\u0105zuj\u0105cy do twarzy 10 Bronze<\/h3>\n<div id=\"attachment_6760\" style=\"width: 610px\" class=\"wp-caption aligncenter\"><a href=\"https:\/\/neness.pl\/pl\/p\/Creme-Bronzer-puder-brazujacy-do-twarzy-10-Bronze\/21725\"><img loading=\"lazy\" decoding=\"async\" aria-describedby=\"caption-attachment-6760\" class=\"size-full wp-image-6760\" src=\"http:\/\/ranking-kosmetykow.pl\/wp-content\/uploads\/2020\/04\/39945_0_K.jpg\" alt=\"\" width=\"600\" height=\"399\" srcset=\"https:\/\/neness.pl\/blog\/wp-content\/uploads\/2020\/04\/39945_0_K.jpg 600w, https:\/\/neness.pl\/blog\/wp-content\/uploads\/2020\/04\/39945_0_K-300x200.jpg 300w\" sizes=\"auto, (max-width: 600px) 100vw, 600px\" \/><\/a><p id=\"caption-attachment-6760\" class=\"wp-caption-text\">Creme Bronzer puder br\u0105zuj\u0105cy do twarzy 10 Bronze<\/p><\/div>\n<p>Z tym kosmetykiem mo\u017cemy w prosty spos\u00f3b uzyska\u0107 efekt zdrowej, delikatnej opalenizny. Zawiera <strong>pigmenty o r\u00f3\u017cnych barwach<\/strong>, dzi\u0119ki czemu dostosowuje si\u0119 do ka\u017cdego typu karnacji i subtelnie roz\u015bwietla sk\u00f3r\u0119. W jego sk\u0142adzie odnajdziemy wiele sk\u0142adnik\u00f3w od\u017cywczych, dlatego mo\u017cemy bezpiecznie stosowa\u0107 go nawet przy cerze suchej. Jest \u0142atwy w aplikacji i nie pozostawia smug, jest idealny zar\u00f3wno do dziennego, jak i wieczorowego makija\u017cu.<\/p>\n<p>Zobaczcie tak\u017ce inne produkty w naszej <a href=\"https:\/\/neness.pl\/\">drogerii internetowej<\/a>!<\/p>\n","protected":false},"excerpt":{"rendered":"<p>Dobrze dobrany bronzer potrafi zdzia\u0142a\u0107 cuda. Nie tylko sprawia on, \u017ce sk\u00f3ra wygl\u0105da na delikatnie mu\u015bni\u0119t\u0105 s\u0142o\u0144cem, ale te\u017c potrafi skorygowa\u0107 rysy, podkre\u015bli\u0107 ko\u015bci policzkowe i wyszczupli\u0107 optycznie twarz. Dlatego to kosmetyk, kt\u00f3ry powinien znale\u017a\u0107 si\u0119 w kosmetyczce ka\u017cdej kobiety. Oto kilka tego typu produkt\u00f3w, kt\u00f3re mo\u017cecie znale\u017a\u0107 w naszej ofercie.<\/p>\n","protected":false},"author":2,"featured_media":6762,"comment_status":"open","ping_status":"open","sticky":false,"template":"","format":"standard","meta":{"_et_pb_use_builder":"","_et_pb_old_content":"","_et_gb_content_width":"","footnotes":""},"categories":[41],"tags":[],"class_list":["post-6756","post","type-post","status-publish","format-standard","has-post-thumbnail","hentry","category-olsniewaj-makijazem","et-has-post-format-content","et_post_format-et-post-format-standard"],"_links":{"self":[{"href":"https:\/\/neness.pl\/blog\/wp-json\/wp\/v2\/posts\/6756","targetHints":{"allow":["GET"]}}],"collection":[{"href":"https:\/\/neness.pl\/blog\/wp-json\/wp\/v2\/posts"}],"about":[{"href":"https:\/\/neness.pl\/blog\/wp-json\/wp\/v2\/types\/post"}],"author":[{"embeddable":true,"href":"https:\/\/neness.pl\/blog\/wp-json\/wp\/v2\/users\/2"}],"replies":[{"embeddable":true,"href":"https:\/\/neness.pl\/blog\/wp-json\/wp\/v2\/comments?post=6756"}],"version-history":[{"count":0,"href":"https:\/\/neness.pl\/blog\/wp-json\/wp\/v2\/posts\/6756\/revisions"}],"wp:featuredmedia":[{"embeddable":true,"href":"https:\/\/neness.pl\/blog\/wp-json\/wp\/v2\/media\/6762"}],"wp:attachment":[{"href":"https:\/\/neness.pl\/blog\/wp-json\/wp\/v2\/media?parent=6756"}],"wp:term":[{"taxonomy":"category","embeddable":true,"href":"https:\/\/neness.pl\/blog\/wp-json\/wp\/v2\/categories?post=6756"},{"taxonomy":"post_tag","embeddable":true,"href":"https:\/\/neness.pl\/blog\/wp-json\/wp\/v2\/tags?post=6756"}],"curies":[{"name":"wp","href":"https:\/\/api.w.org\/{rel}","templated":true}]}}