{"id":6721,"date":"2020-04-22T10:39:24","date_gmt":"2020-04-22T08:39:24","guid":{"rendered":"http:\/\/ranking-kosmetykow.pl\/?p=6721"},"modified":"2020-04-22T10:39:24","modified_gmt":"2020-04-22T08:39:24","slug":"wiosenny-makijaz","status":"publish","type":"post","link":"https:\/\/neness.pl\/blog\/wiosenny-makijaz\/","title":{"rendered":"Wiosenny makija\u017c"},"content":{"rendered":"<p><span style=\"font-weight: 400;\">Po d\u0142ugiej zimie nasza cera cz\u0119sto jest szara i zm\u0119czona. Go\u0142ym okiem wida\u0107, \u017ce potrzebuje nawil\u017cenia i od\u017cywienia. Pom\u00f3c mog\u0105 w tym profesjonalne zabiegi piel\u0119gnacyjne, odpowiednio stosowane kosmetyki lub specjalnie dobrany, wiosenny makija\u017c, kt\u00f3ry pomo\u017ce w delikatnym roz\u015bwietleniu naszej twarzy.\u00a0<\/span><\/p>\n<h3><strong>Czym charakteryzuje si\u0119 makija\u017c wiosenny?<\/strong><\/h3>\n<p><span style=\"font-weight: 400;\">Trendy makija\u017cowe zmieniaj\u0105 si\u0119 co sezon, dlatego warto na bie\u017c\u0105co sprawdza\u0107, jaki typ makija\u017cu b\u0119dzie najbardziej odpowiedni podczas danej pory roku. W czasie zimniejszych miesi\u0119cy makija\u017c jest bardziej <strong>stonowany<\/strong> i <strong>nasycony<\/strong>, a kiedy temperatura zaczyna rosn\u0105\u0107, to barwy staj\u0105 si\u0119 <strong>\u017cywsze<\/strong> i <strong>ja\u015bniejsze<\/strong>, a czasami nawet <strong>neonowe<\/strong>. Jakie kolory warto wypr\u00f3bowa\u0107 w makija\u017cu wiosennym? <\/span><\/p>\n<p><span style=\"font-weight: 400;\">Przede wszystkim <strong>pastelowe<\/strong>! B\u0142\u0119kity, jasne \u017c\u00f3\u0142cie, pudrowy r\u00f3\u017c, seledyn czy delikatna lawenda \u2013 to barwy, kt\u00f3rych nie mo\u017ce zabrakn\u0105\u0107 w wiosennej palecie. Polecamy wypr\u00f3bowanie pastelowych,<strong> bogato napigmentowanych cieni<\/strong> do powiek oraz <strong>lakier\u00f3w do paznokci.<\/strong> Je\u017celi chodzi o makija\u017c ust, to w tym przypadku \u015bwietnie sprawdz\u0105 si\u0119 <strong>szminki w odcieniach r\u00f3\u017cu<\/strong>, zw\u0142aszcza tego jasnego. Warto te\u017c zwr\u00f3ci\u0107 uwag\u0119 na <strong>delikatne b\u0142yszczyki<\/strong>, kt\u00f3re subtelnie podkre\u015bl\u0105 kszta\u0142t ust. <\/span><\/p>\n<p><span style=\"font-weight: 400;\">C<\/span><span style=\"font-weight: 400;\">iekawym wyborem b\u0119d\u0105 r\u00f3wnie\u017c nawil\u017caj\u0105ce \u017celowe pomadki <strong>Ultra HD Get Lip Color<\/strong> marki <strong>Revlon<\/strong>. S\u0105 to produkty, kt\u00f3re \u0142\u0105cz\u0105 w sobie mocny kolor szminki i delikatno\u015b\u0107 b\u0142yszczyka. Produkty te s\u0105 dost\u0119pne w Perfumerii Neness w szerokiej gamie kolorystycznej.\u00a0<\/span><\/p>\n<div id=\"attachment_6722\" style=\"width: 279px\" class=\"wp-caption aligncenter\"><a href=\"https:\/\/neness.pl\/pl\/p\/Revlon-Ultra-HD-Zelowa-Pomadka-Gel-Lip-Color\/6135\" target=\"_blank\" rel=\"noopener noreferrer\"><img loading=\"lazy\" decoding=\"async\" aria-describedby=\"caption-attachment-6722\" class=\"wp-image-6722\" src=\"http:\/\/ranking-kosmetykow.pl\/wp-content\/uploads\/2020\/04\/revlon.jpg\" alt=\"\" width=\"269\" height=\"269\" srcset=\"https:\/\/neness.pl\/blog\/wp-content\/uploads\/2020\/04\/revlon.jpg 225w, https:\/\/neness.pl\/blog\/wp-content\/uploads\/2020\/04\/revlon-150x150.jpg 150w\" sizes=\"auto, (max-width: 269px) 100vw, 269px\" \/><\/a><p id=\"caption-attachment-6722\" class=\"wp-caption-text\">Revlon Ultra HD \u017belowa Pomadka Gel Lip Color \/ 8,67 z\u0142Manhattan<\/p><\/div>\n<h3><strong>Jak dopasowa\u0107 makija\u017c do naszej urody?<\/strong><\/h3>\n<p><span style=\"font-weight: 400;\">Kolory makija\u017cu warto dobiera\u0107, sugeruj\u0105c si\u0119 <strong>barw\u0105 w\u0142os\u00f3w i oczu<\/strong> danej osoby. Paniom o <strong>jasnych w\u0142osach<\/strong>, <strong>platynowych<\/strong> czy <strong>jasnobr\u0105zowych<\/strong> b\u0119dzie pasowa\u0107 makija\u017c wykonany w <strong>zimnych odcieniach<\/strong>, takich jak b\u0142\u0119kit, ziele\u0144 czy fiolet. W tym celu sprawdz\u0105 si\u0119 paletki cieni do powiek <strong>Manhattan Eyemazing Effect Eyeshadow<\/strong>. W Perfumerii Neness s\u0105 one dost\u0119pne w kilku r\u00f3\u017cnych wariantach kolorystycznych.<\/span><\/p>\n<div id=\"attachment_6725\" style=\"width: 231px\" class=\"wp-caption aligncenter\"><a href=\"https:\/\/neness.pl\/pl\/p\/Manhattan-Paletki-Cieni-do-Powiek-Eyemazing-Effect-Eyeshadow\/5735\" target=\"_blank\" rel=\"noopener noreferrer\"><img loading=\"lazy\" decoding=\"async\" aria-describedby=\"caption-attachment-6725\" class=\"wp-image-6725\" src=\"http:\/\/ranking-kosmetykow.pl\/wp-content\/uploads\/2020\/04\/paletki.jpg\" alt=\"\" width=\"221\" height=\"221\" srcset=\"https:\/\/neness.pl\/blog\/wp-content\/uploads\/2020\/04\/paletki.jpg 300w, https:\/\/neness.pl\/blog\/wp-content\/uploads\/2020\/04\/paletki-150x150.jpg 150w\" sizes=\"auto, (max-width: 221px) 100vw, 221px\" \/><\/a><p id=\"caption-attachment-6725\" class=\"wp-caption-text\">Manhattan Paletki Cieni do Powiek Eyemazing Effect Eyeshadow \/ 2,97 z\u0142<\/p><\/div>\n<p><span style=\"font-weight: 400;\"><br \/>\nZ kolei panie o ciemnych w\u0142osach i oprawie oczu mog\u0105 zdecydowa\u0107 si\u0119 na makija\u017c w<strong> nasyconych tonach.<\/strong> Pomocne b\u0119d\u0105 w tym kredki do powiek <strong>Jumbo Eye Pencil<\/strong> marki <strong>NYX<\/strong>, kt\u00f3re wyst\u0119puj\u0105 w kolorze z\u0142otym, ciemnoczerwonym oraz intensywnie niebieskim. Idealnym, wielofunkcyjnym produktem, kt\u00f3ry pos\u0142u\u017cy do wykonania wiosennego makija\u017cu, jest paleta cieni do powiek<a href=\"https:\/\/neness.pl\/pl\/p\/Pro-HD-Palette-The-Works-paleta-cieni-do-powiek-LightMedium-27g\/21024\"> <strong>The Works Light\/Medium 27 g<\/strong><\/a> marki <strong>Pro HD Palette.<\/strong> Sk\u0142ada si\u0119 ona z kilkunastu cieni w kolorach zar\u00f3wno ciep\u0142ych, jak i zimnych. Znalaz\u0142o si\u0119 tam wiele br\u0105z\u00f3w, za pomoc\u0105 kt\u00f3rych mo\u017cna wykona\u0107 nie tylko makija\u017c oka, ale r\u00f3wnie\u017c konturowanie twarzy.\u00a0<\/span><\/p>\n<div id=\"attachment_6726\" style=\"width: 277px\" class=\"wp-caption aligncenter\"><a href=\"https:\/\/neness.pl\/pl\/p\/NYX-Kredka-do-Powiek-Jumbo-Eye-Pencil\/5723\" target=\"_blank\" rel=\"noopener noreferrer\"><img loading=\"lazy\" decoding=\"async\" aria-describedby=\"caption-attachment-6726\" class=\"wp-image-6726\" src=\"http:\/\/ranking-kosmetykow.pl\/wp-content\/uploads\/2020\/04\/jumo.jpg\" alt=\"\" width=\"267\" height=\"267\" srcset=\"https:\/\/neness.pl\/blog\/wp-content\/uploads\/2020\/04\/jumo.jpg 600w, https:\/\/neness.pl\/blog\/wp-content\/uploads\/2020\/04\/jumo-300x300.jpg 300w, https:\/\/neness.pl\/blog\/wp-content\/uploads\/2020\/04\/jumo-150x150.jpg 150w, https:\/\/neness.pl\/blog\/wp-content\/uploads\/2020\/04\/jumo-440x440.jpg 440w\" sizes=\"auto, (max-width: 267px) 100vw, 267px\" \/><\/a><p id=\"caption-attachment-6726\" class=\"wp-caption-text\">NYX Kredka do Powiek Jumbo Eye Pencil \/ 7,47 z\u0142<\/p><\/div>\n<h3><\/h3>\n<h3><strong>Wykonanie makija\u017cu krok po kroku<\/strong><\/h3>\n<p><span style=\"font-weight: 400;\">Najpierw nale\u017cy zacz\u0105\u0107 od <strong>umycia<\/strong> i <strong>nawil\u017cenia<\/strong> twarzy, a nast\u0119pnie przej\u015b\u0107 do ujednolicenia cery. Nak\u0142adamy podk\u0142ad <strong>r\u00f3wnomiernie<\/strong>, a dopiero w tak przygotowan\u0105 sk\u00f3r\u0119 wklepujemy korektor. Przechodzimy do makija\u017cu oczu \u2013 podstaw\u0105 jest <strong>baza<\/strong>, kt\u00f3r\u0105 nak\u0142adamy na powieki, a nast\u0119pnie aplikujemy <strong>cienie<\/strong>. To jest moment, w kt\u00f3rym mo\u017cemy zastosowa\u0107 poznane wcze\u015bniej wskaz\u00f3wki w kwestii kolor\u00f3w. <\/span><\/p>\n<p><span style=\"font-weight: 400;\">Makija\u017c oczu ko\u0144czymy <strong>wytuszowaniem rz\u0119s.<\/strong> Nast\u0119pne kroki to piel\u0119gnacja brwi i ich ewentualny makija\u017c. Mo\u017cemy w tym celu u\u017cy\u0107 cieni lub specjalnych kredek. Po wykonaniu tych krok\u00f3w czas na <strong>upudrowanie<\/strong> ca\u0142ej twarzy. Finalnym krokiem jest na\u0142o\u017cenie szminki lub delikatnej pomadki. Tak wykonany makija\u017c sprawi, \u017ce b\u0119dziesz doskonale przygotowana na wiosn\u0119!\u00a0<\/span><\/p>\n","protected":false},"excerpt":{"rendered":"<p>Po d\u0142ugiej zimie nasza cera cz\u0119sto jest szara i zm\u0119czona. Go\u0142ym okiem wida\u0107, \u017ce potrzebuje nawil\u017cenia i od\u017cywienia. Pom\u00f3c mog\u0105 w tym profesjonalne zabiegi piel\u0119gnacyjne, odpowiednio stosowane kosmetyki lub specjalnie dobrany, wiosenny makija\u017c, kt\u00f3ry pomo\u017ce w delikatnym roz\u015bwietleniu naszej twarzy.\u00a0 Czym charakteryzuje si\u0119 makija\u017c wiosenny? Trendy makija\u017cowe zmieniaj\u0105 si\u0119 co sezon, dlatego warto na bie\u017c\u0105co [&hellip;]<\/p>\n","protected":false},"author":2,"featured_media":6724,"comment_status":"open","ping_status":"open","sticky":false,"template":"","format":"standard","meta":{"_et_pb_use_builder":"","_et_pb_old_content":"","_et_gb_content_width":"","footnotes":""},"categories":[41],"tags":[],"class_list":["post-6721","post","type-post","status-publish","format-standard","has-post-thumbnail","hentry","category-olsniewaj-makijazem","et-has-post-format-content","et_post_format-et-post-format-standard"],"_links":{"self":[{"href":"https:\/\/neness.pl\/blog\/wp-json\/wp\/v2\/posts\/6721","targetHints":{"allow":["GET"]}}],"collection":[{"href":"https:\/\/neness.pl\/blog\/wp-json\/wp\/v2\/posts"}],"about":[{"href":"https:\/\/neness.pl\/blog\/wp-json\/wp\/v2\/types\/post"}],"author":[{"embeddable":true,"href":"https:\/\/neness.pl\/blog\/wp-json\/wp\/v2\/users\/2"}],"replies":[{"embeddable":true,"href":"https:\/\/neness.pl\/blog\/wp-json\/wp\/v2\/comments?post=6721"}],"version-history":[{"count":0,"href":"https:\/\/neness.pl\/blog\/wp-json\/wp\/v2\/posts\/6721\/revisions"}],"wp:featuredmedia":[{"embeddable":true,"href":"https:\/\/neness.pl\/blog\/wp-json\/wp\/v2\/media\/6724"}],"wp:attachment":[{"href":"https:\/\/neness.pl\/blog\/wp-json\/wp\/v2\/media?parent=6721"}],"wp:term":[{"taxonomy":"category","embeddable":true,"href":"https:\/\/neness.pl\/blog\/wp-json\/wp\/v2\/categories?post=6721"},{"taxonomy":"post_tag","embeddable":true,"href":"https:\/\/neness.pl\/blog\/wp-json\/wp\/v2\/tags?post=6721"}],"curies":[{"name":"wp","href":"https:\/\/api.w.org\/{rel}","templated":true}]}}