{"id":6701,"date":"2020-04-08T14:11:53","date_gmt":"2020-04-08T12:11:53","guid":{"rendered":"http:\/\/ranking-kosmetykow.pl\/?p=6701"},"modified":"2020-04-08T14:11:53","modified_gmt":"2020-04-08T12:11:53","slug":"wiosenne-maseczki-ktore-sama-przygotujesz","status":"publish","type":"post","link":"https:\/\/neness.pl\/blog\/wiosenne-maseczki-ktore-sama-przygotujesz\/","title":{"rendered":"Wiosenne maseczki, kt\u00f3re sama przygotujesz"},"content":{"rendered":"<p>Za oknem wiosna w pe\u0142nym rozkwicie, dlatego najwy\u017csza pora zadba\u0107 o regeneracj\u0119 cery po zimie. Aby nasza sk\u00f3ra odzyska\u0142a promienny, zdrowy wygl\u0105d, warto przede wszystkim zadba\u0107 o jej nawil\u017cenie i oczyszczenie, mi\u0119dzy innymi przez stosowanie maseczek bogatych w witaminy i minera\u0142y. Wiele tego typu kosmetyk\u00f3w o doskona\u0142ym sk\u0142adzie znajdziemy w drogeriach internetowych, jednak s\u0105 te\u017c takie maseczki, kt\u00f3re mo\u017cemy przygotowa\u0107 w domowym zaciszu.\u00a0<!--more--><\/p>\n<h3>Zastrzyk witamin<\/h3>\n<p>Je\u015bli sk\u00f3ra jest wysuszona i szara, warto dog\u0142\u0119bnie od\u017cywi\u0107 j\u0105 za pomoc\u0105 prostej<strong> maseczki z awokado.<\/strong> Owoce te to prawdziwa bomba witaminowa! Zawieraj\u0105 du\u017ce ilo\u015bci witamin A, C i E, a tak\u017ce witamin z grupy B. Dzi\u0119ki temu <strong>g\u0142\u0119boko nawil\u017caj\u0105 i uelastyczniaj\u0105 sk\u00f3r\u0119<\/strong>, a do tego tworz\u0105 na niej ochronny film, kt\u00f3ry zabezpiecza przed dzia\u0142aniem czynnik\u00f3w zewn\u0119trznych. Maseczka z awokado jest bardzo prosta do przygotowania &#8211; wystarczy ugnie\u015b\u0107 mi\u0105\u017csz owocu, doda\u0107 do niego \u0142y\u017ck\u0119 \u015bmietany oraz odrobin\u0119 soku z cytryny i wymiesza\u0107. Kosmetyk nak\u0142adamy na twarz na oko\u0142o 20 minut, a nast\u0119pnie zmywamy wod\u0105.<\/p>\n<h3>Nawil\u017cenie i oczyszczenie<\/h3>\n<p>W przypadku sk\u00f3ry tr\u0105dzikowej czy ze sk\u0142onno\u015bci\u0105 do zask\u00f3rnik\u00f3w warto zastosowa\u0107 maseczk\u0119 na bazie<strong> miodu i kurkumy.<\/strong> Ma ona w\u0142a\u015bciwo\u015bci nawil\u017caj\u0105ce, ale te\u017c<strong> \u0142agodz\u0105ce i antybakteryjne<\/strong>, dlatego wspomaga gojenie si\u0119 wyprysk\u00f3w i ogranicza problemy z cer\u0105. Taki kosmetyk wyr\u00f3wnuje te\u017c koloryt sk\u00f3ry, rozja\u015bnia przebarwienia i roz\u015bwietla cer\u0119. Do wykonania maseczki potrzebna jest \u0142y\u017ceczka oliwy z oliwek, p\u00f3\u0142 \u0142y\u017ceczki kurkumy oraz oko\u0142o 2 \u0142y\u017ceczki miodu. Opcjonalnie, je\u015bli zale\u017cy nam g\u0142\u00f3wnie na efekcie rozja\u015bniaj\u0105cym, mo\u017cemy doda\u0107 do niej r\u00f3wnie\u017c kilka kropli soku z cytryny. Sk\u0142adniki mieszamy i nak\u0142adamy kosmetyk na twarz na mniej 20-25 minut. Zmywamy ciep\u0142\u0105 wod\u0105.<\/p>\n<h3>Naturalny lifting<\/h3>\n<p>Sk\u00f3ra dojrza\u0142a rozkwitnie w pe\u0142ni pod wp\u0142ywem prostej maseczki z<strong> pomara\u0144czy i twarogu.<\/strong> Ma ona dzia\u0142anie liftinguj\u0105ce i sp\u0142yca drobne zmarszczki, dzi\u0119ki czemu cera w mgnieniu oka odzyskuje m\u0142ody, promienny wygl\u0105d. Witaminy i minera\u0142y z pomara\u0144czy <strong>wzmacniaj\u0105 i od\u017cywiaj\u0105 sk\u00f3r\u0119<\/strong>, natomiast kwas mlekowy znajduj\u0105cy si\u0119 w twaro\u017cku daje<strong> spektakularny efekt roz\u015bwietlenia.<\/strong> Aby wykona\u0107 tak\u0105 maseczk\u0119, nale\u017cy ubi\u0107 bia\u0142ko jajka na sztywno, doda\u0107 do niego 3 \u0142y\u017cki twaro\u017cku i wyci\u015bni\u0119ty sok z pomara\u0144czy. Po wymieszaniu sk\u0142adnik\u00f3w nak\u0142adamy mieszank\u0119 na twarz i nak\u0142adamy na wierzch kawa\u0142ki gazy, by zapobiec jej sp\u0142ywaniu. Po 20 minutach \u015bci\u0105gamy gaz\u0119 i sp\u0142ukujemy resztki kosmetyku.<\/p>\n","protected":false},"excerpt":{"rendered":"<p>Za oknem wiosna w pe\u0142nym rozkwicie, dlatego najwy\u017csza pora zadba\u0107 o regeneracj\u0119 cery po zimie. Aby nasza sk\u00f3ra odzyska\u0142a promienny, zdrowy wygl\u0105d, warto przede wszystkim zadba\u0107 o jej nawil\u017cenie i oczyszczenie, mi\u0119dzy innymi przez stosowanie maseczek bogatych w witaminy i minera\u0142y. Wiele tego typu kosmetyk\u00f3w o doskona\u0142ym sk\u0142adzie znajdziemy w drogeriach internetowych, jednak s\u0105 te\u017c [&hellip;]<\/p>\n","protected":false},"author":2,"featured_media":6702,"comment_status":"open","ping_status":"open","sticky":false,"template":"","format":"standard","meta":{"_et_pb_use_builder":"","_et_pb_old_content":"","_et_gb_content_width":"","footnotes":""},"categories":[185],"tags":[],"class_list":["post-6701","post","type-post","status-publish","format-standard","has-post-thumbnail","hentry","category-codzienna-pielegnacja","et-has-post-format-content","et_post_format-et-post-format-standard"],"_links":{"self":[{"href":"https:\/\/neness.pl\/blog\/wp-json\/wp\/v2\/posts\/6701","targetHints":{"allow":["GET"]}}],"collection":[{"href":"https:\/\/neness.pl\/blog\/wp-json\/wp\/v2\/posts"}],"about":[{"href":"https:\/\/neness.pl\/blog\/wp-json\/wp\/v2\/types\/post"}],"author":[{"embeddable":true,"href":"https:\/\/neness.pl\/blog\/wp-json\/wp\/v2\/users\/2"}],"replies":[{"embeddable":true,"href":"https:\/\/neness.pl\/blog\/wp-json\/wp\/v2\/comments?post=6701"}],"version-history":[{"count":0,"href":"https:\/\/neness.pl\/blog\/wp-json\/wp\/v2\/posts\/6701\/revisions"}],"wp:featuredmedia":[{"embeddable":true,"href":"https:\/\/neness.pl\/blog\/wp-json\/wp\/v2\/media\/6702"}],"wp:attachment":[{"href":"https:\/\/neness.pl\/blog\/wp-json\/wp\/v2\/media?parent=6701"}],"wp:term":[{"taxonomy":"category","embeddable":true,"href":"https:\/\/neness.pl\/blog\/wp-json\/wp\/v2\/categories?post=6701"},{"taxonomy":"post_tag","embeddable":true,"href":"https:\/\/neness.pl\/blog\/wp-json\/wp\/v2\/tags?post=6701"}],"curies":[{"name":"wp","href":"https:\/\/api.w.org\/{rel}","templated":true}]}}