{"id":6683,"date":"2020-04-02T09:10:09","date_gmt":"2020-04-02T07:10:09","guid":{"rendered":"http:\/\/ranking-kosmetykow.pl\/?p=6683"},"modified":"2020-04-02T09:10:09","modified_gmt":"2020-04-02T07:10:09","slug":"fryzury-2020-co-bedzie-modne","status":"publish","type":"post","link":"https:\/\/neness.pl\/blog\/fryzury-2020-co-bedzie-modne\/","title":{"rendered":"Fryzury 2020 \u2013 co b\u0119dzie modne?"},"content":{"rendered":"<p><span style=\"font-weight: 400;\">Marzysz o od\u015bwie\u017ceniu wizerunku? Chcesz zmieni\u0107 fryzur\u0119 lub kolor w\u0142os\u00f3w w zgodzie z obowi\u0105zuj\u0105cymi trendami? W tym wpisie znajdziesz gar\u015b\u0107 inspiracji i pomys\u0142\u00f3w. Kt\u00f3re upi\u0119cie lub odcie\u0144 w\u0142os\u00f3w stanie si\u0119 Twoim numerem jeden?\u00a0<\/span><\/p>\n<h3><strong>Kr\u00f3tka fryzura na wi\u0119ksz\u0105 obj\u0119to\u015b\u0107<\/strong><\/h3>\n<p><span style=\"font-weight: 400;\">Je\u015bli uwielbiasz obserwowa\u0107 profile gwiazd w mediach spo\u0142eczno\u015bciowych, z pewno\u015bci\u0105 dostrzeg\u0142a\u015b, \u017ce cz\u0119\u015b\u0107 z nich w tym roku zdecydowa\u0142a si\u0119 na <strong>precyzyjne ci\u0119cie<\/strong> i stanowcze<strong> skr\u00f3cenie w\u0142os\u00f3w.<\/strong> Bardzo kr\u00f3tkie fryzury, w\u0142osy si\u0119gaj\u0105ce za ucho lub nowoczesne wariacje na temat nie\u015bmiertelnego boba pozwalaj\u0105 od\u015bwie\u017cy\u0107 wizerunek oraz odj\u0105\u0107 sobie lat. S\u0105 te\u017c doskona\u0142ym wyborem dla pa\u0144 o<strong> delikatnych, cienkich w\u0142osach.<\/strong> Dlaczego?\u00a0<\/span><\/p>\n<div id=\"attachment_6685\" style=\"width: 249px\" class=\"wp-caption aligncenter\"><a href=\"https:\/\/neness.pl\/pl\/p\/Volume-Powder-puder-dodajacy-wlosom-objetosci-10g\/10797\" target=\"_blank\" rel=\"noopener noreferrer\"><img loading=\"lazy\" decoding=\"async\" aria-describedby=\"caption-attachment-6685\" class=\"wp-image-6685\" src=\"http:\/\/ranking-kosmetykow.pl\/wp-content\/uploads\/2020\/04\/volume.jpg\" alt=\"\" width=\"239\" height=\"239\" srcset=\"https:\/\/neness.pl\/blog\/wp-content\/uploads\/2020\/04\/volume.jpg 500w, https:\/\/neness.pl\/blog\/wp-content\/uploads\/2020\/04\/volume-300x300.jpg 300w, https:\/\/neness.pl\/blog\/wp-content\/uploads\/2020\/04\/volume-150x150.jpg 150w, https:\/\/neness.pl\/blog\/wp-content\/uploads\/2020\/04\/volume-440x440.jpg 440w\" sizes=\"auto, (max-width: 239px) 100vw, 239px\" \/><\/a><p id=\"caption-attachment-6685\" class=\"wp-caption-text\">Volume Powder puder dodaj\u0105cy w\u0142osom obj\u0119to\u015bci 10g \/ 18,24 z\u0142<\/p><\/div>\n<p><span style=\"font-weight: 400;\"><br \/>\nKr\u00f3tkie fryzury, takie jak bob z delikatnymi falami czy perfekcyjny pa\u017a z grzywk\u0105 pozwalaj\u0105 optycznie <strong>zwi\u0119kszy\u0107 obj\u0119to\u015b\u0107 w\u0142os\u00f3w.<\/strong> Sprawiaj\u0105, \u017ce pasma wygl\u0105daj\u0105 na naturalnie uniesione, lekkie i zdrowe. Stanowcze skr\u00f3cenie d\u0142ugo\u015bci jest te\u017c cz\u0119sto jedynym s\u0142usznym rozwi\u0105zaniem dla kobiet, kt\u00f3rych w\u0142osy s\u0105 mocno zniszczone czy przesuszone (np. wskutek regularnego korzystania z prostownicy). Dzi\u0119ki takiemu ostremu ci\u0119ciu mo\u017cna skutecznie pozby\u0107 si\u0119 zniszcze\u0144 i <strong>zregenerowa\u0107<\/strong> pasma.\u00a0\u00a0<\/span><\/p>\n<h3><strong>Naturalnie wygl\u0105daj\u0105ce fale<\/strong><\/h3>\n<p><span style=\"font-weight: 400;\">Nie chcesz rezygnowa\u0107 z dotychczasowej d\u0142ugo\u015bci? Aby pod\u0105\u017ca\u0107 za obowi\u0105zuj\u0105cymi trendami, w tym roku cz\u0119sto <strong>stylizuj w\u0142osy,<\/strong> korzystaj\u0105c z produkt\u00f3w przeznaczonych do podkre\u015blania lok\u00f3w. Po umyciu i cz\u0119\u015bciowym wysuszeniu w\u0142os\u00f3w na\u0142\u00f3\u017c wybrany <strong>kosmetyk wydobywaj\u0105cy skr\u0119t<\/strong> i za pomoc\u0105 suszarko-lok\u00f3wki wykonaj beach waves, czyli naturalnie wygl\u0105daj\u0105ce, <strong>pla\u017cowe fale.<\/strong> Na sam koniec delikatnie przeczesz pasma palcami lub szczotk\u0105. Dzi\u0119ki temu fryzura b\u0119dzie wygl\u0105da\u0107 <strong>estetycznie<\/strong>, ale bez efektu nadmiernego wystylizowania.\u00a0<\/span><\/p>\n<div id=\"attachment_6686\" style=\"width: 299px\" class=\"wp-caption aligncenter\"><a href=\"https:\/\/neness.pl\/pl\/p\/Air-Dry-Curl-Mousse-pianka-do-wlosow-kreconych-i-falowanych-200ml\/10983\" target=\"_blank\" rel=\"noopener noreferrer\"><img loading=\"lazy\" decoding=\"async\" aria-describedby=\"caption-attachment-6686\" class=\"wp-image-6686\" src=\"http:\/\/ranking-kosmetykow.pl\/wp-content\/uploads\/2020\/04\/syoss.jpg\" alt=\"\" width=\"289\" height=\"289\" srcset=\"https:\/\/neness.pl\/blog\/wp-content\/uploads\/2020\/04\/syoss.jpg 500w, https:\/\/neness.pl\/blog\/wp-content\/uploads\/2020\/04\/syoss-300x300.jpg 300w, https:\/\/neness.pl\/blog\/wp-content\/uploads\/2020\/04\/syoss-150x150.jpg 150w, https:\/\/neness.pl\/blog\/wp-content\/uploads\/2020\/04\/syoss-440x440.jpg 440w\" sizes=\"auto, (max-width: 289px) 100vw, 289px\" \/><\/a><p id=\"caption-attachment-6686\" class=\"wp-caption-text\">Air Dry Curl Mousse pianka do w\u0142os\u00f3w kr\u0119conych i falowanych 200ml \/ 15,60 z\u0142<\/p><\/div>\n<h3><span style=\"font-weight: 400;\"><br \/>\n<strong>Wysoki kucyk i koczek na czubku g\u0142owy<\/strong><\/span><\/h3>\n<p><span style=\"font-weight: 400;\">Kolejnymi modnymi fryzurami, kt\u00f3re sprawdzaj\u0105 si\u0119 \u015bwietnie zar\u00f3wno na co dzie\u0144, jak i podczas wa\u017cnych okazji, s\u0105 <strong>wysoki kucyk<\/strong> oraz <strong>half bun \u2013 koczek na czubku g\u0142owy.<\/strong> Aby tego typu upi\u0119cia zyska\u0142y jeszcze ciekawszy charakter, warto wzbogaci\u0107 je o ozdobne akcenty. W tym roku niezwykle popularne s\u0105 kolorowe <strong>opaski<\/strong> do w\u0142os\u00f3w, <strong>spinki<\/strong> i <strong>grzebyki<\/strong> z per\u0142ami, elastyczne gumki z geometrycznymi wzorami czy klasyczne owijki. Oryginaln\u0105 ozdob\u0105 do w\u0142os\u00f3w mo\u017ce sta\u0107 si\u0119 tak\u017ce efektowna chustka b\u0105d\u017a apaszka.\u00a0<\/span><\/p>\n<div id=\"attachment_6687\" style=\"width: 331px\" class=\"wp-caption aligncenter\"><a href=\"https:\/\/neness.pl\/pl\/p\/Infinium-Pure-utrwalajacy-lakier-do-wlosow-Extra-Strong-500ml\/16794\" target=\"_blank\" rel=\"noopener noreferrer\"><img loading=\"lazy\" decoding=\"async\" aria-describedby=\"caption-attachment-6687\" class=\"wp-image-6687\" src=\"http:\/\/ranking-kosmetykow.pl\/wp-content\/uploads\/2020\/04\/lakier.jpg\" alt=\"\" width=\"321\" height=\"321\" srcset=\"https:\/\/neness.pl\/blog\/wp-content\/uploads\/2020\/04\/lakier.jpg 1000w, https:\/\/neness.pl\/blog\/wp-content\/uploads\/2020\/04\/lakier-300x300.jpg 300w, https:\/\/neness.pl\/blog\/wp-content\/uploads\/2020\/04\/lakier-150x150.jpg 150w, https:\/\/neness.pl\/blog\/wp-content\/uploads\/2020\/04\/lakier-768x768.jpg 768w, https:\/\/neness.pl\/blog\/wp-content\/uploads\/2020\/04\/lakier-610x610.jpg 610w, https:\/\/neness.pl\/blog\/wp-content\/uploads\/2020\/04\/lakier-440x440.jpg 440w\" sizes=\"auto, (max-width: 321px) 100vw, 321px\" \/><\/a><p id=\"caption-attachment-6687\" class=\"wp-caption-text\">Infinium Pure utrwalaj\u0105cy lakier do w\u0142os\u00f3w Extra-Strong 500ml \/ 23,19 z\u0142<\/p><\/div>\n<h3><strong><br \/>\nModne kolory w\u0142os\u00f3w i \u015bwiadoma piel\u0119gnacja<\/strong><\/h3>\n<p><span style=\"font-weight: 400;\">A jakie kolory w\u0142os\u00f3w na rok 2020 proponuj\u0105 styli\u015bci? Do najmodniejszych odcieni nale\u017c\u0105:<\/span><\/p>\n<ul>\n<li style=\"font-weight: 400;\"><span style=\"font-weight: 400;\">orzechowe br\u0105zy<\/span><\/li>\n<li style=\"font-weight: 400;\"><span style=\"font-weight: 400;\">rudawe br\u0105zy<\/span><\/li>\n<li style=\"font-weight: 400;\"><span style=\"font-weight: 400;\">ciep\u0142e blondy (np. miodowy)<\/span><\/li>\n<\/ul>\n<p><span style=\"font-weight: 400;\">Rekomendowane kolory podkre\u015blaj\u0105 naturalne pi\u0119kno, wydobywaj\u0105 blask cery oraz sprawiaj\u0105, \u017ce twarz wygl\u0105da na zdrow\u0105 i wypocz\u0119t\u0105. Co ciekawe, w tym roku styli\u015bci zwracaj\u0105 uwag\u0119 przede wszystkim na <strong>kondycj\u0119 w\u0142os\u00f3w<\/strong>. Aby pod\u0105\u017ca\u0107 za obowi\u0105zuj\u0105cymi trendami, warto zatem po\u015bwi\u0119ci\u0107 wi\u0119cej czasu na <strong>piel\u0119gnacj\u0119<\/strong>. Je\u015bli chcesz szybko przywr\u00f3ci\u0107 w\u0142osom pi\u0119kny wygl\u0105d, pami\u0119taj o ich regularnym <strong>olejowaniu<\/strong> i <strong>od\u017cywianiu<\/strong>.<\/span><\/p>\n<div id=\"attachment_6688\" style=\"width: 232px\" class=\"wp-caption aligncenter\"><a href=\"https:\/\/neness.pl\/pl\/p\/Expert-Inforcer-Strengthening-Anti-Breakage-Masque-maska-wzmacniajaca-do-wlosow-slabych-i-lamliwych-250ml\/6881\"><img loading=\"lazy\" decoding=\"async\" aria-describedby=\"caption-attachment-6688\" class=\" wp-image-6688\" src=\"http:\/\/ranking-kosmetykow.pl\/wp-content\/uploads\/2020\/04\/expert.jpg\" alt=\"\" width=\"222\" height=\"222\" srcset=\"https:\/\/neness.pl\/blog\/wp-content\/uploads\/2020\/04\/expert.jpg 500w, https:\/\/neness.pl\/blog\/wp-content\/uploads\/2020\/04\/expert-300x300.jpg 300w, https:\/\/neness.pl\/blog\/wp-content\/uploads\/2020\/04\/expert-150x150.jpg 150w, https:\/\/neness.pl\/blog\/wp-content\/uploads\/2020\/04\/expert-440x440.jpg 440w\" sizes=\"auto, (max-width: 222px) 100vw, 222px\" \/><\/a><p id=\"caption-attachment-6688\" class=\"wp-caption-text\">Expert Inforcer Strengthening Anti-Breakage Masque maska wzmacniaj\u0105ca do w\u0142os\u00f3w s\u0142abych i \u0142amliwych 250ml \/ 48,05 z\u0142<\/p><\/div>\n","protected":false},"excerpt":{"rendered":"<p>Marzysz o od\u015bwie\u017ceniu wizerunku? Chcesz zmieni\u0107 fryzur\u0119 lub kolor w\u0142os\u00f3w w zgodzie z obowi\u0105zuj\u0105cymi trendami? W tym wpisie znajdziesz gar\u015b\u0107 inspiracji i pomys\u0142\u00f3w. Kt\u00f3re upi\u0119cie lub odcie\u0144 w\u0142os\u00f3w stanie si\u0119 Twoim numerem jeden?\u00a0 Kr\u00f3tka fryzura na wi\u0119ksz\u0105 obj\u0119to\u015b\u0107 Je\u015bli uwielbiasz obserwowa\u0107 profile gwiazd w mediach spo\u0142eczno\u015bciowych, z pewno\u015bci\u0105 dostrzeg\u0142a\u015b, \u017ce cz\u0119\u015b\u0107 z nich w tym [&hellip;]<\/p>\n","protected":false},"author":2,"featured_media":6684,"comment_status":"open","ping_status":"open","sticky":false,"template":"","format":"standard","meta":{"_et_pb_use_builder":"","_et_pb_old_content":"","_et_gb_content_width":"","footnotes":""},"categories":[48],"tags":[],"class_list":["post-6683","post","type-post","status-publish","format-standard","has-post-thumbnail","hentry","category-wlosy-idealne","et-has-post-format-content","et_post_format-et-post-format-standard"],"_links":{"self":[{"href":"https:\/\/neness.pl\/blog\/wp-json\/wp\/v2\/posts\/6683","targetHints":{"allow":["GET"]}}],"collection":[{"href":"https:\/\/neness.pl\/blog\/wp-json\/wp\/v2\/posts"}],"about":[{"href":"https:\/\/neness.pl\/blog\/wp-json\/wp\/v2\/types\/post"}],"author":[{"embeddable":true,"href":"https:\/\/neness.pl\/blog\/wp-json\/wp\/v2\/users\/2"}],"replies":[{"embeddable":true,"href":"https:\/\/neness.pl\/blog\/wp-json\/wp\/v2\/comments?post=6683"}],"version-history":[{"count":0,"href":"https:\/\/neness.pl\/blog\/wp-json\/wp\/v2\/posts\/6683\/revisions"}],"wp:featuredmedia":[{"embeddable":true,"href":"https:\/\/neness.pl\/blog\/wp-json\/wp\/v2\/media\/6684"}],"wp:attachment":[{"href":"https:\/\/neness.pl\/blog\/wp-json\/wp\/v2\/media?parent=6683"}],"wp:term":[{"taxonomy":"category","embeddable":true,"href":"https:\/\/neness.pl\/blog\/wp-json\/wp\/v2\/categories?post=6683"},{"taxonomy":"post_tag","embeddable":true,"href":"https:\/\/neness.pl\/blog\/wp-json\/wp\/v2\/tags?post=6683"}],"curies":[{"name":"wp","href":"https:\/\/api.w.org\/{rel}","templated":true}]}}