{"id":6673,"date":"2020-03-31T10:08:18","date_gmt":"2020-03-31T08:08:18","guid":{"rendered":"http:\/\/ranking-kosmetykow.pl\/?p=6673"},"modified":"2020-03-31T10:08:18","modified_gmt":"2020-03-31T08:08:18","slug":"fryzury-na-slub-wlosy-krotkie","status":"publish","type":"post","link":"https:\/\/neness.pl\/blog\/fryzury-na-slub-wlosy-krotkie\/","title":{"rendered":"Fryzury na \u015blub \u2013 w\u0142osy kr\u00f3tkie"},"content":{"rendered":"<p><span style=\"font-weight: 400;\">W tym wpisie znajdziesz zestawienie kr\u00f3tkich fryzur \u015blubnych, kt\u00f3re ciesz\u0105 si\u0119 ogromn\u0105 popularno\u015bci\u0105 ju\u017c od kilku sezon\u00f3w. Dowiesz si\u0119 r\u00f3wnie\u017c, dlaczego ozdoby do w\u0142os\u00f3w to must have ka\u017cdej przysz\u0142ej panny m\u0142odej. Poznasz te\u017c najlepsze produkty do piel\u0119gnacji w\u0142os\u00f3w suchych i wymagaj\u0105cych regeneracji.\u00a0<\/span><\/p>\n<h3><strong>Romantyczne upi\u0119cia, delikatne fale czy mega obj\u0119to\u015b\u0107?<\/strong><\/h3>\n<p><span style=\"font-weight: 400;\">Kr\u00f3tkie w\u0142osy oferuj\u0105 szereg mo\u017cliwo\u015bci stylizacyjnych. Aby wywo\u0142a\u0107 spektakularny efekt podczas uroczysto\u015bci weselnej, nie musisz zatem korzysta\u0107 z zabiegu przed\u0142u\u017cania. Wystarczy, \u017ce w odpowiedni spos\u00f3b<strong> zadbasz o w\u0142osy<\/strong> oraz znajdziesz godnego zaufania <strong>fryzjera<\/strong> b\u0105d\u017a <strong>stylist\u0119<\/strong>.\u00a0<\/span><\/p>\n<p><span style=\"font-weight: 400;\">Do fryzur i upi\u0119\u0107 \u015blubnych polecanych paniom o kr\u00f3tkich w\u0142osach nale\u017c\u0105:<\/span><\/p>\n<ul>\n<li style=\"font-weight: 400;\"><span style=\"font-weight: 400;\">romantyczne upi\u0119cia<\/span><\/li>\n<li style=\"font-weight: 400;\"><span style=\"font-weight: 400;\">delikatne, naturalnie wygl\u0105daj\u0105ce fale\u00a0<\/span><\/li>\n<li style=\"font-weight: 400;\"><span style=\"font-weight: 400;\">lu\u017ane upi\u0119cia z pojedynczym warkoczem<\/span><\/li>\n<li style=\"font-weight: 400;\"><span style=\"font-weight: 400;\">w\u0142osy g\u0142adko zaczesane do ty\u0142u<\/span><\/li>\n<\/ul>\n<p><span style=\"font-weight: 400;\">Przysz\u0142ym pannom m\u0142odym, kt\u00f3rych w\u0142osy s\u0105 kr\u00f3tkie i cienkie, rekomenduje si\u0119 najcz\u0119\u015bciej upi\u0119cia oraz inne fryzury pozwalaj\u0105ce na stworzenie <strong>efektu mega obj\u0119to\u015bci<\/strong>. Za pomoc\u0105 kilku trik\u00f3w stosowanych przed do\u015bwiadczonego fryzjera nawet bardzo delikatne i cienkie w\u0142osy mog\u0105 sta\u0107 si\u0119 zmys\u0142owo <strong>uniesione<\/strong> i pi\u0119knie <strong>wymodelowane<\/strong>.\u00a0<\/span><\/p>\n<h3><strong>Ozdobne grzebyki, kolorowe wianki i wst\u0105\u017cki<\/strong><\/h3>\n<p><span style=\"font-weight: 400;\">Je\u015bli wkr\u00f3tce czeka Ci\u0119 wizyta u fryzjera, podczas kt\u00f3rej b\u0119dzie wykonywa\u0142 pr\u00f3bn\u0105 fryzur\u0119 \u015blubn\u0105, pomy\u015bl o zakupie kilku r\u00f3\u017cnych <strong>ozd\u00f3b do w\u0142os\u00f3w.<\/strong> Dzi\u0119ki temu podejmowanie ostatecznej decyzji b\u0119dzie znacznie \u0142atwiejsze. W tym sezonie niezwykle popularne s\u0105 <strong>grzebyki do w\u0142os\u00f3w<\/strong>, <strong>opaski<\/strong> oraz <strong>spinki<\/strong> ozdobione per\u0142ami. Taki akcent sprawdzi si\u0119 przede wszystkim w przypadku kreacji \u015blubnej inspirowanej ponadczasow\u0105 <strong>elegancj\u0105<\/strong> oraz stylistyk\u0105 <strong>glamour<\/strong>.\u00a0<\/span><\/p>\n<p><span style=\"font-weight: 400;\">Wymarzy\u0142a\u015b sobie wesele w stylu rustykalnym lub boho? Zamiast grzebyka do w\u0142os\u00f3w czy spinki z per\u0142ami mo\u017cesz zdecydowa\u0107 si\u0119 na <strong>wianek<\/strong> wykonany ze \u015bwie\u017cych kwiat\u00f3w b\u0105d\u017a k\u0142os\u00f3w zb\u00f3\u017c albo wst\u0105\u017ck\u0119 w odcieniu odpowiadaj\u0105cym przewodniej kolorystyce. Takie akcenty sprawi\u0105, \u017ce ka\u017cda fryzura zyska niesamowity charakter. Wianki oraz wst\u0105\u017cki doskonale komponuj\u0105 si\u0119 zar\u00f3wno z <strong>rozpuszczonymi w\u0142osami<\/strong>, jak i <strong>lu\u017anymi upi\u0119ciami.<\/strong>\u00a0\u00a0<\/span><\/p>\n<div id=\"attachment_6674\" style=\"width: 307px\" class=\"wp-caption aligncenter\"><a href=\"https:\/\/neness.pl\/pl\/p\/Anti-Frizz-Softening-Shampoo-szampon-do-wlosow-suchych-i-niesfornych-500ml\/10550\" target=\"_blank\" rel=\"noopener noreferrer\"><img loading=\"lazy\" decoding=\"async\" aria-describedby=\"caption-attachment-6674\" class=\"wp-image-6674\" src=\"http:\/\/ranking-kosmetykow.pl\/wp-content\/uploads\/2020\/03\/anti.jpg\" alt=\"\" width=\"297\" height=\"297\" srcset=\"https:\/\/neness.pl\/blog\/wp-content\/uploads\/2020\/03\/anti.jpg 700w, https:\/\/neness.pl\/blog\/wp-content\/uploads\/2020\/03\/anti-300x300.jpg 300w, https:\/\/neness.pl\/blog\/wp-content\/uploads\/2020\/03\/anti-150x150.jpg 150w, https:\/\/neness.pl\/blog\/wp-content\/uploads\/2020\/03\/anti-610x610.jpg 610w, https:\/\/neness.pl\/blog\/wp-content\/uploads\/2020\/03\/anti-440x440.jpg 440w\" sizes=\"auto, (max-width: 297px) 100vw, 297px\" \/><\/a><p id=\"caption-attachment-6674\" class=\"wp-caption-text\">Anti-Frizz Softening Shampoo szampon do w\u0142os\u00f3w suchych i niesfornych 500ml \/ 39,78 z\u0142<\/p><\/div>\n<h3><strong><br \/>\nPrawid\u0142owa piel\u0119gnacja \u2013 dlaczego jest tak wa\u017cna?\u00a0<\/strong><\/h3>\n<p><span style=\"font-weight: 400;\">Wspominali\u015bmy, \u017ce czas oczekiwania na najpi\u0119kniejszy dzie\u0144 w Twoim \u017cyciu powinna\u015b wykorzysta\u0107 na prawid\u0142ow\u0105 <strong>piel\u0119gnacj\u0119 w\u0142os\u00f3w.<\/strong> Je\u015bli do tej pory regularnie troszczy\u0142a\u015b si\u0119 o optymaln\u0105 kondycj\u0119 pasm i sk\u00f3ry g\u0142owy, wystarczy, \u017ce b\u0119dziesz nadal przestrzega\u0107 ustalonych zasad. Co mo\u017cesz jednak zrobi\u0107 w przypadku, gdy wygl\u0105d i kondycja w\u0142os\u00f3w pozostawiaj\u0105 wiele do \u017cyczenia?<\/span><\/p>\n<p><span style=\"font-weight: 400;\">Je\u015bli ko\u0144c\u00f3wki w\u0142os\u00f3w s\u0105 rozdwojone, powinna\u015b je <strong>podci\u0105\u0107<\/strong>, cho\u0107 o kilka centymetr\u00f3w. Dzi\u0119ki temu pozb\u0119dziesz si\u0119 zniszcze\u0144, a walka o zdrowe i l\u015bni\u0105ce w\u0142osy b\u0119dzie znacznie \u0142atwiejsza. Po podci\u0119ciu stosuj <strong>kosmetyki<\/strong>, kt\u00f3re ujarzmi\u0105 niesforne pasma oraz poprawi\u0105 ich <strong>kondycj\u0119<\/strong>. Do w\u0142os\u00f3w suchych i niesfornych polecamy m.in. szampon <strong>Anti-Frizz Softening Shampoo<\/strong> marki Every Green. Doskona\u0142ym uzupe\u0142nieniem piel\u0119gnacji b\u0119dzie tak\u017ce od\u017cywka z olejem ze s\u0142odkich migda\u0142\u00f3w \u2013 <strong>Nacomi Almond Oil Conditioner.<\/p>\n<p><\/strong><\/span><\/p>\n<div id=\"attachment_6675\" style=\"width: 355px\" class=\"wp-caption aligncenter\"><a href=\"https:\/\/neness.pl\/pl\/p\/Almond-Oil-Conditioner-odzywka-do-wlosow-z-olejem-ze-slodkich-migdalow-150ml\/9703\" target=\"_blank\" rel=\"noopener noreferrer\"><img loading=\"lazy\" decoding=\"async\" aria-describedby=\"caption-attachment-6675\" class=\"wp-image-6675\" src=\"http:\/\/ranking-kosmetykow.pl\/wp-content\/uploads\/2020\/03\/almond.jpg\" alt=\"\" width=\"345\" height=\"345\" srcset=\"https:\/\/neness.pl\/blog\/wp-content\/uploads\/2020\/03\/almond.jpg 800w, https:\/\/neness.pl\/blog\/wp-content\/uploads\/2020\/03\/almond-300x300.jpg 300w, https:\/\/neness.pl\/blog\/wp-content\/uploads\/2020\/03\/almond-150x150.jpg 150w, https:\/\/neness.pl\/blog\/wp-content\/uploads\/2020\/03\/almond-768x768.jpg 768w, https:\/\/neness.pl\/blog\/wp-content\/uploads\/2020\/03\/almond-610x610.jpg 610w, https:\/\/neness.pl\/blog\/wp-content\/uploads\/2020\/03\/almond-440x440.jpg 440w\" sizes=\"auto, (max-width: 345px) 100vw, 345px\" \/><\/a><p id=\"caption-attachment-6675\" class=\"wp-caption-text\">Almond Oil Conditioner od\u017cywka do w\u0142os\u00f3w z olejem ze s\u0142odkich migda\u0142\u00f3w 150ml \/ 17,59 z\u0142<\/p><\/div>\n","protected":false},"excerpt":{"rendered":"<p>W tym wpisie znajdziesz zestawienie kr\u00f3tkich fryzur \u015blubnych, kt\u00f3re ciesz\u0105 si\u0119 ogromn\u0105 popularno\u015bci\u0105 ju\u017c od kilku sezon\u00f3w. Dowiesz si\u0119 r\u00f3wnie\u017c, dlaczego ozdoby do w\u0142os\u00f3w to must have ka\u017cdej przysz\u0142ej panny m\u0142odej. Poznasz te\u017c najlepsze produkty do piel\u0119gnacji w\u0142os\u00f3w suchych i wymagaj\u0105cych regeneracji.\u00a0 Romantyczne upi\u0119cia, delikatne fale czy mega obj\u0119to\u015b\u0107? Kr\u00f3tkie w\u0142osy oferuj\u0105 szereg mo\u017cliwo\u015bci stylizacyjnych. [&hellip;]<\/p>\n","protected":false},"author":2,"featured_media":6676,"comment_status":"open","ping_status":"open","sticky":false,"template":"","format":"standard","meta":{"_et_pb_use_builder":"","_et_pb_old_content":"","_et_gb_content_width":"","footnotes":""},"categories":[48],"tags":[],"class_list":["post-6673","post","type-post","status-publish","format-standard","has-post-thumbnail","hentry","category-wlosy-idealne","et-has-post-format-content","et_post_format-et-post-format-standard"],"_links":{"self":[{"href":"https:\/\/neness.pl\/blog\/wp-json\/wp\/v2\/posts\/6673","targetHints":{"allow":["GET"]}}],"collection":[{"href":"https:\/\/neness.pl\/blog\/wp-json\/wp\/v2\/posts"}],"about":[{"href":"https:\/\/neness.pl\/blog\/wp-json\/wp\/v2\/types\/post"}],"author":[{"embeddable":true,"href":"https:\/\/neness.pl\/blog\/wp-json\/wp\/v2\/users\/2"}],"replies":[{"embeddable":true,"href":"https:\/\/neness.pl\/blog\/wp-json\/wp\/v2\/comments?post=6673"}],"version-history":[{"count":0,"href":"https:\/\/neness.pl\/blog\/wp-json\/wp\/v2\/posts\/6673\/revisions"}],"wp:featuredmedia":[{"embeddable":true,"href":"https:\/\/neness.pl\/blog\/wp-json\/wp\/v2\/media\/6676"}],"wp:attachment":[{"href":"https:\/\/neness.pl\/blog\/wp-json\/wp\/v2\/media?parent=6673"}],"wp:term":[{"taxonomy":"category","embeddable":true,"href":"https:\/\/neness.pl\/blog\/wp-json\/wp\/v2\/categories?post=6673"},{"taxonomy":"post_tag","embeddable":true,"href":"https:\/\/neness.pl\/blog\/wp-json\/wp\/v2\/tags?post=6673"}],"curies":[{"name":"wp","href":"https:\/\/api.w.org\/{rel}","templated":true}]}}