{"id":6662,"date":"2020-03-27T12:00:49","date_gmt":"2020-03-27T11:00:49","guid":{"rendered":"http:\/\/ranking-kosmetykow.pl\/?p=6662"},"modified":"2020-03-27T12:00:49","modified_gmt":"2020-03-27T11:00:49","slug":"samodzielne-farbowanie-wlosow-co-trzeba-wiedziec","status":"publish","type":"post","link":"https:\/\/neness.pl\/blog\/samodzielne-farbowanie-wlosow-co-trzeba-wiedziec\/","title":{"rendered":"Samodzielne farbowanie w\u0142os\u00f3w \u2013 co trzeba wiedzie\u0107?"},"content":{"rendered":"<p><span style=\"font-weight: 400;\">Od czego zale\u017cy powodzenie przedsi\u0119wzi\u0119cia, jakim jest samodzielne farbowanie w\u0142os\u00f3w? Do osi\u0105gni\u0119cia satysfakcjonuj\u0105cych rezultat\u00f3w potrzebujesz: odpowiedniej farby i dobrego przygotowania. O tym, jakie produkty do koloryzacji warto wybra\u0107 i jak krok po kroku przeprowadzi\u0107 ten zabieg w domowym zaciszu, przeczytasz w poni\u017cszym wpisie.\u00a0<\/span><\/p>\n<h3><strong>Produkty do domowej koloryzacji w\u0142os\u00f3w \u2013 jakie wybra\u0107?\u00a0<\/strong><\/h3>\n<p><span style=\"font-weight: 400;\">Przejd\u017amy do wyboru idealnego produktu do domowej koloryzacji. Na rynku znajdziesz ich tak wiele, \u017ce podj\u0119cie samodzielnej decyzji mo\u017ce by\u0107 naprawd\u0119 trudne. Aby u\u0142atwi\u0107 Ci to zadanie, polecamy Ci\u00a0 produkty, kt\u00f3re gwarantuj\u0105 w pe\u0142ni satysfakcjonuj\u0105ce rezultaty, zapewniaj\u0105 doskona\u0142e krycie siwych w\u0142os\u00f3w, a ich aplikacja jest niezwykle \u0142atwa. Mowa o serii <strong>farb w \u017celu<\/strong> #Pure Color marki Schwarzkopf.\u00a0<\/span><\/p>\n<p><span style=\"font-weight: 400;\">Rekomendowane farby trwale koloryzuj\u0105ce o \u017celowej formule dost\u0119pne s\u0105 w wielu odcieniach. Je\u015bli chcesz pod\u0105\u017ca\u0107 za obowi\u0105zuj\u0105cymi trendami, na tegoroczny sezon wiosna\/lato 2020 wybierz farb\u0119 <strong>#Pure Color w odcieniu 7.0 Blond Nude<\/strong> lub <strong>7.57 S\u0142odkie Toffee.<\/strong> Dzi\u0119ki \u017celowej formule z kaktusem i aloesem po koloryzacji w\u0142osy pozostaj\u0105 idealne <strong>nawil\u017cone<\/strong> i pe\u0142ne <strong>zdrowego blasku.\u00a0<\/strong><\/span><\/p>\n<div id=\"attachment_6664\" style=\"width: 294px\" class=\"wp-caption aligncenter\"><a href=\"https:\/\/neness.pl\/pl\/p\/Pure-Color-farba-do-wlosow-w-zelu-trwale-koloryzujaca-7.0-Blond-Nude\/7316\" target=\"_blank\" rel=\"noopener noreferrer\"><img loading=\"lazy\" decoding=\"async\" aria-describedby=\"caption-attachment-6664\" class=\"wp-image-6664\" src=\"http:\/\/ranking-kosmetykow.pl\/wp-content\/uploads\/2020\/03\/nude.jpg\" alt=\"\" width=\"284\" height=\"284\" srcset=\"https:\/\/neness.pl\/blog\/wp-content\/uploads\/2020\/03\/nude.jpg 500w, https:\/\/neness.pl\/blog\/wp-content\/uploads\/2020\/03\/nude-300x300.jpg 300w, https:\/\/neness.pl\/blog\/wp-content\/uploads\/2020\/03\/nude-150x150.jpg 150w, https:\/\/neness.pl\/blog\/wp-content\/uploads\/2020\/03\/nude-440x440.jpg 440w\" sizes=\"auto, (max-width: 284px) 100vw, 284px\" \/><\/a><p id=\"caption-attachment-6664\" class=\"wp-caption-text\">#Pure Color farba do w\u0142os\u00f3w w \u017celu trwale koloryzuj\u0105ca 7.0 Blond Nude \/ 22,21 z\u0142<\/p><\/div>\n<h3><strong><br \/>\nPr\u00f3ba uczuleniowa i przygotowanie stanowiska pracy\u00a0<\/strong><\/h3>\n<p><span style=\"font-weight: 400;\">Wybra\u0142a\u015b ju\u017c farb\u0119 w idealnym odcieniu? Zanim rozpoczniesz domow\u0105 koloryzacj\u0119 z wykorzystaniem zam\u00f3wionego produktu, 2 dni wcze\u015bniej wykonaj <strong>pr\u00f3b\u0119 uczuleniow\u0105.<\/strong> Jak j\u0105 przeprowadzi\u0107? Wystarczy, \u017ce na\u0142o\u017cysz niewielk\u0105 ilo\u015b\u0107 farby na sk\u00f3r\u0119 na zgi\u0119ciu \u0142okcia i po kilku minutach zmyjesz wod\u0105. Je\u015bli po up\u0142ywie <strong>48 godzin<\/strong> nie zauwa\u017cysz \u017cadnej reakcji alergicznej, oznacza to, \u017ce produkt jest dla Ciebie odpowiedni.<\/span><\/p>\n<p><span style=\"font-weight: 400;\">Przed przyst\u0105pieniem do farbowania w\u0142os\u00f3w za\u0142\u00f3\u017c <strong>r\u0119kawiczki ochronne<\/strong>, zabezpiecz bluzk\u0119 <strong>foliow\u0105 pelerynk\u0105<\/strong>, a na sk\u00f3r\u0119 przy linii w\u0142os\u00f3w na\u0142\u00f3\u017c niewielk\u0105 ilo\u015b\u0107<strong> kremu nawil\u017caj\u0105cego.<\/strong> Zr\u00f3b przedzia\u0142ek na \u015brodku g\u0142owy, dok\u0142adnie rozczesz w\u0142osy i podziel pasma na kilka sekcji. Ka\u017cd\u0105 z nich podepnij spink\u0105. Nast\u0119pnie zapoznaj si\u0119 z <strong>instrukcj\u0105<\/strong> do\u0142\u0105czon\u0105 przez producenta i wymieszaj produkty zgodnie z zaleceniami.<\/span><\/p>\n<div id=\"attachment_6665\" style=\"width: 296px\" class=\"wp-caption aligncenter\"><a href=\"https:\/\/neness.pl\/pl\/p\/Pure-Color-farba-do-wlosow-w-zelu-trwale-koloryzujaca-7.57-Slodkie-Toffee\/7323\"><img loading=\"lazy\" decoding=\"async\" aria-describedby=\"caption-attachment-6665\" class=\" wp-image-6665\" src=\"http:\/\/ranking-kosmetykow.pl\/wp-content\/uploads\/2020\/03\/tofi.jpg\" alt=\"\" width=\"286\" height=\"286\" srcset=\"https:\/\/neness.pl\/blog\/wp-content\/uploads\/2020\/03\/tofi.jpg 500w, https:\/\/neness.pl\/blog\/wp-content\/uploads\/2020\/03\/tofi-300x300.jpg 300w, https:\/\/neness.pl\/blog\/wp-content\/uploads\/2020\/03\/tofi-150x150.jpg 150w, https:\/\/neness.pl\/blog\/wp-content\/uploads\/2020\/03\/tofi-440x440.jpg 440w\" sizes=\"auto, (max-width: 286px) 100vw, 286px\" \/><\/a><p id=\"caption-attachment-6665\" class=\"wp-caption-text\">#Pure Color farba do w\u0142os\u00f3w w \u017celu trwale koloryzuj\u0105ca 7.57 S\u0142odkie Toffee \/ 22,21 z\u0142<\/p><\/div>\n<h3><strong><br \/>\nDomowa koloryzacja w kilku prostych krokach<\/strong><\/h3>\n<p><span style=\"font-weight: 400;\">Rozpocznij nak\u0142adanie farby wed\u0142ug poni\u017cszych wskaz\u00f3wek:\u00a0<\/span><\/p>\n<ol>\n<li style=\"font-weight: 400;\"><span style=\"font-weight: 400;\">Wymieszan\u0105 farb\u0119 rozprowad\u017a na odrostach i linii w\u0142os\u00f3w (wok\u00f3\u0142 karku, uszu, twarzy).\u00a0<\/span><\/li>\n<li style=\"font-weight: 400;\"><span style=\"font-weight: 400;\">Je\u015bli farbujesz siwe w\u0142osy, zacznij od tych partii, kt\u00f3re najbardziej rzucaj\u0105 si\u0119 w oczy.\u00a0<\/span><\/li>\n<li style=\"font-weight: 400;\"><span style=\"font-weight: 400;\">Pozostaw mieszank\u0119 na odrostach na oko\u0142o 20 minut (sprawd\u017a w instrukcji). Kontroluj przebieg koloryzacji.\u00a0<\/span><\/li>\n<li style=\"font-weight: 400;\"><span style=\"font-weight: 400;\">Rozprowad\u017a farb\u0119 na pozosta\u0142ych pasmach i pozostaw na oko\u0142o 10 minut (sprawd\u017a w instrukcji).\u00a0<\/span><\/li>\n<li style=\"font-weight: 400;\"><span style=\"font-weight: 400;\">W przypadku, gdy farbujesz w\u0142osy po raz pierwszy, rozprowad\u017a mieszank\u0119 na odrostach i ko\u0144cach (bez wydzielania etap\u00f3w) i pozostaw na oko\u0142o p\u00f3\u0142 godziny (sprawd\u017a w instrukcji).<\/span><\/li>\n<li style=\"font-weight: 400;\"><span style=\"font-weight: 400;\">Po up\u0142ywie wymaganego czasu zwil\u017c w\u0142osy ciep\u0142\u0105 wod\u0105, wykonaj kr\u00f3tki masa\u017c (tak, aby powsta\u0142a piana) i dok\u0142adnie wyp\u0142ucz w\u0142osy. Mo\u017cesz zako\u0144czy\u0107 ten etap dopiero wtedy, gdy sp\u0142ywaj\u0105ca woda b\u0119dzie zupe\u0142nie czysta.<\/span><\/li>\n<li style=\"font-weight: 400;\"><span style=\"font-weight: 400;\">Umyj w\u0142osy szamponem albo zaaplikuj od\u017cywk\u0119 do\u0142\u0105czon\u0105 do opakowania. Wysusz naturalnie lub za pomoc\u0105 suszarki.\u00a0<\/span><\/li>\n<\/ol>\n","protected":false},"excerpt":{"rendered":"<p>Od czego zale\u017cy powodzenie przedsi\u0119wzi\u0119cia, jakim jest samodzielne farbowanie w\u0142os\u00f3w? Do osi\u0105gni\u0119cia satysfakcjonuj\u0105cych rezultat\u00f3w potrzebujesz: odpowiedniej farby i dobrego przygotowania. O tym, jakie produkty do koloryzacji warto wybra\u0107 i jak krok po kroku przeprowadzi\u0107 ten zabieg w domowym zaciszu, przeczytasz w poni\u017cszym wpisie.\u00a0 Produkty do domowej koloryzacji w\u0142os\u00f3w \u2013 jakie wybra\u0107?\u00a0 Przejd\u017amy do wyboru idealnego [&hellip;]<\/p>\n","protected":false},"author":2,"featured_media":6663,"comment_status":"open","ping_status":"open","sticky":false,"template":"","format":"standard","meta":{"_et_pb_use_builder":"","_et_pb_old_content":"","_et_gb_content_width":"","footnotes":""},"categories":[48],"tags":[],"class_list":["post-6662","post","type-post","status-publish","format-standard","has-post-thumbnail","hentry","category-wlosy-idealne","et-has-post-format-content","et_post_format-et-post-format-standard"],"_links":{"self":[{"href":"https:\/\/neness.pl\/blog\/wp-json\/wp\/v2\/posts\/6662","targetHints":{"allow":["GET"]}}],"collection":[{"href":"https:\/\/neness.pl\/blog\/wp-json\/wp\/v2\/posts"}],"about":[{"href":"https:\/\/neness.pl\/blog\/wp-json\/wp\/v2\/types\/post"}],"author":[{"embeddable":true,"href":"https:\/\/neness.pl\/blog\/wp-json\/wp\/v2\/users\/2"}],"replies":[{"embeddable":true,"href":"https:\/\/neness.pl\/blog\/wp-json\/wp\/v2\/comments?post=6662"}],"version-history":[{"count":0,"href":"https:\/\/neness.pl\/blog\/wp-json\/wp\/v2\/posts\/6662\/revisions"}],"wp:featuredmedia":[{"embeddable":true,"href":"https:\/\/neness.pl\/blog\/wp-json\/wp\/v2\/media\/6663"}],"wp:attachment":[{"href":"https:\/\/neness.pl\/blog\/wp-json\/wp\/v2\/media?parent=6662"}],"wp:term":[{"taxonomy":"category","embeddable":true,"href":"https:\/\/neness.pl\/blog\/wp-json\/wp\/v2\/categories?post=6662"},{"taxonomy":"post_tag","embeddable":true,"href":"https:\/\/neness.pl\/blog\/wp-json\/wp\/v2\/tags?post=6662"}],"curies":[{"name":"wp","href":"https:\/\/api.w.org\/{rel}","templated":true}]}}