{"id":6634,"date":"2020-03-18T15:23:31","date_gmt":"2020-03-18T14:23:31","guid":{"rendered":"http:\/\/ranking-kosmetykow.pl\/?p=6634"},"modified":"2020-03-18T15:23:31","modified_gmt":"2020-03-18T14:23:31","slug":"podklady-do-cery-tradzikowej","status":"publish","type":"post","link":"https:\/\/neness.pl\/blog\/podklady-do-cery-tradzikowej\/","title":{"rendered":"Podk\u0142ady do cery tr\u0105dzikowej"},"content":{"rendered":"<p><span style=\"font-weight: 400;\">G\u0142adka, nieskazitelna i pe\u0142na blasku cera to marzenie nastolatek oraz doros\u0142ych kobiet borykaj\u0105cych si\u0119 z problemem tr\u0105dziku. Aby doda\u0107 sobie pewno\u015bci i poczu\u0107 si\u0119 lepiej, wiele pa\u0144 nie wychodzi z domu bez na\u0142o\u017cenia na twarz podk\u0142adu. Kt\u00f3re z tych produkt\u00f3w s\u0105 jednak bezpieczne dla cery tr\u0105dzikowej? Odpowied\u017a znajdziesz poni\u017cej.\u00a0<\/span><\/p>\n<h3><strong>Tr\u0105dzik \u2013 kr\u00f3tka charakterystyka\u00a0<\/strong><\/h3>\n<p><span style=\"font-weight: 400;\">Mimo \u017ce pozbawiona jakichkolwiek niedoskona\u0142o\u015bci cera jest marzeniem kobiet w ka\u017cdym wieku, coraz trudniej spotka\u0107 osoby, kt\u00f3rych sk\u00f3r\u0119 mo\u017cna by\u0142oby opisa\u0107 w\u0142a\u015bnie w taki spos\u00f3b. Jednym z najcz\u0119\u015bciej wyst\u0119puj\u0105cych problem\u00f3w zwi\u0105zanych z cer\u0105 jest <strong>tr\u0105dzik pospolity.<\/strong> Uwzgl\u0119dniaj\u0105c nasilenie oraz charakter morfologiczny zmian mo\u017cna wyr\u00f3\u017cni\u0107 nast\u0119puj\u0105ce <strong>odmiany kliniczne:<\/strong>\u00a0<\/span><\/p>\n<ul>\n<li style=\"font-weight: 400;\"><span style=\"font-weight: 400;\">tr\u0105dzik zask\u00f3rnikowy\u00a0<\/span><\/li>\n<li style=\"font-weight: 400;\"><span style=\"font-weight: 400;\">tr\u0105dzik grudkowo-krostkowy\u00a0<\/span><\/li>\n<li style=\"font-weight: 400;\"><span style=\"font-weight: 400;\">tr\u0105dzik ropowiczy\u00a0<\/span><\/li>\n<li style=\"font-weight: 400;\"><span style=\"font-weight: 400;\">tr\u0105dzik bliznowcowy\u00a0<\/span><\/li>\n<li style=\"font-weight: 400;\"><span style=\"font-weight: 400;\">tr\u0105dzik o ostrym przebiegu z objawami og\u00f3lnymi\u00a0<\/span><\/li>\n<\/ul>\n<p><span style=\"font-weight: 400;\"><br \/>\nPod poj\u0119ciem tr\u0105dziku kryje si\u0119 wi\u0119c szeroki zakres<strong> zmian sk\u00f3rnych,<\/strong> kt\u00f3re maj\u0105 <strong>r\u00f3\u017cny charakter<\/strong> oraz <strong>przebieg<\/strong>. Aby leczenie by\u0142o skuteczne, nale\u017cy dostosowa\u0107 je do <strong>postaci tr\u0105dziku<\/strong> oraz <strong>stopnia nasilenia<\/strong> zmian tr\u0105dzikowych. W walce pomocne mo\u017ce okaza\u0107 si\u0119 zar\u00f3wno leczenie miejscowe, jak i og\u00f3lne.\u00a0<\/span><\/p>\n<h3><strong>Jakie podk\u0142ady do twarzy wybra\u0107?\u00a0<\/strong><\/h3>\n<p><span style=\"font-weight: 400;\">Elementami wspieraj\u0105cymi proces leczniczy s\u0105 tak\u017ce odpowiednie <strong>kosmetyki piel\u0119gnacyjne<\/strong> i przeznaczone do wykonywania <strong>makija\u017cu<\/strong>. Aby zatuszowa\u0107 niedoskona\u0142o\u015bci i zadba\u0107 o kondycj\u0119 sk\u00f3ry, warto stosowa\u0107 takie produkty, kt\u00f3re zosta\u0142y opracowane specjalnie dla cer tr\u0105dzikowych i t\u0142ustych oraz zawieraj\u0105 sk\u0142adniki o dzia\u0142aniu:\u00a0<\/span><\/p>\n<ul>\n<li style=\"font-weight: 400;\"><span style=\"font-weight: 400;\">przeciwzapalanym<\/span><\/li>\n<li style=\"font-weight: 400;\"><span style=\"font-weight: 400;\">przeciwbakteryjnym<\/span><\/li>\n<li style=\"font-weight: 400;\"><span style=\"font-weight: 400;\">\u015bci\u0105gaj\u0105cym<\/span><\/li>\n<li style=\"font-weight: 400;\"><span style=\"font-weight: 400;\">matuj\u0105cym<\/span><\/li>\n<li style=\"font-weight: 400;\"><span style=\"font-weight: 400;\">\u0142agodz\u0105cym<\/span><\/li>\n<li style=\"font-weight: 400;\"><span style=\"font-weight: 400;\">nawil\u017caj\u0105cym\u00a0<\/span><\/li>\n<\/ul>\n<p><span style=\"font-weight: 400;\"><br \/>\n\u017beby u\u0142atwi\u0107 Ci poszukiwanie produkt\u00f3w o po\u017c\u0105danych w\u0142a\u015bciwo\u015bciach, przygotowali\u015bmy dla Ciebie ma\u0142e zestawienie. Zapoznaj si\u0119 z naszymi propozycjami i wybierz wariant idealny dla siebie.\u00a0<\/span><\/p>\n<h4><strong>#1 Podk\u0142ad ColorStay z kompleksem SoftFlex do cery mieszanej i t\u0142ustej\u00a0<\/strong><\/h4>\n<p><span style=\"font-weight: 400;\">Bezt\u0142uszczowy podk\u0142ad <strong>ColorStay<\/strong> marki <strong>Revlon<\/strong> w odcieniu 150 Buff zapewnia doskona\u0142e krycie oraz estetyczne, matowe wyko\u0144czenie. Chroni sk\u00f3r\u0119 przed negatywnym dzia\u0142aniem promieniowania s\u0142onecznego (SPF 15). Z kolei dzi\u0119ki zawarto\u015bci <strong>witamin A i E<\/strong> przywraca cerze jedwabist\u0105 g\u0142adko\u015b\u0107 i promienny wygl\u0105d. Opakowanie zosta\u0142o wzbogacone o pompk\u0119 u\u0142atwiaj\u0105c\u0105 aplikacj\u0119.\u00a0<\/span><\/p>\n<div id=\"attachment_6636\" style=\"width: 278px\" class=\"wp-caption aligncenter\"><a href=\"https:\/\/neness.pl\/pl\/p\/ColorStay-podklad-z-pompka-do-cery-mieszanej-i-tlustej-z-kompleksem-SoftFlex-150-Buff-30ml\/19682\" target=\"_blank\" rel=\"noopener noreferrer\"><img loading=\"lazy\" decoding=\"async\" aria-describedby=\"caption-attachment-6636\" class=\"wp-image-6636\" src=\"http:\/\/ranking-kosmetykow.pl\/wp-content\/uploads\/2020\/03\/colorstay.jpg\" alt=\"\" width=\"268\" height=\"268\" srcset=\"https:\/\/neness.pl\/blog\/wp-content\/uploads\/2020\/03\/colorstay.jpg 440w, https:\/\/neness.pl\/blog\/wp-content\/uploads\/2020\/03\/colorstay-300x300.jpg 300w, https:\/\/neness.pl\/blog\/wp-content\/uploads\/2020\/03\/colorstay-150x150.jpg 150w\" sizes=\"auto, (max-width: 268px) 100vw, 268px\" \/><\/a><p id=\"caption-attachment-6636\" class=\"wp-caption-text\">ColorStay podk\u0142ad z pompk\u0105 do cery mieszanej i t\u0142ustej z kompleksem SoftFlex 150 Buff 30ml \/ 25,57 z\u0142<\/p><\/div>\n<h4><strong>#2 Matuj\u0105cy podk\u0142ad do twarzy 18H Matt Control Foundation<\/strong><\/h4>\n<p><span style=\"font-weight: 400;\">Kolejna propozycja pochodzi bezpo\u015brednio od czeskiej marki <strong>Dermacol<\/strong>, kt\u00f3ra mo\u017ce pochwali\u0107 si\u0119 ponad 50-letnim do\u015bwiadczeniem w produkcji podk\u0142ad\u00f3w kryj\u0105cych. Wybieraj\u0105c podk\u0142ad <strong>18H Control Foundation<\/strong> w odcieniu 03 przeznaczony dla cery t\u0142ustej i mieszanej, mo\u017cesz wi\u0119c skutecznie zatuszowa\u0107 niedoskona\u0142o\u015bci oraz rozszerzone pory, a jednocze\u015bnie zadba\u0107 o zdrowy wygl\u0105d cery.\u00a0<\/span><\/p>\n<div id=\"attachment_6637\" style=\"width: 258px\" class=\"wp-caption aligncenter\"><a href=\"https:\/\/neness.pl\/pl\/p\/18H-Matt-Control-Foundation-matujacy-podklad-do-twarzy-03-30ml\/16550\" target=\"_blank\" rel=\"noopener noreferrer\"><img loading=\"lazy\" decoding=\"async\" aria-describedby=\"caption-attachment-6637\" class=\"wp-image-6637\" src=\"http:\/\/ranking-kosmetykow.pl\/wp-content\/uploads\/2020\/03\/matt.jpg\" alt=\"\" width=\"248\" height=\"356\" srcset=\"https:\/\/neness.pl\/blog\/wp-content\/uploads\/2020\/03\/matt.jpg 534w, https:\/\/neness.pl\/blog\/wp-content\/uploads\/2020\/03\/matt-209x300.jpg 209w\" sizes=\"auto, (max-width: 248px) 100vw, 248px\" \/><\/a><p id=\"caption-attachment-6637\" class=\"wp-caption-text\">18H Matt Control Foundation matuj\u0105cy podk\u0142ad do twarzy 03 30ml \/ 31,26 z\u0142<\/p><\/div>\n<h4><strong>#3 BB Magic Beauty Cream 8 in 1\u00a0<\/strong><\/h4>\n<p><span style=\"font-weight: 400;\">Mamy dla Ciebie jeszcze jedn\u0105 propozycj\u0119 marki <strong>Dermacol<\/strong>. Tym razem polecamy jednak wyb\u00f3r wielofunkcyjnego kosmetyku<strong> BB Magic Beauty Cream 8 in 1<\/strong> w odcieniu Fair. Rekomendowany produkt dzia\u0142a jak silnie <strong>nawil\u017caj\u0105cy<\/strong> <strong>krem<\/strong> oraz profesjonalny podk\u0142ad. Dzi\u0119ki temu kompleksowo troszczy si\u0119 o kondycj\u0119 cery oraz gwarantuje idealne krycie.\u00a0<\/span><\/p>\n<div id=\"attachment_6638\" style=\"width: 289px\" class=\"wp-caption aligncenter\"><a href=\"https:\/\/neness.pl\/dermacol-bb-magic-beauty-cream-8in1-fair\" target=\"_blank\" rel=\"noopener noreferrer\"><img loading=\"lazy\" decoding=\"async\" aria-describedby=\"caption-attachment-6638\" class=\"wp-image-6638\" src=\"http:\/\/ranking-kosmetykow.pl\/wp-content\/uploads\/2020\/03\/magic.jpg\" alt=\"\" width=\"279\" height=\"372\" srcset=\"https:\/\/neness.pl\/blog\/wp-content\/uploads\/2020\/03\/magic.jpg 750w, https:\/\/neness.pl\/blog\/wp-content\/uploads\/2020\/03\/magic-225x300.jpg 225w, https:\/\/neness.pl\/blog\/wp-content\/uploads\/2020\/03\/magic-610x813.jpg 610w\" sizes=\"auto, (max-width: 279px) 100vw, 279px\" \/><\/a><p id=\"caption-attachment-6638\" class=\"wp-caption-text\">Dermacol BB Magic Beauty Cream 8in1 Fair \/ 11,00 z\u0142<\/p><\/div>\n<h4><strong>#4 Podk\u0142ad FaceFinity\u00a0<\/strong><\/h4>\n<p><span style=\"font-weight: 400;\">Jaki jeszcze podk\u0142ad b\u0119dzie idealnym rozwi\u0105zaniem na co dzie\u0144 dla pa\u0144, kt\u00f3rych cera jest t\u0142usta, tr\u0105dzikowa czy problematyczna? Niezawodnym sposobem na uzyskanie idealnego,<strong> matowego wyko\u0144czenia<\/strong> bez zapychania por\u00f3w oraz obci\u0105\u017cania cery jest podk\u0142ad <strong>FaceFinity marki Max Factor.<\/strong> Perfekcyjnie maskuje wszelkie niedoskona\u0142o\u015bci, w tym przebarwienia i blizny, a jego aplikacja jest niezwykle \u0142atwa i przyjemna.<\/span><\/p>\n<div id=\"attachment_6639\" style=\"width: 350px\" class=\"wp-caption aligncenter\"><a href=\"https:\/\/neness.pl\/max-factor-podklad-facefinity\" target=\"_blank\" rel=\"noopener noreferrer\"><img loading=\"lazy\" decoding=\"async\" aria-describedby=\"caption-attachment-6639\" class=\"wp-image-6639\" src=\"http:\/\/ranking-kosmetykow.pl\/wp-content\/uploads\/2020\/03\/factor.jpg\" alt=\"\" width=\"340\" height=\"453\" srcset=\"https:\/\/neness.pl\/blog\/wp-content\/uploads\/2020\/03\/factor.jpg 750w, https:\/\/neness.pl\/blog\/wp-content\/uploads\/2020\/03\/factor-225x300.jpg 225w, https:\/\/neness.pl\/blog\/wp-content\/uploads\/2020\/03\/factor-610x813.jpg 610w\" sizes=\"auto, (max-width: 340px) 100vw, 340px\" \/><\/a><p id=\"caption-attachment-6639\" class=\"wp-caption-text\">Max Factor Podk\u0142ad FaceFinity \/ 13,95 z\u0142<\/p><\/div>\n","protected":false},"excerpt":{"rendered":"<p>G\u0142adka, nieskazitelna i pe\u0142na blasku cera to marzenie nastolatek oraz doros\u0142ych kobiet borykaj\u0105cych si\u0119 z problemem tr\u0105dziku. Aby doda\u0107 sobie pewno\u015bci i poczu\u0107 si\u0119 lepiej, wiele pa\u0144 nie wychodzi z domu bez na\u0142o\u017cenia na twarz podk\u0142adu. Kt\u00f3re z tych produkt\u00f3w s\u0105 jednak bezpieczne dla cery tr\u0105dzikowej? Odpowied\u017a znajdziesz poni\u017cej.\u00a0 Tr\u0105dzik \u2013 kr\u00f3tka charakterystyka\u00a0 Mimo \u017ce [&hellip;]<\/p>\n","protected":false},"author":2,"featured_media":6635,"comment_status":"open","ping_status":"open","sticky":false,"template":"","format":"standard","meta":{"_et_pb_use_builder":"","_et_pb_old_content":"","_et_gb_content_width":"","footnotes":""},"categories":[41],"tags":[],"class_list":["post-6634","post","type-post","status-publish","format-standard","has-post-thumbnail","hentry","category-olsniewaj-makijazem","et-has-post-format-content","et_post_format-et-post-format-standard"],"_links":{"self":[{"href":"https:\/\/neness.pl\/blog\/wp-json\/wp\/v2\/posts\/6634","targetHints":{"allow":["GET"]}}],"collection":[{"href":"https:\/\/neness.pl\/blog\/wp-json\/wp\/v2\/posts"}],"about":[{"href":"https:\/\/neness.pl\/blog\/wp-json\/wp\/v2\/types\/post"}],"author":[{"embeddable":true,"href":"https:\/\/neness.pl\/blog\/wp-json\/wp\/v2\/users\/2"}],"replies":[{"embeddable":true,"href":"https:\/\/neness.pl\/blog\/wp-json\/wp\/v2\/comments?post=6634"}],"version-history":[{"count":0,"href":"https:\/\/neness.pl\/blog\/wp-json\/wp\/v2\/posts\/6634\/revisions"}],"wp:featuredmedia":[{"embeddable":true,"href":"https:\/\/neness.pl\/blog\/wp-json\/wp\/v2\/media\/6635"}],"wp:attachment":[{"href":"https:\/\/neness.pl\/blog\/wp-json\/wp\/v2\/media?parent=6634"}],"wp:term":[{"taxonomy":"category","embeddable":true,"href":"https:\/\/neness.pl\/blog\/wp-json\/wp\/v2\/categories?post=6634"},{"taxonomy":"post_tag","embeddable":true,"href":"https:\/\/neness.pl\/blog\/wp-json\/wp\/v2\/tags?post=6634"}],"curies":[{"name":"wp","href":"https:\/\/api.w.org\/{rel}","templated":true}]}}