{"id":6607,"date":"2020-03-13T11:04:20","date_gmt":"2020-03-13T10:04:20","guid":{"rendered":"http:\/\/ranking-kosmetykow.pl\/?p=6607"},"modified":"2020-03-13T11:04:20","modified_gmt":"2020-03-13T10:04:20","slug":"dlaczego-filtr-uv-jest-potrzebny-nie-tylko-latem","status":"publish","type":"post","link":"https:\/\/neness.pl\/blog\/dlaczego-filtr-uv-jest-potrzebny-nie-tylko-latem\/","title":{"rendered":"Dlaczego filtr UV jest potrzebny nie tylko latem?"},"content":{"rendered":"<p><span style=\"font-weight: 400;\">Preparaty kosmetyczne zawieraj\u0105ce tzw. filtry UV s\u0105 niekwestionowanymi hitami sprzeda\u017cowymi w sezonie wakacyjnym. Co zyskasz, je\u015bli b\u0119dziesz stosowa\u0107 tego typu produkty tak\u017ce podczas pozosta\u0142ych p\u00f3r roku?\u00a0<\/span><\/p>\n<h3><strong>Wp\u0142yw promieniowania UV na sk\u00f3r\u0119 (nie tylko latem)\u00a0<\/strong><\/h3>\n<p><span style=\"font-weight: 400;\">Promieniowanie ultrafioletowe przez ca\u0142y rok wp\u0142ywa na <strong>wygl\u0105d<\/strong> i <strong>kondycj\u0119 sk\u00f3ry.<\/strong> W wyniku nadmiernej ekspozycji na promieniowanie UV wywo\u0142ywane s\u0105 takie reakcje, jak <strong>zaczerwienienie<\/strong> sk\u00f3ry oraz powstawanie opalenizny, a w odleg\u0142ej perspektywie \u2013 tzw. <strong>fotostarzenie<\/strong> czy rozw\u00f3j proces\u00f3w nowotworowych. W jaki spos\u00f3b mo\u017cna ograniczy\u0107 ryzyko wyst\u0105pienia tego typu niebezpiecze\u0144stw?<\/span><\/p>\n<h3><strong>Filtry UV stosowane w kosmetykach fotoprotekcyjnych<\/strong><\/h3>\n<p><span style=\"font-weight: 400;\">Jednym ze sposob\u00f3w na ochron\u0119 sk\u00f3ry przed negatywnym oddzia\u0142ywaniem promieniowania ultrafioletowego jest stosowanie preparat\u00f3w kosmetycznych, w kt\u00f3rych sk\u0142adzie znajduj\u0105 si\u0119 tzw.<strong> filtry UV<\/strong>. Ze wzgl\u0119du na spos\u00f3b dzia\u0142ania mo\u017cna podzieli\u0107 je na 2 kategorie:<\/span><\/p>\n<ul>\n<li style=\"font-weight: 400;\"><span style=\"font-weight: 400;\">filtry fizyczne, nazywane r\u00f3wnie\u017c filtrami mineralnymi (odbijaj\u0105 lub rozpraszaj\u0105 promienie s\u0142oneczne)<\/span><\/li>\n<li style=\"font-weight: 400;\"><span style=\"font-weight: 400;\">filtry chemiczne (absorbuj\u0105 promienie s\u0142oneczne)<\/span><\/li>\n<\/ul>\n<h3><strong>Dodatkowe sk\u0142adniki \u2013 w jaki spos\u00f3b dzia\u0142aj\u0105?<\/strong><\/h3>\n<p><span style=\"font-weight: 400;\">W sk\u0142adzie kosmetyk\u00f3w fotoprotekcyjnych znale\u017a\u0107 mo\u017cna tak\u017ce<strong> sk\u0142adniki naturalne<\/strong>, w tym wt\u00f3rne substancje promieniochronne (przeciwutleniacze). Sk\u0142adniki <strong>pochodzenia ro\u015blinnego<\/strong> s\u0105 coraz cz\u0119\u015bciej stosowane w produktach przeznaczonych do <strong>codziennej piel\u0119gnacji.<\/strong> Dzi\u0119ki zawarto\u015bci zwi\u0105zk\u00f3w aktywnych w pozytywny spos\u00f3b wp\u0142ywaj\u0105 na sk\u00f3r\u0119, poprawiaj\u0105c jej kondycj\u0119 oraz spowalniaj\u0105c procesy zwi\u0105zane z fotostarzeniem.<\/span><\/p>\n<p><span style=\"font-weight: 400;\">Warto pami\u0119ta\u0107, \u017ce ilo\u015b\u0107 przeciwutleniaczy zawartych w produktach ochrony przeciws\u0142onecznej nie wystarczy, aby skutecznie zabezpieczy\u0107 si\u0119 przed nadmiern\u0105 ekspozycj\u0105 na promieniowanie UV. Dlatego tak wa\u017cne jest przestrzeganie zdrowej, zbilansowanej <strong>diety<\/strong> i regularne dostarczanie organizmowi dodatkowej porcji <strong>antyoksydant\u00f3w<\/strong> (np. za pomoc\u0105 posi\u0142k\u00f3w bogatych w \u015bwie\u017ce warzywa i owoce).\u00a0<\/span><\/p>\n<h3><strong>Kosmetyki do codziennej piel\u0119gnacji<\/strong><\/h3>\n<p><span style=\"font-weight: 400;\">Tzw.<strong> filtry UV<\/strong> s\u0105 stosowane nie tylko w produktach do opalania. Jak wspominali\u015bmy wcze\u015bniej \u2013 coraz cz\u0119\u015bciej stanowi\u0105 elementy receptury kosmetyk\u00f3w przeznaczonych na co dzie\u0144 (takich jak <strong>kremy<\/strong>, <strong>podk\u0142ady<\/strong> czy <strong>bazy<\/strong> pod makija\u017c). Aplikuj\u0105c je zgodnie z zaleceniami producenta, mo\u017cna skutecznie ochroni\u0107 sk\u00f3r\u0119 przed niepo\u017c\u0105danymi skutkami nadmiernego promieniowania s\u0142onecznego oraz zadba\u0107 o jej promienny, zdrowy wygl\u0105d.<\/span><\/p>\n<ul>\n<li style=\"font-weight: 400;\"><span style=\"font-weight: 400;\"><span style=\"font-weight: 400;\">Doskona\u0142ym przyk\u0142adem tego typu produktu jest <strong>baza pod makija\u017c<\/strong> do wszystkich typ\u00f3w cery <strong>Professionals BB Cream &amp; Primer SPF20<\/strong> w odcieniu 001 Nude. Chroni przed promieniowaniem UV, a dodatkowo \u2013 nawil\u017ca, roz\u015bwietla i wyr\u00f3wnuje koloryt sk\u00f3ry oraz przed\u0142u\u017ca trwa\u0142o\u015b\u0107 makija\u017cu.\n<p><\/span><\/span><\/p>\n<div id=\"attachment_6609\" style=\"width: 123px\" class=\"wp-caption aligncenter\"><img loading=\"lazy\" decoding=\"async\" aria-describedby=\"caption-attachment-6609\" class=\"wp-image-6609\" src=\"http:\/\/ranking-kosmetykow.pl\/wp-content\/uploads\/2020\/03\/42911_0_K-335x1024.jpg\" alt=\"\" width=\"113\" height=\"345\" srcset=\"https:\/\/neness.pl\/blog\/wp-content\/uploads\/2020\/03\/42911_0_K-335x1024.jpg 335w, https:\/\/neness.pl\/blog\/wp-content\/uploads\/2020\/03\/42911_0_K-98x300.jpg 98w, https:\/\/neness.pl\/blog\/wp-content\/uploads\/2020\/03\/42911_0_K-503x1536.jpg 503w, https:\/\/neness.pl\/blog\/wp-content\/uploads\/2020\/03\/42911_0_K-610x1863.jpg 610w, https:\/\/neness.pl\/blog\/wp-content\/uploads\/2020\/03\/42911_0_K.jpg 670w\" sizes=\"auto, (max-width: 113px) 100vw, 113px\" \/><p id=\"caption-attachment-6609\" class=\"wp-caption-text\">Professionals BB Cream &amp; Primer SPF20 baza &#8211; wszystkie typy cery\u00a0\/ 73,11 z\u0142<\/p><\/div>\n<p>&nbsp;<\/li>\n<li style=\"font-weight: 400;\"><span style=\"font-weight: 400;\"><span style=\"font-weight: 400;\">Kolejnym wartym uwagi kosmetykiem jest d\u0142ugotrwa\u0142y <strong>podk\u0142ad nawil\u017caj\u0105cy Radiant Lift Foundation 50 Natural SPF30 30ml<\/strong> od marki Max Factor, kt\u00f3ry zabezpiecza i od\u017cywia sk\u00f3r\u0119 oraz eliminuje drobne niedoskona\u0142o\u015bci.\n<p><\/span><\/span><\/p>\n<p><div id=\"attachment_6610\" style=\"width: 316px\" class=\"wp-caption aligncenter\"><a href=\"https:\/\/neness.pl\/pl\/p\/Radiant-Lift-Foundation-dlugotrwaly-podklad-nawilzajaco-rozswietlajacy-50-Natural-SPF30-30ml\/7093\"><img loading=\"lazy\" decoding=\"async\" aria-describedby=\"caption-attachment-6610\" class=\" wp-image-6610\" src=\"http:\/\/ranking-kosmetykow.pl\/wp-content\/uploads\/2020\/03\/7661_0_K.jpg\" alt=\"\" width=\"306\" height=\"323\" srcset=\"https:\/\/neness.pl\/blog\/wp-content\/uploads\/2020\/03\/7661_0_K.jpg 742w, https:\/\/neness.pl\/blog\/wp-content\/uploads\/2020\/03\/7661_0_K-284x300.jpg 284w, https:\/\/neness.pl\/blog\/wp-content\/uploads\/2020\/03\/7661_0_K-610x644.jpg 610w\" sizes=\"auto, (max-width: 306px) 100vw, 306px\" \/><\/a><p id=\"caption-attachment-6610\" class=\"wp-caption-text\">Radiant Lift Foundation d\u0142ugotrwa\u0142y podk\u0142ad nawil\u017caj\u0105co-roz\u015bwietlaj\u0105cy 50 Natural SPF30 30ml\u00a0\/ 34,25 z\u0142<\/p><\/div><\/li>\n<\/ul>\n","protected":false},"excerpt":{"rendered":"<p>Preparaty kosmetyczne zawieraj\u0105ce tzw. filtry UV s\u0105 niekwestionowanymi hitami sprzeda\u017cowymi w sezonie wakacyjnym. Co zyskasz, je\u015bli b\u0119dziesz stosowa\u0107 tego typu produkty tak\u017ce podczas pozosta\u0142ych p\u00f3r roku?\u00a0 Wp\u0142yw promieniowania UV na sk\u00f3r\u0119 (nie tylko latem)\u00a0 Promieniowanie ultrafioletowe przez ca\u0142y rok wp\u0142ywa na wygl\u0105d i kondycj\u0119 sk\u00f3ry. W wyniku nadmiernej ekspozycji na promieniowanie UV wywo\u0142ywane s\u0105 takie [&hellip;]<\/p>\n","protected":false},"author":2,"featured_media":6608,"comment_status":"open","ping_status":"open","sticky":false,"template":"","format":"standard","meta":{"_et_pb_use_builder":"","_et_pb_old_content":"","_et_gb_content_width":"","footnotes":""},"categories":[185],"tags":[],"class_list":["post-6607","post","type-post","status-publish","format-standard","has-post-thumbnail","hentry","category-codzienna-pielegnacja","et-has-post-format-content","et_post_format-et-post-format-standard"],"_links":{"self":[{"href":"https:\/\/neness.pl\/blog\/wp-json\/wp\/v2\/posts\/6607","targetHints":{"allow":["GET"]}}],"collection":[{"href":"https:\/\/neness.pl\/blog\/wp-json\/wp\/v2\/posts"}],"about":[{"href":"https:\/\/neness.pl\/blog\/wp-json\/wp\/v2\/types\/post"}],"author":[{"embeddable":true,"href":"https:\/\/neness.pl\/blog\/wp-json\/wp\/v2\/users\/2"}],"replies":[{"embeddable":true,"href":"https:\/\/neness.pl\/blog\/wp-json\/wp\/v2\/comments?post=6607"}],"version-history":[{"count":0,"href":"https:\/\/neness.pl\/blog\/wp-json\/wp\/v2\/posts\/6607\/revisions"}],"wp:featuredmedia":[{"embeddable":true,"href":"https:\/\/neness.pl\/blog\/wp-json\/wp\/v2\/media\/6608"}],"wp:attachment":[{"href":"https:\/\/neness.pl\/blog\/wp-json\/wp\/v2\/media?parent=6607"}],"wp:term":[{"taxonomy":"category","embeddable":true,"href":"https:\/\/neness.pl\/blog\/wp-json\/wp\/v2\/categories?post=6607"},{"taxonomy":"post_tag","embeddable":true,"href":"https:\/\/neness.pl\/blog\/wp-json\/wp\/v2\/tags?post=6607"}],"curies":[{"name":"wp","href":"https:\/\/api.w.org\/{rel}","templated":true}]}}