{"id":6599,"date":"2020-03-11T12:43:41","date_gmt":"2020-03-11T11:43:41","guid":{"rendered":"http:\/\/ranking-kosmetykow.pl\/?p=6599"},"modified":"2020-03-11T12:43:41","modified_gmt":"2020-03-11T11:43:41","slug":"dlaczego-warto-stosowac-kosmetyki-z-aloesem","status":"publish","type":"post","link":"https:\/\/neness.pl\/blog\/dlaczego-warto-stosowac-kosmetyki-z-aloesem\/","title":{"rendered":"Dlaczego warto stosowa\u0107 kosmetyki z aloesem?"},"content":{"rendered":"<p><span style=\"font-weight: 400;\">Kosmetyki aloesowe ju\u017c jaki\u015b czas temu skrad\u0142y serca blogerek urodowych oraz mi\u0142o\u015bniczek naturalnej piel\u0119gnacji. Czy s\u0142usznie? Odpowied\u017a na to pytanie znajdziesz w kolejnych partiach tekstu.\u00a0<\/span><\/p>\n<h3><strong><br \/>\nW\u0142a\u015bciwo\u015bci i zastosowanie aloesu\u00a0<\/strong><\/h3>\n<p><span style=\"font-weight: 400;\">Aloes zwyczajny oraz aloes drzewiasty to gatunki, kt\u00f3rym przypisuje si\u0119 w\u0142a\u015bciwo\u015bci <strong>lecznicze<\/strong>. Nic zatem dziwnego, \u017ce znalaz\u0142y szerokie zastosowanie w <strong>dermatologii<\/strong> oraz <strong>kosmetyce<\/strong>. Dobroczynne dzia\u0142anie wymienionych ro\u015blin warunkuj\u0105 <strong>cenne zwi\u0105zki<\/strong> znajduj\u0105ce si\u0119 w ich li\u015bciach. S\u0105 to m.in. witaminy, sole mineralne oraz aminokwasy. Jak maksymalnie wykorzysta\u0107 potencja\u0142 tych sk\u0142adnik\u00f3w?<\/span><\/p>\n<p><span style=\"font-weight: 400;\">Je\u015bli na Twoim parapecie znajduje si\u0119 aloes zwyczajny, mo\u017cesz wycisn\u0105\u0107 z jego li\u015bci <strong>mi\u0105\u017csz<\/strong>. \u015awie\u017cy mi\u0105\u017csz sprawdzi si\u0119 jako dodatek do <strong>maseczek<\/strong> lub <strong>szampon\u00f3w<\/strong> do w\u0142os\u00f3w, baza pod krem czy <strong>od\u017cywka<\/strong> do paznokci. Nie masz r\u0119ki do kwiat\u00f3w? Szukasz wygodniejszego, profesjonalnego rozwi\u0105zania? Zakup gotowe <strong>kosmetyki aloesowe<\/strong>. Na rynku znajdziesz naprawd\u0119 szeroki wyb\u00f3r produkt\u00f3w, w tym m.in. serum i \u017cele myj\u0105ce do twarzy czy sztyfty do ust.<\/span><\/p>\n<h3><strong><br \/>\nPolecane kosmetyki aloesowe \u2013 tonik i maska do twarzy<\/strong><\/h3>\n<p><span style=\"font-weight: 400;\">Du\u017c\u0105 popularno\u015bci\u0105 ciesz\u0105 si\u0119 m.in. <strong>aloesowe toniki<\/strong> normalizuj\u0105ce do twarzy o w\u0142a\u015bciwo\u015bciach antybakteryjnych i \u0142agodz\u0105cych podra\u017cnienia. Dobrym przyk\u0142adem tego typu produktu jest Antibacterial &amp; Normalizing Face Tonic marki <strong>Bielenda<\/strong>. Wyr\u00f3\u017cniony kosmetyk oczyszcza, od\u015bwie\u017ca i nawil\u017ca sk\u00f3r\u0119 oraz pozostawia na niej przyjemny zapach. Zawiera tak\u017ce dodatkowe <strong>sk\u0142adniki aktywne<\/strong> \u2013 zielon\u0105 herbat\u0119 oraz koper morski.\u00a0<\/span><\/p>\n<div id=\"attachment_6601\" style=\"width: 259px\" class=\"wp-caption aligncenter\"><a href=\"https:\/\/neness.pl\/pl\/p\/Antibacterial-Normalizing-Face-Tonic-antybakteryjny-tonik-normalizujacy-do-twarzy-500ml\/20058\" target=\"_blank\" rel=\"noopener noreferrer\"><img loading=\"lazy\" decoding=\"async\" aria-describedby=\"caption-attachment-6601\" class=\"wp-image-6601\" src=\"http:\/\/ranking-kosmetykow.pl\/wp-content\/uploads\/2020\/03\/33392_0_K.jpg\" alt=\"\" width=\"249\" height=\"402\" srcset=\"https:\/\/neness.pl\/blog\/wp-content\/uploads\/2020\/03\/33392_0_K.jpg 608w, https:\/\/neness.pl\/blog\/wp-content\/uploads\/2020\/03\/33392_0_K-186x300.jpg 186w\" sizes=\"auto, (max-width: 249px) 100vw, 249px\" \/><\/a><p id=\"caption-attachment-6601\" class=\"wp-caption-text\">Antibacterial &amp; Normalizing Face Tonic antybakteryjny tonik normalizuj\u0105cy do twarzy 500ml \/ 39,50 z\u0142<\/p><\/div>\n<p>&nbsp;<\/p>\n<p><span style=\"font-weight: 400;\">Wartymi uwagi produktami s\u0105 r\u00f3wnie\u017c<strong> aloesowe maski do twarzy<\/strong>. Je\u015bli szukasz wysokiej jako\u015bci kosmetyku z tej kategorii, sprawd\u017a kolejn\u0105 propozycj\u0119 marki <strong>Bielenda<\/strong> \u2013 Aloe Face Algae Mask. Polecana aloesowa maska algowa wykazuje dzia\u0142anie wyg\u0142adzaj\u0105ce, roz\u015bwietlaj\u0105ce i nawil\u017caj\u0105ce. Zwi\u0119ksza elastyczno\u015b\u0107 sk\u00f3ry i \u0142agodzi stany zapalne. Mo\u017ce by\u0107 stosowana na wszystkich rodzajach cery.\u00a0<\/span><\/p>\n<div id=\"attachment_6602\" style=\"width: 252px\" class=\"wp-caption aligncenter\"><a href=\"https:\/\/neness.pl\/pl\/p\/Aloe-Face-Algae-Mask-aloesowa-maska-algowa-do-twarzy-sloik-190g\/35249\" target=\"_blank\" rel=\"noopener noreferrer\"><img loading=\"lazy\" decoding=\"async\" aria-describedby=\"caption-attachment-6602\" class=\"wp-image-6602\" src=\"http:\/\/ranking-kosmetykow.pl\/wp-content\/uploads\/2020\/03\/32818_0_K.png\" alt=\"\" width=\"242\" height=\"243\" srcset=\"https:\/\/neness.pl\/blog\/wp-content\/uploads\/2020\/03\/32818_0_K.png 502w, https:\/\/neness.pl\/blog\/wp-content\/uploads\/2020\/03\/32818_0_K-300x300.png 300w, https:\/\/neness.pl\/blog\/wp-content\/uploads\/2020\/03\/32818_0_K-150x150.png 150w, https:\/\/neness.pl\/blog\/wp-content\/uploads\/2020\/03\/32818_0_K-440x440.png 440w\" sizes=\"auto, (max-width: 242px) 100vw, 242px\" \/><\/a><p id=\"caption-attachment-6602\" class=\"wp-caption-text\">Aloe Face Algae Mask aloesowa maska algowa do twarzy s\u0142oik 190g \/ 44,29 z\u0142<\/p><\/div>\n<h3><strong>Co zyskasz, wybieraj\u0105c kosmetyki aloesowe?\u00a0<\/strong><\/h3>\n<p><span style=\"font-weight: 400;\">Jakie korzy\u015bci wynikaj\u0105 z <strong>regularnego<\/strong> i <strong>konsekwentnego<\/strong> stosowania produkt\u00f3w piel\u0119gnacyjnych zawieraj\u0105cych aloes? Dobrej jako\u015bci, profesjonalne kosmetyki aloesowe przeznaczone do piel\u0119gnacji twarzy pozwalaj\u0105 m.in. :<\/span><\/p>\n<ul>\n<li style=\"font-weight: 400;\"><span style=\"font-weight: 400;\">g\u0142\u0119boko nawil\u017cy\u0107 i od\u017cywi\u0107 cer\u0119<\/span><\/li>\n<li style=\"font-weight: 400;\"><span style=\"font-weight: 400;\">z\u0142agodzi\u0107 stany zapalne i podra\u017cnienia<\/span><\/li>\n<li style=\"font-weight: 400;\"><span style=\"font-weight: 400;\">przyspieszy\u0107 procesy regeneracyjne sk\u00f3ry<\/span><\/li>\n<li style=\"font-weight: 400;\"><span style=\"font-weight: 400;\">wyr\u00f3wna\u0107 koloryt cery i pozby\u0107 si\u0119 przebarwie\u0144<\/span><\/li>\n<\/ul>\n<p><span style=\"font-weight: 400;\">Co wi\u0119cej:<\/span><\/p>\n<ul>\n<li style=\"font-weight: 400;\"><span style=\"font-weight: 400;\">Za pomoc\u0105 kosmetyk\u00f3w aloesowych mo\u017cesz wzmocni\u0107, nawil\u017cy\u0107 i zmi\u0119kczy\u0107 w\u0142osy, a tak\u017ce poprawi\u0107 wygl\u0105d i kondycj\u0119 paznokci.\u00a0<\/span><\/li>\n<li style=\"font-weight: 400;\"><span style=\"font-weight: 400;\">Produkty z aloesem przynosz\u0105 ulg\u0119 po oparzeniach s\u0142onecznych.\u00a0<\/span><\/li>\n<li style=\"font-weight: 400;\"><span style=\"font-weight: 400;\">Pomagaj\u0105 szybciej pozby\u0107 si\u0119 uczucia pieczenia czy sw\u0119dzenia po goleniu.\u00a0<\/span><\/li>\n<\/ul>\n<p><span style=\"font-weight: 400;\">Pami\u0119taj, aby przed zakupem nowego produktu z aloesem zapozna\u0107 si\u0119 z informacjami do\u0142\u0105czonymi do opakowania przez producenta i upewni\u0107 si\u0119, \u017ce jest to<strong> idealny wariant<\/strong> w\u0142a\u015bnie dla Ciebie.\u00a0<\/span><\/p>\n","protected":false},"excerpt":{"rendered":"<p>Kosmetyki aloesowe ju\u017c jaki\u015b czas temu skrad\u0142y serca blogerek urodowych oraz mi\u0142o\u015bniczek naturalnej piel\u0119gnacji. Czy s\u0142usznie? Odpowied\u017a na to pytanie znajdziesz w kolejnych partiach tekstu.\u00a0 W\u0142a\u015bciwo\u015bci i zastosowanie aloesu\u00a0 Aloes zwyczajny oraz aloes drzewiasty to gatunki, kt\u00f3rym przypisuje si\u0119 w\u0142a\u015bciwo\u015bci lecznicze. Nic zatem dziwnego, \u017ce znalaz\u0142y szerokie zastosowanie w dermatologii oraz kosmetyce. Dobroczynne dzia\u0142anie wymienionych [&hellip;]<\/p>\n","protected":false},"author":2,"featured_media":6600,"comment_status":"open","ping_status":"open","sticky":false,"template":"","format":"standard","meta":{"_et_pb_use_builder":"","_et_pb_old_content":"","_et_gb_content_width":"","footnotes":""},"categories":[185],"tags":[],"class_list":["post-6599","post","type-post","status-publish","format-standard","has-post-thumbnail","hentry","category-codzienna-pielegnacja","et-has-post-format-content","et_post_format-et-post-format-standard"],"_links":{"self":[{"href":"https:\/\/neness.pl\/blog\/wp-json\/wp\/v2\/posts\/6599","targetHints":{"allow":["GET"]}}],"collection":[{"href":"https:\/\/neness.pl\/blog\/wp-json\/wp\/v2\/posts"}],"about":[{"href":"https:\/\/neness.pl\/blog\/wp-json\/wp\/v2\/types\/post"}],"author":[{"embeddable":true,"href":"https:\/\/neness.pl\/blog\/wp-json\/wp\/v2\/users\/2"}],"replies":[{"embeddable":true,"href":"https:\/\/neness.pl\/blog\/wp-json\/wp\/v2\/comments?post=6599"}],"version-history":[{"count":0,"href":"https:\/\/neness.pl\/blog\/wp-json\/wp\/v2\/posts\/6599\/revisions"}],"wp:featuredmedia":[{"embeddable":true,"href":"https:\/\/neness.pl\/blog\/wp-json\/wp\/v2\/media\/6600"}],"wp:attachment":[{"href":"https:\/\/neness.pl\/blog\/wp-json\/wp\/v2\/media?parent=6599"}],"wp:term":[{"taxonomy":"category","embeddable":true,"href":"https:\/\/neness.pl\/blog\/wp-json\/wp\/v2\/categories?post=6599"},{"taxonomy":"post_tag","embeddable":true,"href":"https:\/\/neness.pl\/blog\/wp-json\/wp\/v2\/tags?post=6599"}],"curies":[{"name":"wp","href":"https:\/\/api.w.org\/{rel}","templated":true}]}}