{"id":6544,"date":"2020-03-02T12:52:51","date_gmt":"2020-03-02T11:52:51","guid":{"rendered":"http:\/\/ranking-kosmetykow.pl\/?p=6544"},"modified":"2020-03-02T12:52:51","modified_gmt":"2020-03-02T11:52:51","slug":"co-mowi-o-nas-kolor-wlosow","status":"publish","type":"post","link":"https:\/\/neness.pl\/blog\/co-mowi-o-nas-kolor-wlosow\/","title":{"rendered":"Co m\u00f3wi o nas kolor w\u0142os\u00f3w?"},"content":{"rendered":"<p><span style=\"font-weight: 400;\">W staro\u017cytnej Grecji i Rzymie oraz w \u015bredniowiecznej Europie w\u0142osy stanowi\u0142y pewnego rodzaju narz\u0119dzie s\u0142u\u017c\u0105ce do odr\u00f3\u017cniania ludzi. Na podstawie ich koloru, g\u0119sto\u015bci czy skr\u0119tu tworzono przydomki, imiona i nazwiska. Wsp\u00f3\u0142cze\u015bnie ten mechanizm jest powielany w zmodyfikowanej formie. Sugeruj\u0105c si\u0119 odcieniem w\u0142os\u00f3w przypadkowo spotkanej osoby, mo\u017cna stworzy\u0107 pierwsze wyobra\u017cenia na jej temat oraz przyporz\u0105dkowa\u0107 okre\u015blone cechy charakteru. <\/span><\/p>\n<p><!--more--><\/p>\n<h3><strong>Kolor w\u0142os\u00f3w a ocena otoczenia\u00a0<\/strong><\/h3>\n<p><span style=\"font-weight: 400;\">Zastanawiasz si\u0119, dlaczego <strong>blondynki<\/strong> sta\u0142y si\u0119 bohaterkami wielu dowcip\u00f3w, a <strong>brunetki<\/strong> uwa\u017cane s\u0105 za bardziej inteligentne? Z jakiego powodu kobiety o rudych w\u0142osach uznawane s\u0105 za uparte i podst\u0119pne? Znalezienie odpowiedzi na te pytania jest zadaniem niezwykle trudnym i wymagaj\u0105cym. Stereotypy dotycz\u0105ce kolor\u00f3w w\u0142os\u00f3w wnikn\u0119\u0142y tak g\u0142\u0119boko w codzienne \u017cycie, \u017ce wiele os\u00f3b uznaje je za autentyczne \u017ar\u00f3d\u0142o wiedzy.<\/span><\/p>\n<p><span style=\"font-weight: 400;\">Kolor w\u0142os\u00f3w mo\u017ce wi\u0119c stanowi\u0107 <strong>przepustk\u0119<\/strong> do sukces\u00f3w prywatnych i zawodowych oraz podniesienia poczucia w\u0142asnej warto\u015bci. Z drugiej strony mo\u017ce powodowa\u0107 r\u00f3\u017cnego rodzaju <strong>kontrasty<\/strong>. Blondynki oceniane przez m\u0119\u017cczyzn jako <strong>bardziej atrakcyjne<\/strong> ni\u017c ciemnow\u0142ose \u0142atwiej zdobywaj\u0105 uwag\u0119 potencjalnych partner\u00f3w. Ci partnerzy na ca\u0142e \u017cycie wi\u0105\u017c\u0105 si\u0119 jednak z <strong>brunetkami<\/strong>, poniewa\u017c ich zdaniem s\u0105 mniej sk\u0142onne do zdrady ni\u017c kobiety o jasnych w\u0142osach.\u00a0<\/span><\/p>\n<p><span style=\"font-weight: 400;\">Kolejna sprzeczno\u015b\u0107? M\u0119\u017cczy\u017ani zainteresowani now\u0105 relacj\u0105 ch\u0119tnie umawiaj\u0105 si\u0119 tak\u017ce z kobietami o <strong>rudych w\u0142osach<\/strong>, przyporz\u0105dkowuj\u0105c im takie cechy charakteru, jak nami\u0119tno\u015b\u0107, uleg\u0142o\u015b\u0107 czy ognisty temperament. Gdy jednak pierwsza randka zako\u0144czy si\u0119 w inny spos\u00f3b, ni\u017c planowali, skupiaj\u0105 si\u0119 na przywarach cz\u0119sto kojarzonych z osobami rudow\u0142osymi. Mowa m.in. o sk\u0142onno\u015bci do k\u0142amstwa, nieszczero\u015bci czy ob\u0142udy.\u00a0<\/span><\/p>\n<h3><strong>Jak znale\u017a\u0107 najlepszy kolor?\u00a0<\/strong><\/h3>\n<p><span style=\"font-weight: 400;\">Kolor w\u0142os\u00f3w nie musi by\u0107 jednak rozpatrywany tylko w kontek\u015bcie spraw damsko-m\u0119skich czy sukces\u00f3w zawodowych. Mo\u017ce sta\u0107 si\u0119 r\u00f3wnie\u017c czynnikiem podkre\u015blaj\u0105cym <strong>indywidualny styl<\/strong> oraz <strong>oryginaln\u0105 osobowo\u015b\u0107.<\/strong> Osoby decyduj\u0105ce si\u0119 na odwa\u017cne odcienie zieleni, r\u00f3\u017cu czy niebieskiego, zwykle postrzegane s\u0105 jako pozytywnie nastawione do \u017cycia, odwa\u017cne oraz <strong>ciekawe \u015bwiata.\u00a0<\/strong><\/span><\/p>\n<p><span style=\"font-weight: 400;\">Je\u015bli chcesz zmieni\u0107 naturalny kolor w\u0142os\u00f3w i skorzysta\u0107 z zabiegu <strong>koloryzacji<\/strong>, wa\u017cne, \u017ceby\u015b wybra\u0142a taki wariant, kt\u00f3ry b\u0119dzie po prostu do Ciebie pasowa\u0142 oraz pi\u0119knie podkre\u015bla\u0142 Twoj\u0105 urod\u0119. W tym celu mo\u017cesz zainspirowa\u0107 si\u0119 <strong>trendami<\/strong>, skorzysta\u0107 z analizy kolorystycznej lub uda\u0107 si\u0119 do profesjonalnego salonu fryzjerskiego. Pami\u0119taj jednak o tym, aby wszystkie stereotypy zwi\u0105zane z kolorami w\u0142os\u00f3w traktowa\u0107 z przymru\u017ceniem oka.\u00a0<\/span><\/p>\n","protected":false},"excerpt":{"rendered":"<p>W staro\u017cytnej Grecji i Rzymie oraz w \u015bredniowiecznej Europie w\u0142osy stanowi\u0142y pewnego rodzaju narz\u0119dzie s\u0142u\u017c\u0105ce do odr\u00f3\u017cniania ludzi. Na podstawie ich koloru, g\u0119sto\u015bci czy skr\u0119tu tworzono przydomki, imiona i nazwiska. Wsp\u00f3\u0142cze\u015bnie ten mechanizm jest powielany w zmodyfikowanej formie. Sugeruj\u0105c si\u0119 odcieniem w\u0142os\u00f3w przypadkowo spotkanej osoby, mo\u017cna stworzy\u0107 pierwsze wyobra\u017cenia na jej temat oraz przyporz\u0105dkowa\u0107 okre\u015blone [&hellip;]<\/p>\n","protected":false},"author":2,"featured_media":6546,"comment_status":"open","ping_status":"open","sticky":false,"template":"","format":"standard","meta":{"_et_pb_use_builder":"","_et_pb_old_content":"","_et_gb_content_width":"","footnotes":""},"categories":[48],"tags":[],"class_list":["post-6544","post","type-post","status-publish","format-standard","has-post-thumbnail","hentry","category-wlosy-idealne","et-has-post-format-content","et_post_format-et-post-format-standard"],"_links":{"self":[{"href":"https:\/\/neness.pl\/blog\/wp-json\/wp\/v2\/posts\/6544","targetHints":{"allow":["GET"]}}],"collection":[{"href":"https:\/\/neness.pl\/blog\/wp-json\/wp\/v2\/posts"}],"about":[{"href":"https:\/\/neness.pl\/blog\/wp-json\/wp\/v2\/types\/post"}],"author":[{"embeddable":true,"href":"https:\/\/neness.pl\/blog\/wp-json\/wp\/v2\/users\/2"}],"replies":[{"embeddable":true,"href":"https:\/\/neness.pl\/blog\/wp-json\/wp\/v2\/comments?post=6544"}],"version-history":[{"count":0,"href":"https:\/\/neness.pl\/blog\/wp-json\/wp\/v2\/posts\/6544\/revisions"}],"wp:featuredmedia":[{"embeddable":true,"href":"https:\/\/neness.pl\/blog\/wp-json\/wp\/v2\/media\/6546"}],"wp:attachment":[{"href":"https:\/\/neness.pl\/blog\/wp-json\/wp\/v2\/media?parent=6544"}],"wp:term":[{"taxonomy":"category","embeddable":true,"href":"https:\/\/neness.pl\/blog\/wp-json\/wp\/v2\/categories?post=6544"},{"taxonomy":"post_tag","embeddable":true,"href":"https:\/\/neness.pl\/blog\/wp-json\/wp\/v2\/tags?post=6544"}],"curies":[{"name":"wp","href":"https:\/\/api.w.org\/{rel}","templated":true}]}}