{"id":6533,"date":"2020-02-26T14:11:15","date_gmt":"2020-02-26T13:11:15","guid":{"rendered":"http:\/\/ranking-kosmetykow.pl\/?p=6533"},"modified":"2020-02-26T14:11:15","modified_gmt":"2020-02-26T13:11:15","slug":"francuski-manicure-w-nowych-odslonach","status":"publish","type":"post","link":"https:\/\/neness.pl\/blog\/francuski-manicure-w-nowych-odslonach\/","title":{"rendered":"Francuski manicure w nowych ods\u0142onach"},"content":{"rendered":"<p>Francuski manicure kr\u00f3lowa\u0142 kilkana\u015bcie lat temu i wydawa\u0142o si\u0119, \u017ce bezpowrotnie odszed\u0142 do lamusa, tymczasem z hukiem wraca do \u0142ask! Tym razem decydujemy si\u0119 jednak na nieco inne jego warianty ni\u017c w przesz\u0142o\u015bci, uzyskuj\u0105c naprawd\u0119 <strong>oryginalne i efektowne rezultaty.<\/strong> Jakie s\u0105 nowe ods\u0142ony popularnego frencha?<!--more--><\/p>\n<h3>French na kolorowo<\/h3>\n<p>Pierwszy z wariant\u00f3w to francuski manicure w kolorowej ods\u0142onie. Polega on na tym, \u017ce powierzchni\u0119 paznokcia pokrywamy dowolnym kolorem &#8211; czasem nawet bardzo wyrazistym &#8211; a ko\u0144c\u00f3wk\u0119 malujemy <strong>2-3 tony ciemniejsz\u0105 barw\u0105<\/strong> lub<strong> kolorem ca\u0142kowicie kontrastuj\u0105cym<\/strong>. W ten spos\u00f3b osi\u0105gamy optymistyczny, ciekawy manicure, idealny na wiosn\u0119 czy lato.<\/p>\n<div id=\"attachment_6535\" style=\"width: 360px\" class=\"wp-caption aligncenter\"><a href=\"https:\/\/neness.pl\/pl\/p\/French-Liner-pisak-do-french-manicure-5ml\/20409\"><img loading=\"lazy\" decoding=\"async\" aria-describedby=\"caption-attachment-6535\" class=\"wp-image-6535\" src=\"http:\/\/ranking-kosmetykow.pl\/wp-content\/uploads\/2020\/02\/34487_0_K.jpg\" alt=\"\" width=\"350\" height=\"263\" srcset=\"https:\/\/neness.pl\/blog\/wp-content\/uploads\/2020\/02\/34487_0_K.jpg 632w, https:\/\/neness.pl\/blog\/wp-content\/uploads\/2020\/02\/34487_0_K-300x225.jpg 300w, https:\/\/neness.pl\/blog\/wp-content\/uploads\/2020\/02\/34487_0_K-510x382.jpg 510w, https:\/\/neness.pl\/blog\/wp-content\/uploads\/2020\/02\/34487_0_K-610x458.jpg 610w\" sizes=\"auto, (max-width: 350px) 100vw, 350px\" \/><\/a><p id=\"caption-attachment-6535\" class=\"wp-caption-text\">French Liner pisak do french manicure 5ml<\/p><\/div>\n<h3>French dip<\/h3>\n<p>Ta ods\u0142ona popularnego manicuru nie r\u00f3\u017cni si\u0119 a\u017c tak drastycznie od jego tradycyjnej wersji. G\u0142\u00f3wna r\u00f3\u017cnica polega na tym, \u017ce w tym wypadku bia\u0142a cz\u0119\u015b\u0107 paznokcia si\u0119ga du\u017co dalej &#8211; nie malujemy tylko samej ko\u0144c\u00f3wki, lecz <strong>cz\u0119\u015b\u0107 a\u017c do po\u0142owy p\u0142ytki.<\/strong> W ten spos\u00f3b uzyskujemy nieco od\u015bwie\u017cony french z zupe\u0142nie nowymi proporcjami. Taki manicure r\u00f3wnie\u017c mo\u017cemy wykona\u0107 w kolorze.<\/p>\n<h3>Double french<\/h3>\n<p>Double french to idealne rozwi\u0105zanie dla tych pa\u0144, kt\u00f3re lubi\u0105 minimalizm i subtelno\u015b\u0107. W tym wypadku malujemy bowiem na paznokciach <strong>dwie mo\u017cliwie cienkie kreseczki<\/strong> &#8211; jedn\u0105 na samym ko\u0144cu paznokcia, a drug\u0105 kilka milimetr\u00f3w dalej. Obie powinny by\u0107 nie proste, ale utworzone z delikatnym \u0142ukiem &#8211; jak przy klasycznym frenchu. Takie kreseczki mog\u0105 by\u0107 bia\u0142e, ale sprawdz\u0105 si\u0119 te\u017c takie w \u017cywszych kolorach lub nawet brokatowe. P\u0142ytk\u0119 paznokcia w takim wypadku najlepiej pokry\u0107 neutralnym kolorem lub bezbarwnym lakierem, by utrzyma\u0107 minimalistyczny efekt.<\/p>\n<div id=\"attachment_6536\" style=\"width: 360px\" class=\"wp-caption aligncenter\"><a href=\"https:\/\/neness.pl\/pl\/p\/Builder-Gel-zel-do-budowania-paznokci-zelowych-Pink-8ml\/8505\"><img loading=\"lazy\" decoding=\"async\" aria-describedby=\"caption-attachment-6536\" class=\"wp-image-6536\" src=\"http:\/\/ranking-kosmetykow.pl\/wp-content\/uploads\/2020\/02\/9839_0_K.jpg\" alt=\"\" width=\"350\" height=\"350\" srcset=\"https:\/\/neness.pl\/blog\/wp-content\/uploads\/2020\/02\/9839_0_K.jpg 996w, https:\/\/neness.pl\/blog\/wp-content\/uploads\/2020\/02\/9839_0_K-300x300.jpg 300w, https:\/\/neness.pl\/blog\/wp-content\/uploads\/2020\/02\/9839_0_K-150x150.jpg 150w, https:\/\/neness.pl\/blog\/wp-content\/uploads\/2020\/02\/9839_0_K-768x768.jpg 768w, https:\/\/neness.pl\/blog\/wp-content\/uploads\/2020\/02\/9839_0_K-610x610.jpg 610w, https:\/\/neness.pl\/blog\/wp-content\/uploads\/2020\/02\/9839_0_K-440x440.jpg 440w\" sizes=\"auto, (max-width: 350px) 100vw, 350px\" \/><\/a><p id=\"caption-attachment-6536\" class=\"wp-caption-text\">Builder Gel \u017cel do budowania paznokci \u017celowych Pink 8ml<\/p><\/div>\n<h3>Wavy french<\/h3>\n<p>Ciekaw\u0105 wersj\u0105 manicuru francuskiego jest te\u017c wavy french, czyli taka odmiana frencha, w kt\u00f3rej bia\u0142a ko\u0144c\u00f3wka nie jest zwyk\u0142\u0105 kresk\u0105, lecz ko\u0144czy si\u0119 <strong>urocz\u0105, dziewcz\u0119c\u0105 fal\u0105.<\/strong> Taki manicure mo\u017cna wykona\u0107 z kresk\u0105 na samej ko\u0144c\u00f3wce paznokcia, si\u0119gaj\u0105c\u0105 do po\u0142owy p\u0142ytki lub nieco asymetryczn\u0105 &#8211; wszystkie chwyty dozwolone! Na specjalne okazje mo\u017cna te\u017c pokusi\u0107 si\u0119 o dodatkow\u0105 cienk\u0105 kresk\u0119 z brokatu, by uwydatni\u0107 fal\u0119, lub postawi\u0107 na ko\u0144c\u00f3wk\u0119 w szalonym, neonowym kolorze.<\/p>\n","protected":false},"excerpt":{"rendered":"<p>Francuski manicure kr\u00f3lowa\u0142 kilkana\u015bcie lat temu i wydawa\u0142o si\u0119, \u017ce bezpowrotnie odszed\u0142 do lamusa, tymczasem z hukiem wraca do \u0142ask! Tym razem decydujemy si\u0119 jednak na nieco inne jego warianty ni\u017c w przesz\u0142o\u015bci, uzyskuj\u0105c naprawd\u0119 oryginalne i efektowne rezultaty. Jakie s\u0105 nowe ods\u0142ony popularnego frencha?<\/p>\n","protected":false},"author":2,"featured_media":6534,"comment_status":"open","ping_status":"open","sticky":false,"template":"","format":"standard","meta":{"_et_pb_use_builder":"","_et_pb_old_content":"","_et_gb_content_width":"","footnotes":""},"categories":[6],"tags":[],"class_list":["post-6533","post","type-post","status-publish","format-standard","has-post-thumbnail","hentry","category-trendy","et-has-post-format-content","et_post_format-et-post-format-standard"],"_links":{"self":[{"href":"https:\/\/neness.pl\/blog\/wp-json\/wp\/v2\/posts\/6533","targetHints":{"allow":["GET"]}}],"collection":[{"href":"https:\/\/neness.pl\/blog\/wp-json\/wp\/v2\/posts"}],"about":[{"href":"https:\/\/neness.pl\/blog\/wp-json\/wp\/v2\/types\/post"}],"author":[{"embeddable":true,"href":"https:\/\/neness.pl\/blog\/wp-json\/wp\/v2\/users\/2"}],"replies":[{"embeddable":true,"href":"https:\/\/neness.pl\/blog\/wp-json\/wp\/v2\/comments?post=6533"}],"version-history":[{"count":0,"href":"https:\/\/neness.pl\/blog\/wp-json\/wp\/v2\/posts\/6533\/revisions"}],"wp:featuredmedia":[{"embeddable":true,"href":"https:\/\/neness.pl\/blog\/wp-json\/wp\/v2\/media\/6534"}],"wp:attachment":[{"href":"https:\/\/neness.pl\/blog\/wp-json\/wp\/v2\/media?parent=6533"}],"wp:term":[{"taxonomy":"category","embeddable":true,"href":"https:\/\/neness.pl\/blog\/wp-json\/wp\/v2\/categories?post=6533"},{"taxonomy":"post_tag","embeddable":true,"href":"https:\/\/neness.pl\/blog\/wp-json\/wp\/v2\/tags?post=6533"}],"curies":[{"name":"wp","href":"https:\/\/api.w.org\/{rel}","templated":true}]}}