{"id":6514,"date":"2020-02-18T14:01:38","date_gmt":"2020-02-18T13:01:38","guid":{"rendered":"http:\/\/ranking-kosmetykow.pl\/?p=6514"},"modified":"2020-02-18T14:01:38","modified_gmt":"2020-02-18T13:01:38","slug":"najmodniejsze-kolory-wlosow-na-wiosne","status":"publish","type":"post","link":"https:\/\/neness.pl\/blog\/najmodniejsze-kolory-wlosow-na-wiosne\/","title":{"rendered":"Najmodniejsze kolory w\u0142os\u00f3w na wiosn\u0119"},"content":{"rendered":"<p>Wiosna nadchodzi wielkimi krokami, a wraz z ni\u0105 z pewno\u015bci\u0105 wiele z nas odczuje potrzeb\u0119 wprowadzenia <strong>zmian w wizerunku.<\/strong> A co mo\u017ce by\u0107 lepsz\u0105 i bardziej spektakularn\u0105 zmian\u0105 ni\u017c nowy, kolor w\u0142os\u00f3w, zgodny z najnowszymi trendami? Zobaczcie, jakie barwy b\u0119d\u0105 kr\u00f3lowa\u0142y w najbli\u017cszych miesi\u0105cach!<!--more--><\/p>\n<h3>Powr\u00f3t do naturalno\u015bci<\/h3>\n<p>Naturalno\u015b\u0107 by\u0142a ju\u017c na topie w przypadku makija\u017cu czy manicuru, a teraz wreszcie doczekali\u015bmy si\u0119 jej r\u00f3wnie\u017c w koloryzacji. Po latach r\u00f3\u017cnych wariacji baleja\u017cu i ombre pora na haust \u015bwie\u017cego powietrza w postaci w\u0142os\u00f3w o <strong>jednolitej, naturalnie wygl\u0105daj\u0105cej barwie.<\/strong> Hitem b\u0119d\u0105 w tym sezonie przede wszystkim ciep\u0142e odcienie blondu. Nadaj\u0105 one \u015bwie\u017co\u015bci cerze, a nam samym dostarczaj\u0105 subtelnego, dziewcz\u0119cego uroku. Warto tu zdecydowa\u0107 si\u0119 przede wszystkim na kolory<strong> z\u0142ociste, miodowe i s\u0142omkowe.<\/strong> To optymistyczne odm\u0142adzaj\u0105ce barwy w sam raz na tak\u0105 por\u0119 roku jak wiosna!<\/p>\n<div id=\"attachment_6516\" style=\"width: 360px\" class=\"wp-caption aligncenter\"><a href=\"https:\/\/neness.pl\/pl\/p\/Pure-Color-farba-do-wlosow-w-zelu-trwale-koloryzujaca-9.55-Golden-Sky\/7319\"><img loading=\"lazy\" decoding=\"async\" aria-describedby=\"caption-attachment-6516\" class=\"wp-image-6516\" src=\"http:\/\/ranking-kosmetykow.pl\/wp-content\/uploads\/2020\/02\/8007_0_K.jpg\" alt=\"\" width=\"350\" height=\"350\" srcset=\"https:\/\/neness.pl\/blog\/wp-content\/uploads\/2020\/02\/8007_0_K.jpg 500w, https:\/\/neness.pl\/blog\/wp-content\/uploads\/2020\/02\/8007_0_K-300x300.jpg 300w, https:\/\/neness.pl\/blog\/wp-content\/uploads\/2020\/02\/8007_0_K-150x150.jpg 150w, https:\/\/neness.pl\/blog\/wp-content\/uploads\/2020\/02\/8007_0_K-440x440.jpg 440w\" sizes=\"auto, (max-width: 350px) 100vw, 350px\" \/><\/a><p id=\"caption-attachment-6516\" class=\"wp-caption-text\">#Pure Color farba do w\u0142os\u00f3w w \u017celu trwale koloryzuj\u0105ca 9.55 Golden Sky<\/p><\/div>\n<h3>G\u0142\u0119boki, intensywny kolor<\/h3>\n<p>Je\u015bli nie czujemy si\u0119 w odcieniach blondu, mo\u017cemy zdecydowa\u0107 si\u0119 na jednolit\u0105, ale bardzo intensywn\u0105 barw\u0119. Modne b\u0119d\u0105 ogniste odcienie <strong>rudo\u015bci,<\/strong> ale te\u017c <strong>g\u0142\u0119bokie br\u0105zy<\/strong> czy nawet pomara\u0144czowy lub r\u00f3\u017cowy! W ko\u0144cu nie ka\u017cdemu do twarzy w subtelnych odcieniach! \ud83d\ude42 Je\u015bli jednak decydujemy si\u0119 na mniej naturalny odcie\u0144, warto r\u00f3wnie\u017c pokry\u0107 nim ca\u0142e w\u0142osy zamiast wy\u0142\u0105cznie ko\u0144c\u00f3wek, jak robi\u0142y\u015bmy to cz\u0119sto w ostatnich sezonach.<\/p>\n<h3>A mo\u017ce jednak pasemka?<\/h3>\n<p>Na panie, kt\u00f3re lepiej czuj\u0105 si\u0119 we fryzurze b\u0119d\u0105cej po\u0142\u0105czeniem<strong> kilku odcieni farby<\/strong>, czeka hit w postaci <strong>karmelowego blondu<\/strong>! Taki kolor uzyskujemy, decyduj\u0105c si\u0119 na pasma w trzech wymienionych wcze\u015bniej barwach &#8211; s\u0142omkowej, miodowej i z\u0142ocistej. Wa\u017cne jednak, by odcienie by\u0142y bardzo zbli\u017cone, aby ca\u0142o\u015b\u0107 tworzy\u0142a mo\u017cliwie naturalne i lekkie po\u0142\u0105czenie. Taka fryzura pozwala unikn\u0105\u0107 p\u0142askiego efektu i znakomicie roz\u015bwietla twarz, wi\u0119c jest doskona\u0142ym wyborem dla kobiet, kt\u00f3re mierz\u0105 si\u0119 z szar\u0105, zm\u0119czon\u0105 cer\u0105.<\/p>\n<div id=\"attachment_6517\" style=\"width: 360px\" class=\"wp-caption aligncenter\"><a href=\"https:\/\/neness.pl\/pl\/p\/Pure-Color-farba-do-wlosow-w-zelu-trwale-koloryzujaca-7.57-Slodkie-Toffee\/7323\"><img loading=\"lazy\" decoding=\"async\" aria-describedby=\"caption-attachment-6517\" class=\"wp-image-6517\" src=\"http:\/\/ranking-kosmetykow.pl\/wp-content\/uploads\/2020\/02\/8011_0_K.jpg\" alt=\"\" width=\"350\" height=\"350\" srcset=\"https:\/\/neness.pl\/blog\/wp-content\/uploads\/2020\/02\/8011_0_K.jpg 500w, https:\/\/neness.pl\/blog\/wp-content\/uploads\/2020\/02\/8011_0_K-300x300.jpg 300w, https:\/\/neness.pl\/blog\/wp-content\/uploads\/2020\/02\/8011_0_K-150x150.jpg 150w, https:\/\/neness.pl\/blog\/wp-content\/uploads\/2020\/02\/8011_0_K-440x440.jpg 440w\" sizes=\"auto, (max-width: 350px) 100vw, 350px\" \/><\/a><p id=\"caption-attachment-6517\" class=\"wp-caption-text\">#Pure Color farba do w\u0142os\u00f3w w \u017celu trwale koloryzuj\u0105ca 7.57 S\u0142odkie Toffee<\/p><\/div>\n<h3>Pi\u0119kne w\u0142osy to zdrowe w\u0142osy<\/h3>\n<p>\u017beby jednak farbowane w\u0142osy, zw\u0142aszcza te w jednolitym kolorze, prezentowa\u0142y si\u0119 efektownie, koniecznie musz\u0105 by\u0107 <strong>odpowiednio nawil\u017cone.<\/strong> Dlatego te\u017c opr\u00f3cz odpowiedniego dla nas odcienia musimy dobra\u0107 r\u00f3wnie\u017c w\u0142a\u015bciwe dla naszego rodzaju w\u0142os\u00f3w kosmetyki piel\u0119gnacyjne. Dzia\u0142anie nawil\u017caj\u0105ce maj\u0105 mi\u0119dzy innymi maski i od\u017cywki z dodatkiem <strong>awokado, aloesu<\/strong> czy <strong>ekstraktu z nasion lnu<\/strong>. Z takimi kosmetykami w\u0142osy szybko nabior\u0105 blasku!<\/p>\n<p>&nbsp;<\/p>\n","protected":false},"excerpt":{"rendered":"<p>Wiosna nadchodzi wielkimi krokami, a wraz z ni\u0105 z pewno\u015bci\u0105 wiele z nas odczuje potrzeb\u0119 wprowadzenia zmian w wizerunku. A co mo\u017ce by\u0107 lepsz\u0105 i bardziej spektakularn\u0105 zmian\u0105 ni\u017c nowy, kolor w\u0142os\u00f3w, zgodny z najnowszymi trendami? Zobaczcie, jakie barwy b\u0119d\u0105 kr\u00f3lowa\u0142y w najbli\u017cszych miesi\u0105cach!<\/p>\n","protected":false},"author":2,"featured_media":6515,"comment_status":"open","ping_status":"open","sticky":false,"template":"","format":"standard","meta":{"_et_pb_use_builder":"","_et_pb_old_content":"","_et_gb_content_width":"","footnotes":""},"categories":[6,48],"tags":[],"class_list":["post-6514","post","type-post","status-publish","format-standard","has-post-thumbnail","hentry","category-trendy","category-wlosy-idealne","et-has-post-format-content","et_post_format-et-post-format-standard"],"_links":{"self":[{"href":"https:\/\/neness.pl\/blog\/wp-json\/wp\/v2\/posts\/6514","targetHints":{"allow":["GET"]}}],"collection":[{"href":"https:\/\/neness.pl\/blog\/wp-json\/wp\/v2\/posts"}],"about":[{"href":"https:\/\/neness.pl\/blog\/wp-json\/wp\/v2\/types\/post"}],"author":[{"embeddable":true,"href":"https:\/\/neness.pl\/blog\/wp-json\/wp\/v2\/users\/2"}],"replies":[{"embeddable":true,"href":"https:\/\/neness.pl\/blog\/wp-json\/wp\/v2\/comments?post=6514"}],"version-history":[{"count":0,"href":"https:\/\/neness.pl\/blog\/wp-json\/wp\/v2\/posts\/6514\/revisions"}],"wp:featuredmedia":[{"embeddable":true,"href":"https:\/\/neness.pl\/blog\/wp-json\/wp\/v2\/media\/6515"}],"wp:attachment":[{"href":"https:\/\/neness.pl\/blog\/wp-json\/wp\/v2\/media?parent=6514"}],"wp:term":[{"taxonomy":"category","embeddable":true,"href":"https:\/\/neness.pl\/blog\/wp-json\/wp\/v2\/categories?post=6514"},{"taxonomy":"post_tag","embeddable":true,"href":"https:\/\/neness.pl\/blog\/wp-json\/wp\/v2\/tags?post=6514"}],"curies":[{"name":"wp","href":"https:\/\/api.w.org\/{rel}","templated":true}]}}