{"id":6487,"date":"2020-02-05T15:13:42","date_gmt":"2020-02-05T14:13:42","guid":{"rendered":"http:\/\/ranking-kosmetykow.pl\/?p=6487"},"modified":"2020-02-05T15:13:42","modified_gmt":"2020-02-05T14:13:42","slug":"piekne-perfumy-na-walentynki","status":"publish","type":"post","link":"https:\/\/neness.pl\/blog\/piekne-perfumy-na-walentynki\/","title":{"rendered":"Pi\u0119kne perfumy na Walentynki"},"content":{"rendered":"<p>Perfumy to pi\u0119kny, osobisty prezent, za kt\u00f3rego pomoc\u0105 mo\u017cemy pokaza\u0107, \u017ce dobrze znamy obdarowan\u0105 osob\u0119, wiemy, co lubi, i po\u015bwi\u0119cili\u015bmy czas na to, by znale\u017a\u0107 odpowiedni dla niej upominek. Wyb\u00f3r zapachu dla ukochanej osoby to kwestia <strong>bardzo indywidualna<\/strong>, dlatego nie ma uniwersalnej odpowiedzi na pytanie, jakie perfumy kupi\u0107 na Walentynki. Tutaj znajdziecie jednak kilka kompozycji w r\u00f3\u017cnych stylach, kt\u00f3re mog\u0105 spodoba\u0107 si\u0119 Waszym bliskim.<!--more--><\/p>\n<div id=\"attachment_6488\" style=\"width: 360px\" class=\"wp-caption aligncenter\"><a href=\"https:\/\/neness.pl\/57-the-rush-red\"><img loading=\"lazy\" decoding=\"async\" aria-describedby=\"caption-attachment-6488\" class=\"wp-image-6488\" src=\"http:\/\/ranking-kosmetykow.pl\/wp-content\/uploads\/2020\/02\/63fd662beb6e1215df02a458cb52ea50.jpg\" alt=\"\" width=\"350\" height=\"467\" srcset=\"https:\/\/neness.pl\/blog\/wp-content\/uploads\/2020\/02\/63fd662beb6e1215df02a458cb52ea50.jpg 750w, https:\/\/neness.pl\/blog\/wp-content\/uploads\/2020\/02\/63fd662beb6e1215df02a458cb52ea50-225x300.jpg 225w, https:\/\/neness.pl\/blog\/wp-content\/uploads\/2020\/02\/63fd662beb6e1215df02a458cb52ea50-610x813.jpg 610w\" sizes=\"auto, (max-width: 350px) 100vw, 350px\" \/><\/a><p id=\"caption-attachment-6488\" class=\"wp-caption-text\">The Rush Red<\/p><\/div>\n<h3>The Rush Red<\/h3>\n<p>Kompozycja The Rush Red to prawdziwe bogactwo <strong>wonnych, egzotycznych kwiat\u00f3w<\/strong>, kt\u00f3re przenios\u0105 nasze my\u015bli w stron\u0119 beztroskich wakacji w luksusowym kurorcie. Jest to zapach odrobin\u0119 orientalny, niezwykle tajemniczy, a przy tym nowoczesny. Pasuje do kobiet, kt\u00f3re<strong> uwielbiaj\u0105 buja\u0107 w ob\u0142okach, s\u0105 kreatywne i maj\u0105 bogat\u0105 wyobra\u017ani\u0119.<\/strong> Odnajdziemy w nich frezj\u0119 i gardeni\u0119, po\u0142\u0105czone z aromatem dojrzewaj\u0105cej w s\u0142o\u0144cu brzoskwini, kt\u00f3ra kusi s\u0142odycz\u0105 i obietnic\u0105 orze\u017awienia. Nast\u0119pnie na pierwszy plan wysuwaj\u0105 si\u0119 ja\u015bmin i r\u00f3\u017ca damasce\u0144ska doprawione odrobin\u0105 wanilii, co \u0142agodzi zmys\u0142y, relaksuje i zachwyca. W bazie kompozycji znajduj\u0105 si\u0119 wetiweria i paczula nadaj\u0105ce ca\u0142o\u015bci ciep\u0142a i oryginalno\u015bci.<\/p>\n<div id=\"attachment_6489\" style=\"width: 360px\" class=\"wp-caption aligncenter\"><a href=\"https:\/\/neness.pl\/pl\/p\/N132.-La-Peti-33-ml-zapach-damski\/54382\"><img loading=\"lazy\" decoding=\"async\" aria-describedby=\"caption-attachment-6489\" class=\"wp-image-6489\" src=\"http:\/\/ranking-kosmetykow.pl\/wp-content\/uploads\/2020\/02\/42d0fc18d91da90735506a14a4c02a45.jpg\" alt=\"\" width=\"350\" height=\"525\" srcset=\"https:\/\/neness.pl\/blog\/wp-content\/uploads\/2020\/02\/42d0fc18d91da90735506a14a4c02a45.jpg 540w, https:\/\/neness.pl\/blog\/wp-content\/uploads\/2020\/02\/42d0fc18d91da90735506a14a4c02a45-200x300.jpg 200w\" sizes=\"auto, (max-width: 350px) 100vw, 350px\" \/><\/a><p id=\"caption-attachment-6489\" class=\"wp-caption-text\">La Peti<\/p><\/div>\n<h3>La Peti<\/h3>\n<p>Zapach La Peti jest z kolei <strong>kwintesencj\u0105 kobieco\u015bci w zdecydowanie orientalnym wydaniu<\/strong>. Stworzony jest, by czarowa\u0107, uwodzi\u0107, rozpala\u0107 wyobra\u017ani\u0119 i zmys\u0142y, dlatego doskonale pasuje do pa\u0144 pewnych siebie, kt\u00f3re chc\u0105 zosta\u0107 zauwa\u017cone, wyr\u00f3\u017cni\u0107 si\u0119 z t\u0142umu i podkre\u015bli\u0107 wrodzony seksapil. Perfumy s\u0105 wyj\u0105tkowym <strong>po\u0142\u0105czeniem \u015bwie\u017cych i s\u0142odkich nut,<\/strong> kt\u00f3re stanowi\u0107 b\u0119d\u0105 idealn\u0105 wizyt\u00f3wk\u0119 zapachow\u0105. Na wst\u0119pie wita nas w nich orze\u017awiaj\u0105ca bergamotka po\u0142\u0105czona z cierpk\u0105 porzeczk\u0105, wi\u015bni\u0105 i s\u0142odkimi migda\u0142ami. W sercu zapachu wyczuwamy cudowny aromat r\u00f3\u017cy, lukrecji i herbaty, kt\u00f3ry stopniowo przechodzi w zgrabne zestawienie wanilii, paczuli, irysa i any\u017cu gwia\u017adzistego. Kompozycja stanowi wyrazisty zapach, kt\u00f3ry b\u0119dzie eleganckim wyko\u0144czeniem ka\u017cdej stylizacji.<\/p>\n<div id=\"attachment_6490\" style=\"width: 360px\" class=\"wp-caption aligncenter\"><a href=\"https:\/\/neness.pl\/pl\/p\/N054.-VIP-33-ml-zapach-damski\/54323\"><img loading=\"lazy\" decoding=\"async\" aria-describedby=\"caption-attachment-6490\" class=\"wp-image-6490\" src=\"http:\/\/ranking-kosmetykow.pl\/wp-content\/uploads\/2020\/02\/c2628dc2b46ef2cc0d778f53b97175a1.jpg\" alt=\"\" width=\"350\" height=\"525\" srcset=\"https:\/\/neness.pl\/blog\/wp-content\/uploads\/2020\/02\/c2628dc2b46ef2cc0d778f53b97175a1.jpg 540w, https:\/\/neness.pl\/blog\/wp-content\/uploads\/2020\/02\/c2628dc2b46ef2cc0d778f53b97175a1-200x300.jpg 200w\" sizes=\"auto, (max-width: 350px) 100vw, 350px\" \/><\/a><p id=\"caption-attachment-6490\" class=\"wp-caption-text\">VIP<\/p><\/div>\n<h3>VIP<\/h3>\n<p>VIP to w istocie kompozycja dla wybranych &#8211; ma na tyle specyficzny zapach, \u017ce nie wszystkim przypadnie do gustu, jednak je\u015bli j\u0105 docenimy, szybko stanie si\u0119 naszym ulubionym pachnid\u0142em. Perfumy te przeznaczone s\u0105 g\u0142\u00f3wnie dla koneserek, kt\u00f3re szukaj\u0105<strong> powiewu \u015bwie\u017co\u015bci i nowoczesno\u015bci<\/strong> na zapachowym rynku. Najpierw wyczuwamy w mieszance egzotyczn\u0105 passiflor\u0119 i gorzk\u0105 pomara\u0144cz\u0119 &#8211; po\u0142\u0105czenie <strong>rzadkie i intryguj\u0105ce.<\/strong> Nast\u0119pnie tw\u00f3rcy zafundowali nam r\u00f3wnie ciekawy duet &#8211; rum i gardeni\u0119 &#8211; u podstawy zapachu le\u017c\u0105 za\u015b pi\u017cmo, wanilia i benzoina. Kompozycja idealnie nadaje si\u0119 zw\u0142aszcza na ciep\u0142e, s\u0142oneczne dni.<\/p>\n","protected":false},"excerpt":{"rendered":"<p>Perfumy to pi\u0119kny, osobisty prezent, za kt\u00f3rego pomoc\u0105 mo\u017cemy pokaza\u0107, \u017ce dobrze znamy obdarowan\u0105 osob\u0119, wiemy, co lubi, i po\u015bwi\u0119cili\u015bmy czas na to, by znale\u017a\u0107 odpowiedni dla niej upominek. Wyb\u00f3r zapachu dla ukochanej osoby to kwestia bardzo indywidualna, dlatego nie ma uniwersalnej odpowiedzi na pytanie, jakie perfumy kupi\u0107 na Walentynki. Tutaj znajdziecie jednak kilka kompozycji [&hellip;]<\/p>\n","protected":false},"author":2,"featured_media":6492,"comment_status":"open","ping_status":"open","sticky":false,"template":"","format":"standard","meta":{"_et_pb_use_builder":"","_et_pb_old_content":"","_et_gb_content_width":"","footnotes":""},"categories":[19],"tags":[],"class_list":["post-6487","post","type-post","status-publish","format-standard","has-post-thumbnail","hentry","category-zachwycaj-zapachem","et-has-post-format-content","et_post_format-et-post-format-standard"],"_links":{"self":[{"href":"https:\/\/neness.pl\/blog\/wp-json\/wp\/v2\/posts\/6487","targetHints":{"allow":["GET"]}}],"collection":[{"href":"https:\/\/neness.pl\/blog\/wp-json\/wp\/v2\/posts"}],"about":[{"href":"https:\/\/neness.pl\/blog\/wp-json\/wp\/v2\/types\/post"}],"author":[{"embeddable":true,"href":"https:\/\/neness.pl\/blog\/wp-json\/wp\/v2\/users\/2"}],"replies":[{"embeddable":true,"href":"https:\/\/neness.pl\/blog\/wp-json\/wp\/v2\/comments?post=6487"}],"version-history":[{"count":0,"href":"https:\/\/neness.pl\/blog\/wp-json\/wp\/v2\/posts\/6487\/revisions"}],"wp:featuredmedia":[{"embeddable":true,"href":"https:\/\/neness.pl\/blog\/wp-json\/wp\/v2\/media\/6492"}],"wp:attachment":[{"href":"https:\/\/neness.pl\/blog\/wp-json\/wp\/v2\/media?parent=6487"}],"wp:term":[{"taxonomy":"category","embeddable":true,"href":"https:\/\/neness.pl\/blog\/wp-json\/wp\/v2\/categories?post=6487"},{"taxonomy":"post_tag","embeddable":true,"href":"https:\/\/neness.pl\/blog\/wp-json\/wp\/v2\/tags?post=6487"}],"curies":[{"name":"wp","href":"https:\/\/api.w.org\/{rel}","templated":true}]}}