{"id":6482,"date":"2020-02-04T13:32:33","date_gmt":"2020-02-04T12:32:33","guid":{"rendered":"http:\/\/ranking-kosmetykow.pl\/?p=6482"},"modified":"2020-02-04T13:32:33","modified_gmt":"2020-02-04T12:32:33","slug":"ciemne-szminki-kiedy-pasuja","status":"publish","type":"post","link":"https:\/\/neness.pl\/blog\/ciemne-szminki-kiedy-pasuja\/","title":{"rendered":"Ciemne szminki &#8211; kiedy pasuj\u0105?"},"content":{"rendered":"<p>Ciemne szminki nieodmiennie kr\u00f3luj\u0105 w makija\u017cowych trendach i przyci\u0105gaj\u0105 coraz to nowe zwolenniczki. I s\u0142usznie, to<strong> pi\u0119kne, cho\u0107 odwa\u017cne wyko\u0144czenie makija\u017cu.<\/strong> W pogoni za mod\u0105 nie warto jednak zapomina\u0107, \u017ce nie wszystkim do twarzy jest w takich barwach i nie na ka\u017cd\u0105 okazj\u0119 s\u0105 one wskazane. Kiedy i komu pasuj\u0105 ciemne szminki?<!--more--><\/p>\n<h3>Na jak\u0105 okazj\u0119 ciemne szminki?<\/h3>\n<p>Ciemne szminki, w kolorze burgundowym, jagodowym, \u015bliwkowym itp., s\u0105 doskona\u0142e na <strong>wieczorne wyj\u015bcia, imprezy, bankiety<\/strong> czy<strong> kolacje ze znajomymi<\/strong>. Wtedy pi\u0119knie podkre\u015blaj\u0105 charakter stylizacji i dodaj\u0105 nam pewno\u015bci siebie, sprawiaj\u0105c, \u017ce czujemy si\u0119 kr\u00f3low\u0105 towarzystwa. Taki makija\u017c nie jest jednak odpowiedni do pracy czy spotkania w ci\u0105gu dnia. W tych sytuacjach warto stawia\u0107 na bardziej stonowane, ja\u015bniejsze barwy, kt\u00f3re lepiej komponuj\u0105 si\u0119 z biznesowym dress codem i codziennymi stylizacjami.<\/p>\n<div id=\"attachment_6484\" style=\"width: 360px\" class=\"wp-caption aligncenter\"><a href=\"https:\/\/neness.pl\/revolution-szminka-euphoria-lipstick-fortune\"><img loading=\"lazy\" decoding=\"async\" aria-describedby=\"caption-attachment-6484\" class=\"wp-image-6484\" src=\"http:\/\/ranking-kosmetykow.pl\/wp-content\/uploads\/2020\/02\/b3a514c0e3fc7f2a86ceec2f38e2489c.jpg.png\" alt=\"\" width=\"350\" height=\"467\" srcset=\"https:\/\/neness.pl\/blog\/wp-content\/uploads\/2020\/02\/b3a514c0e3fc7f2a86ceec2f38e2489c.jpg.png 750w, https:\/\/neness.pl\/blog\/wp-content\/uploads\/2020\/02\/b3a514c0e3fc7f2a86ceec2f38e2489c.jpg-225x300.png 225w, https:\/\/neness.pl\/blog\/wp-content\/uploads\/2020\/02\/b3a514c0e3fc7f2a86ceec2f38e2489c.jpg-610x813.png 610w\" sizes=\"auto, (max-width: 350px) 100vw, 350px\" \/><\/a><p id=\"caption-attachment-6484\" class=\"wp-caption-text\">Makeup Revolution Szminka Euphoria Lipstick #Fortune<\/p><\/div>\n<h3>Dla kogo ciemne kolory?<\/h3>\n<p>Szminki w ciemnych, nasyconych barwach<strong> nie b\u0119d\u0105 odpowiednie dla ka\u017cdego.<\/strong> Pasuj\u0105 co prawda do wszystkich kolor\u00f3w w\u0142os\u00f3w, jednak nie wsp\u00f3\u0142graj\u0105 z ka\u017cd\u0105 karnacj\u0105. Niezbyt dobrze b\u0119d\u0105 wygl\u0105da\u0107 w przypadku ciemnej, mocno opalonej sk\u00f3ry &#8211; wtedy kontrast b\u0119dzie zbyt ma\u0142y &#8211; ale nie pasuj\u0105 te\u017c do bardzo bladej, niemal bia\u0142ej sk\u00f3ry &#8211; w tym wypadku b\u0119d\u0105 powodowa\u0142y niezdrowy wygl\u0105d. Nie s\u0105 tak\u017ce wskazane w przypadku os\u00f3b o zm\u0119czonej szarej twarzy ani tych, kt\u00f3re mierz\u0105 si\u0119 ze zmarszczkami, gdy\u017c ciemne barwy bardzo podkre\u015blaj\u0105 mankamenty urody. Dlatego najlepiej pasuj\u0105 one tym kobietom, kt\u00f3re maj\u0105 <strong>oliwkow\u0105 lub jasn\u0105, zdrow\u0105 cer\u0119.<\/strong> Oczywi\u015bcie warto jednak pami\u0119ta\u0107, \u017ce nie wszystkim paniom b\u0119d\u0105 pasowa\u0142y te same odcienie. Ich wyb\u00f3r jest <strong>kwesti\u0105 indywidualn\u0105<\/strong> i zale\u017cy od wielu czynnik\u00f3w.<\/p>\n<div id=\"attachment_6485\" style=\"width: 360px\" class=\"wp-caption aligncenter\"><a href=\"https:\/\/neness.pl\/makeup-revolution-szminka-rose-gold-members-club\"><img loading=\"lazy\" decoding=\"async\" aria-describedby=\"caption-attachment-6485\" class=\"wp-image-6485\" src=\"http:\/\/ranking-kosmetykow.pl\/wp-content\/uploads\/2020\/02\/aeeebfee5b1aafc5b30a5f439652c3d4.jpg\" alt=\"\" width=\"350\" height=\"467\" srcset=\"https:\/\/neness.pl\/blog\/wp-content\/uploads\/2020\/02\/aeeebfee5b1aafc5b30a5f439652c3d4.jpg 750w, https:\/\/neness.pl\/blog\/wp-content\/uploads\/2020\/02\/aeeebfee5b1aafc5b30a5f439652c3d4-225x300.jpg 225w, https:\/\/neness.pl\/blog\/wp-content\/uploads\/2020\/02\/aeeebfee5b1aafc5b30a5f439652c3d4-610x813.jpg 610w\" sizes=\"auto, (max-width: 350px) 100vw, 350px\" \/><\/a><p id=\"caption-attachment-6485\" class=\"wp-caption-text\">Makeup Revolution Szminka Rose Gold Members Club<\/p><\/div>\n<h3>Jak nosi\u0107 ciemne szminki?<\/h3>\n<p>Wyrazisty makija\u017c potrafi by\u0107 naprawd\u0119 zjawiskowy, jednak bardzo \u0142atwo mo\u017cna tu uzyska\u0107 karykaturalny efekt. Dlatego, je\u015bli decydujemy si\u0119 na ciemn\u0105 szmink\u0119, <strong>oprawa oczu powinna by\u0107 delikatna i wykonana w jasnych kolorach.<\/strong> Cienie w nasyconych barwach czy grube kreski eyelinerem nie s\u0105 w tym przypadku wskazane. Z drugiej jednak strony trzeba pami\u0119ta\u0107, by przy takim makija\u017cu ust<strong> podkre\u015bli\u0107 r\u00f3wnie\u017c brwi.<\/strong> W innym przypadku oczy b\u0119d\u0105 ma\u0142o wyraziste, a usta zbyt mocno zwracaj\u0105ce uwag\u0119. W trosce o zachowanie proporcji twarzy warto tak\u017ce delikatnie podkre\u015bli\u0107 ko\u015bci policzkowe r\u00f3\u017cem lub bronzerem.<\/p>\n","protected":false},"excerpt":{"rendered":"<p>Ciemne szminki nieodmiennie kr\u00f3luj\u0105 w makija\u017cowych trendach i przyci\u0105gaj\u0105 coraz to nowe zwolenniczki. I s\u0142usznie, to pi\u0119kne, cho\u0107 odwa\u017cne wyko\u0144czenie makija\u017cu. W pogoni za mod\u0105 nie warto jednak zapomina\u0107, \u017ce nie wszystkim do twarzy jest w takich barwach i nie na ka\u017cd\u0105 okazj\u0119 s\u0105 one wskazane. Kiedy i komu pasuj\u0105 ciemne szminki?<\/p>\n","protected":false},"author":2,"featured_media":6483,"comment_status":"open","ping_status":"open","sticky":false,"template":"","format":"standard","meta":{"_et_pb_use_builder":"","_et_pb_old_content":"","_et_gb_content_width":"","footnotes":""},"categories":[41],"tags":[],"class_list":["post-6482","post","type-post","status-publish","format-standard","has-post-thumbnail","hentry","category-olsniewaj-makijazem","et-has-post-format-content","et_post_format-et-post-format-standard"],"_links":{"self":[{"href":"https:\/\/neness.pl\/blog\/wp-json\/wp\/v2\/posts\/6482","targetHints":{"allow":["GET"]}}],"collection":[{"href":"https:\/\/neness.pl\/blog\/wp-json\/wp\/v2\/posts"}],"about":[{"href":"https:\/\/neness.pl\/blog\/wp-json\/wp\/v2\/types\/post"}],"author":[{"embeddable":true,"href":"https:\/\/neness.pl\/blog\/wp-json\/wp\/v2\/users\/2"}],"replies":[{"embeddable":true,"href":"https:\/\/neness.pl\/blog\/wp-json\/wp\/v2\/comments?post=6482"}],"version-history":[{"count":0,"href":"https:\/\/neness.pl\/blog\/wp-json\/wp\/v2\/posts\/6482\/revisions"}],"wp:featuredmedia":[{"embeddable":true,"href":"https:\/\/neness.pl\/blog\/wp-json\/wp\/v2\/media\/6483"}],"wp:attachment":[{"href":"https:\/\/neness.pl\/blog\/wp-json\/wp\/v2\/media?parent=6482"}],"wp:term":[{"taxonomy":"category","embeddable":true,"href":"https:\/\/neness.pl\/blog\/wp-json\/wp\/v2\/categories?post=6482"},{"taxonomy":"post_tag","embeddable":true,"href":"https:\/\/neness.pl\/blog\/wp-json\/wp\/v2\/tags?post=6482"}],"curies":[{"name":"wp","href":"https:\/\/api.w.org\/{rel}","templated":true}]}}