{"id":6447,"date":"2020-01-21T14:41:47","date_gmt":"2020-01-21T13:41:47","guid":{"rendered":"http:\/\/ranking-kosmetykow.pl\/?p=6447"},"modified":"2020-01-21T14:41:47","modified_gmt":"2020-01-21T13:41:47","slug":"maseczki-i-kremy-pod-oczy-jak-wybrac","status":"publish","type":"post","link":"https:\/\/neness.pl\/blog\/maseczki-i-kremy-pod-oczy-jak-wybrac\/","title":{"rendered":"Maseczki i kremy pod oczy &#8211; jak wybra\u0107?"},"content":{"rendered":"<p>Sk\u00f3ra pod oczami jest wyj\u0105tkowo cienka i wra\u017cliwa, dlatego z regu\u0142y jest pierwszym miejscem, na kt\u00f3rym odbijaj\u0105 si\u0119 wiek, niew\u0142a\u015bciwa piel\u0119gnacja czy zm\u0119czenie. Bardzo cz\u0119sto bywa<strong> przesuszona,<\/strong><strong>\u00a0opuchni\u0119ta, posinia\u0142a,<\/strong> a z biegiem lat to w\u0142a\u015bnie tam tworzy si\u0119 najwi\u0119cej zmarszczek. Dlatego niezwykle istotne jest, by do jej piel\u0119gnacji dobra\u0107 odpowiednie kosmetyki, inne ni\u017c do piel\u0119gnacji ca\u0142ej twarzy. Jakie powinny by\u0107 krem i maseczka pod oczy?<!--more--><\/p>\n<h3>Krem pod oczy &#8211; czego w nim szuka\u0107?<\/h3>\n<p>Najpierw zajmijmy si\u0119 kwesti\u0105 kremu pod oczy. Jakie sk\u0142adniki powinien zawiera\u0107? Og\u00f3lna zasada brzmi: <strong>im prostszy sk\u0142ad, tym lepiej.<\/strong> Wra\u017cliwo\u015b\u0107 sk\u00f3ry na tym obszarze sprawia, \u017ce \u017ale dobrany kosmetyk bardzo \u0142atwo mo\u017ce spowodowa\u0107 reakcj\u0119 alergiczn\u0105, a opr\u00f3cz tego podra\u017cni\u0107 oko. Dlatego warto wybiera\u0107 te produkty, kt\u00f3re maj\u0105 nieskomplikowany sk\u0142ad, a tym samym stwarzaj\u0105 najmniejsze ryzyko wyst\u0105pienia negatywnych efekt\u00f3w.<\/p>\n<div id=\"attachment_6450\" style=\"width: 360px\" class=\"wp-caption aligncenter\"><a href=\"https:\/\/neness.pl\/natura-siberica-men-krem-liftingujacy-pod-oczy-eagle-eye-30ml\"><img loading=\"lazy\" decoding=\"async\" aria-describedby=\"caption-attachment-6450\" class=\"wp-image-6450\" src=\"http:\/\/ranking-kosmetykow.pl\/wp-content\/uploads\/2020\/01\/c2b9ab8b061a7e02b090bf618cc3b464.jpg\" alt=\"\" width=\"350\" height=\"467\" srcset=\"https:\/\/neness.pl\/blog\/wp-content\/uploads\/2020\/01\/c2b9ab8b061a7e02b090bf618cc3b464.jpg 750w, https:\/\/neness.pl\/blog\/wp-content\/uploads\/2020\/01\/c2b9ab8b061a7e02b090bf618cc3b464-225x300.jpg 225w, https:\/\/neness.pl\/blog\/wp-content\/uploads\/2020\/01\/c2b9ab8b061a7e02b090bf618cc3b464-610x813.jpg 610w\" sizes=\"auto, (max-width: 350px) 100vw, 350px\" \/><\/a><p id=\"caption-attachment-6450\" class=\"wp-caption-text\">Natura Siberica MEN Krem Liftinguj\u0105cy pod Oczy, Eagle Eye, 30ml<\/p><\/div>\n<p>Trzeba r\u00f3wnie\u017c pami\u0119ta\u0107, \u017ce krem pod oczy powinien by\u0107 dopasowany do naszego wieku i zale\u017cny od rezultatu, jaki chcemy osi\u0105gn\u0105\u0107. W wieku <strong>od 20 do 30-35 lat<\/strong> nale\u017cy wybiera\u0107 lekkie kosmetyki o dzia\u0142aniu nawil\u017caj\u0105cym. Bardzo dobrze sprawdz\u0105 si\u0119 takie produkty, kt\u00f3re maj\u0105 w sk\u0142adzie gliceryn\u0119, witaminy E i A czy wyci\u0105g z herbaty. P\u00f3\u017aniej warto wybra\u0107 nieco<strong> bogatszy krem,<\/strong> kt\u00f3ry r\u00f3wnie\u017c od\u017cywia i odbudowuje sk\u00f3r\u0119. Taki kosmetyk mo\u017ce zawiera\u0107 naturalne oleje, kwas hialuronowy, koenzym Q10 czy ceramidy. Dodatkowo w ka\u017cdym wieku, je\u015bli mierzymy si\u0119 z <strong>obrz\u0119kami pod oczami<\/strong> czy te\u017c<strong> cieniami<\/strong>, powinny\u015bmy szuka\u0107 produkt\u00f3w z kofein\u0105, b\u0142awatkiem, \u015bwietlikiem i D-phantenolem.<\/p>\n<h3>Maseczki pod oczy<\/h3>\n<p>Maseczki pod oczy to dla sk\u00f3ry skoncentrowana dawka witamin i sk\u0142adnik\u00f3w od\u017cywczych, dzi\u0119ki kt\u00f3rej szybko mo\u017cemy uzyska\u0107 imponuj\u0105cy efekt. W przypadku, gdy zale\u017cy nam na zlikwidowaniu cieni czy obrz\u0119k\u00f3w, najlepiej szuka\u0107 takich z du\u017c\u0105 zawarto\u015bci\u0105<strong> witaminy C<\/strong> czy <strong>kofein\u0105<\/strong>. Je\u015bli natomiast chodzi nam g\u0142\u00f3wnie o efekt od\u017cywienia, sprawdz\u0105 si\u0119 produkty ze<strong> \u015bluzem \u015blimaka<\/strong> czy <strong>kwasem hialuronowym.<\/strong><\/p>\n<div id=\"attachment_6449\" style=\"width: 360px\" class=\"wp-caption aligncenter\"><a href=\"https:\/\/neness.pl\/pl\/p\/W7-Maska-Zelowa-Star-Grazing-Eye-Soothing-Gel-Mask-Gold\/5825\"><img loading=\"lazy\" decoding=\"async\" aria-describedby=\"caption-attachment-6449\" class=\"wp-image-6449\" src=\"http:\/\/ranking-kosmetykow.pl\/wp-content\/uploads\/2020\/01\/3112233b71321e63bc0353171435a767-768x1024.jpg\" alt=\"\" width=\"350\" height=\"467\" srcset=\"https:\/\/neness.pl\/blog\/wp-content\/uploads\/2020\/01\/3112233b71321e63bc0353171435a767-768x1024.jpg 768w, https:\/\/neness.pl\/blog\/wp-content\/uploads\/2020\/01\/3112233b71321e63bc0353171435a767-225x300.jpg 225w, https:\/\/neness.pl\/blog\/wp-content\/uploads\/2020\/01\/3112233b71321e63bc0353171435a767-1152x1536.jpg 1152w, https:\/\/neness.pl\/blog\/wp-content\/uploads\/2020\/01\/3112233b71321e63bc0353171435a767-1080x1440.jpg 1080w, https:\/\/neness.pl\/blog\/wp-content\/uploads\/2020\/01\/3112233b71321e63bc0353171435a767-610x813.jpg 610w, https:\/\/neness.pl\/blog\/wp-content\/uploads\/2020\/01\/3112233b71321e63bc0353171435a767.jpg 1536w\" sizes=\"auto, (max-width: 350px) 100vw, 350px\" \/><\/a><p id=\"caption-attachment-6449\" class=\"wp-caption-text\">W7 Maska \u017belowa Star Grazing Eye Soothing Gel Mask Gold<\/p><\/div>\n<p>Maseczki pod oczy mo\u017cemy te\u017c wykona\u0107 <strong>samodzielnie<\/strong>. Najprostsz\u0105 i najpopularniejsz\u0105 maseczk\u0105 rozja\u015bniaj\u0105co-nawil\u017caj\u0105c\u0105 jest najzwyklejsza mieszanka mleka i miodu &#8211; warto\u015b\u0107 tego po\u0142\u0105czenia docenia\u0142a ju\u017c sama Kleopatra! Od\u017cywcze i regeneruj\u0105ce dzia\u0142anie b\u0119dzie za to mia\u0142a maseczka z posiekanej natki pietruszki oraz \u015bmietany &#8211; ten domowy kosmetyk dodatkowo r\u00f3wnie\u017c ch\u0142odzi i zmniejsza opuchlizn\u0119. Je\u015bli za\u015b nie mamy czasu na przygotowywanie takich specyfik\u00f3w, doskonale zadzia\u0142a tak\u017ce ok\u0142ad na oczy z og\u00f3rka.<\/p>\n","protected":false},"excerpt":{"rendered":"<p>Sk\u00f3ra pod oczami jest wyj\u0105tkowo cienka i wra\u017cliwa, dlatego z regu\u0142y jest pierwszym miejscem, na kt\u00f3rym odbijaj\u0105 si\u0119 wiek, niew\u0142a\u015bciwa piel\u0119gnacja czy zm\u0119czenie. Bardzo cz\u0119sto bywa przesuszona,\u00a0opuchni\u0119ta, posinia\u0142a, a z biegiem lat to w\u0142a\u015bnie tam tworzy si\u0119 najwi\u0119cej zmarszczek. Dlatego niezwykle istotne jest, by do jej piel\u0119gnacji dobra\u0107 odpowiednie kosmetyki, inne ni\u017c do piel\u0119gnacji ca\u0142ej [&hellip;]<\/p>\n","protected":false},"author":2,"featured_media":6448,"comment_status":"open","ping_status":"open","sticky":false,"template":"","format":"standard","meta":{"_et_pb_use_builder":"","_et_pb_old_content":"","_et_gb_content_width":"","footnotes":""},"categories":[185],"tags":[],"class_list":["post-6447","post","type-post","status-publish","format-standard","has-post-thumbnail","hentry","category-codzienna-pielegnacja","et-has-post-format-content","et_post_format-et-post-format-standard"],"_links":{"self":[{"href":"https:\/\/neness.pl\/blog\/wp-json\/wp\/v2\/posts\/6447","targetHints":{"allow":["GET"]}}],"collection":[{"href":"https:\/\/neness.pl\/blog\/wp-json\/wp\/v2\/posts"}],"about":[{"href":"https:\/\/neness.pl\/blog\/wp-json\/wp\/v2\/types\/post"}],"author":[{"embeddable":true,"href":"https:\/\/neness.pl\/blog\/wp-json\/wp\/v2\/users\/2"}],"replies":[{"embeddable":true,"href":"https:\/\/neness.pl\/blog\/wp-json\/wp\/v2\/comments?post=6447"}],"version-history":[{"count":0,"href":"https:\/\/neness.pl\/blog\/wp-json\/wp\/v2\/posts\/6447\/revisions"}],"wp:featuredmedia":[{"embeddable":true,"href":"https:\/\/neness.pl\/blog\/wp-json\/wp\/v2\/media\/6448"}],"wp:attachment":[{"href":"https:\/\/neness.pl\/blog\/wp-json\/wp\/v2\/media?parent=6447"}],"wp:term":[{"taxonomy":"category","embeddable":true,"href":"https:\/\/neness.pl\/blog\/wp-json\/wp\/v2\/categories?post=6447"},{"taxonomy":"post_tag","embeddable":true,"href":"https:\/\/neness.pl\/blog\/wp-json\/wp\/v2\/tags?post=6447"}],"curies":[{"name":"wp","href":"https:\/\/api.w.org\/{rel}","templated":true}]}}