{"id":6441,"date":"2020-01-20T13:55:56","date_gmt":"2020-01-20T12:55:56","guid":{"rendered":"http:\/\/ranking-kosmetykow.pl\/?p=6441"},"modified":"2020-01-20T13:55:56","modified_gmt":"2020-01-20T12:55:56","slug":"pielegnacja-cery-mieszanej","status":"publish","type":"post","link":"https:\/\/neness.pl\/blog\/pielegnacja-cery-mieszanej\/","title":{"rendered":"Piel\u0119gnacja cery mieszanej"},"content":{"rendered":"<p>Cera mieszana jest jednym z najcz\u0119\u015bciej wyst\u0119puj\u0105cych typ\u00f3w sk\u00f3ry, jednak niewiele os\u00f3b wie, w jaki spos\u00f3b powinno si\u0119 j\u0105 piel\u0119gnowa\u0107. Dzieje si\u0119 tak, gdy\u017c jest ona <strong>wyj\u0105tkowo trudna do ujarzmienia<\/strong>, a dob\u00f3r odpowiednich do niej kosmetyk\u00f3w &#8211; z pozoru niemo\u017cliwy. W rzeczywisto\u015bci jednak piel\u0119gnacja sk\u00f3ry mieszanej nie jest trudna i nie musi zajmowa\u0107 wiele czasu. Nale\u017cy jednak uwa\u017ca\u0107, by nie pope\u0142nia\u0107 przy niej podstawowych b\u0142\u0119d\u00f3w.<!--more--><\/p>\n<h3>Cera mieszana, czyli jaka?<\/h3>\n<p>Cer\u0105 mieszan\u0105 nazywamy ten typ sk\u00f3ry, kt\u00f3ry ma tendencj\u0119 do <strong>przet\u0142uszczania si\u0119 w strefie T i przesuszania na innych obszarach.<\/strong> Oznacza to, \u017ce jej posiadaczki cz\u0119sto maj\u0105 problem z b\u0142yszczeniem si\u0119 nosa czy czo\u0142a, ale ich policzki, skronie i \u017cuchwa bywaj\u0105 bardzo suche. W efekcie przy niew\u0142a\u015bciwej piel\u0119gnacji taka sk\u00f3ra mo\u017ce by\u0107 miejscami \u015bci\u0105gni\u0119ta i zaczerwieniona, a miejscami pe\u0142na zask\u00f3rnik\u00f3w i wyprysk\u00f3w. Wcale nie musi jednak wygl\u0105da\u0107 w ten spos\u00f3b. Jak sprawi\u0107, by by\u0142a pi\u0119kna i promienna?<\/p>\n<div id=\"attachment_6444\" style=\"width: 360px\" class=\"wp-caption aligncenter\"><a href=\"https:\/\/neness.pl\/dermacol-plyn-micellarny-elixir\"><img loading=\"lazy\" decoding=\"async\" aria-describedby=\"caption-attachment-6444\" class=\"wp-image-6444\" src=\"http:\/\/ranking-kosmetykow.pl\/wp-content\/uploads\/2020\/01\/9d1ced9ae5dbc749219a1791f764221f.jpg\" alt=\"\" width=\"350\" height=\"467\" srcset=\"https:\/\/neness.pl\/blog\/wp-content\/uploads\/2020\/01\/9d1ced9ae5dbc749219a1791f764221f.jpg 750w, https:\/\/neness.pl\/blog\/wp-content\/uploads\/2020\/01\/9d1ced9ae5dbc749219a1791f764221f-225x300.jpg 225w, https:\/\/neness.pl\/blog\/wp-content\/uploads\/2020\/01\/9d1ced9ae5dbc749219a1791f764221f-610x813.jpg 610w\" sizes=\"auto, (max-width: 350px) 100vw, 350px\" \/><\/a><p id=\"caption-attachment-6444\" class=\"wp-caption-text\">Dermacol P\u0142yn Micellarny Elixir<\/p><\/div>\n<h3>Czym my\u0107 cer\u0119 mieszan\u0105?<\/h3>\n<p>Przede wszystkim warto wybra\u0107 w\u0142a\u015bciwy kosmetyk do oczyszczania twarzy. W tym wypadku najlepiej zdecydowa\u0107 si\u0119 na <strong>\u0142agodny \u017cel myj\u0105cy do cery wra\u017cliwej.<\/strong> Doskonale usunie on brud i sebum, ale przy tym nie podra\u017cni cery na policzkach i skroniach. Koniecznie nale\u017cy unika\u0107 za to silnie wysuszaj\u0105cych i matuj\u0105cych produkt\u00f3w, bo te nie tylko dodatkowo przesusz\u0105 partie poza stref\u0105 T, ale te\u017c rozreguluj\u0105 proces wydzielania sebum.<\/p>\n<h3>Kremy na co dzie\u0144<\/h3>\n<p>Trzeba te\u017c pami\u0119ta\u0107, \u017ce cera mieszana potrzebuje regularnego nawil\u017cania i to r\u00f3wnie\u017c w tych miejscach, w kt\u00f3rych cz\u0119sto si\u0119 b\u0142yszczymy. To, \u017ce na sk\u00f3rze pojawia si\u0119 nadmiar sebum, nie oznacza bowiem, \u017ce nie mo\u017ce by\u0107 ona odwodniona w g\u0142\u0119bszych warstwach. Najlepiej jednak wybiera\u0107 do piel\u0119gnacji tego typu cery<strong> lekkie kremy,<\/strong> na przyk\u0142ad w formie \u017celu, z takimi sk\u0142adnikami jak aloes czy kwas hialuronowy. Warto unika\u0107 za to wszystkich krem\u00f3w matuj\u0105cych, kt\u00f3re \u015bci\u0105gaj\u0105 sk\u00f3r\u0119, bo b\u0119d\u0105 one powodowa\u0142y dyskomfort i nasila\u0142y problemy z cer\u0105. Je\u015bli koniecznie chcemy postawi\u0107 na kosmetyk matuj\u0105cy, najlepiej u\u017cy\u0107 <strong>dw\u00f3ch r\u00f3\u017cnych produkt\u00f3w<\/strong> &#8211; nadaj\u0105cego mat w strefie T i silnie nawil\u017caj\u0105cego na pozosta\u0142ych obszarach twarzy.<\/p>\n<div id=\"attachment_6443\" style=\"width: 360px\" class=\"wp-caption aligncenter\"><a href=\"https:\/\/neness.pl\/dermacol-aqua-beauty-moisturizing-nawilzajacy-gel-cream\"><img loading=\"lazy\" decoding=\"async\" aria-describedby=\"caption-attachment-6443\" class=\"wp-image-6443\" src=\"http:\/\/ranking-kosmetykow.pl\/wp-content\/uploads\/2020\/01\/ea1f29c107ffc47e5f5406646273d4ae.jpg\" alt=\"\" width=\"350\" height=\"467\" srcset=\"https:\/\/neness.pl\/blog\/wp-content\/uploads\/2020\/01\/ea1f29c107ffc47e5f5406646273d4ae.jpg 750w, https:\/\/neness.pl\/blog\/wp-content\/uploads\/2020\/01\/ea1f29c107ffc47e5f5406646273d4ae-225x300.jpg 225w, https:\/\/neness.pl\/blog\/wp-content\/uploads\/2020\/01\/ea1f29c107ffc47e5f5406646273d4ae-610x813.jpg 610w\" sizes=\"auto, (max-width: 350px) 100vw, 350px\" \/><\/a><p id=\"caption-attachment-6443\" class=\"wp-caption-text\">Dermacol Aqua Beauty Moisturizing Nawil\u017caj\u0105cy Gel-Cream<\/p><\/div>\n<h3>Jaki tonik b\u0119dzie odpowiedni?<\/h3>\n<p>Bardzo wa\u017cne jest te\u017c, by cer\u0119 mieszan\u0105 po ka\u017cdym myciu przeciera\u0107 tonikiem, kt\u00f3ry normalizuje jej pH i reguluje wydzielanie sebum. \u015awietnym wyborem b\u0119d\u0105 wszystkie kosmetyki <strong>na bazie zi\u00f3\u0142 i innych naturalnych sk\u0142adnik\u00f3w,<\/strong> zw\u0142aszcza tych nawil\u017caj\u0105cych, jak og\u00f3rek czy aloes. Istotne jest za to, by unika\u0107 tonik\u00f3w, kt\u00f3re maj\u0105 w sk\u0142adzie alkohol.<\/p>\n<p>&nbsp;<\/p>\n","protected":false},"excerpt":{"rendered":"<p>Cera mieszana jest jednym z najcz\u0119\u015bciej wyst\u0119puj\u0105cych typ\u00f3w sk\u00f3ry, jednak niewiele os\u00f3b wie, w jaki spos\u00f3b powinno si\u0119 j\u0105 piel\u0119gnowa\u0107. Dzieje si\u0119 tak, gdy\u017c jest ona wyj\u0105tkowo trudna do ujarzmienia, a dob\u00f3r odpowiednich do niej kosmetyk\u00f3w &#8211; z pozoru niemo\u017cliwy. W rzeczywisto\u015bci jednak piel\u0119gnacja sk\u00f3ry mieszanej nie jest trudna i nie musi zajmowa\u0107 wiele czasu. [&hellip;]<\/p>\n","protected":false},"author":2,"featured_media":6442,"comment_status":"open","ping_status":"open","sticky":false,"template":"","format":"standard","meta":{"_et_pb_use_builder":"","_et_pb_old_content":"","_et_gb_content_width":"","footnotes":""},"categories":[41],"tags":[],"class_list":["post-6441","post","type-post","status-publish","format-standard","has-post-thumbnail","hentry","category-olsniewaj-makijazem","et-has-post-format-content","et_post_format-et-post-format-standard"],"_links":{"self":[{"href":"https:\/\/neness.pl\/blog\/wp-json\/wp\/v2\/posts\/6441","targetHints":{"allow":["GET"]}}],"collection":[{"href":"https:\/\/neness.pl\/blog\/wp-json\/wp\/v2\/posts"}],"about":[{"href":"https:\/\/neness.pl\/blog\/wp-json\/wp\/v2\/types\/post"}],"author":[{"embeddable":true,"href":"https:\/\/neness.pl\/blog\/wp-json\/wp\/v2\/users\/2"}],"replies":[{"embeddable":true,"href":"https:\/\/neness.pl\/blog\/wp-json\/wp\/v2\/comments?post=6441"}],"version-history":[{"count":0,"href":"https:\/\/neness.pl\/blog\/wp-json\/wp\/v2\/posts\/6441\/revisions"}],"wp:featuredmedia":[{"embeddable":true,"href":"https:\/\/neness.pl\/blog\/wp-json\/wp\/v2\/media\/6442"}],"wp:attachment":[{"href":"https:\/\/neness.pl\/blog\/wp-json\/wp\/v2\/media?parent=6441"}],"wp:term":[{"taxonomy":"category","embeddable":true,"href":"https:\/\/neness.pl\/blog\/wp-json\/wp\/v2\/categories?post=6441"},{"taxonomy":"post_tag","embeddable":true,"href":"https:\/\/neness.pl\/blog\/wp-json\/wp\/v2\/tags?post=6441"}],"curies":[{"name":"wp","href":"https:\/\/api.w.org\/{rel}","templated":true}]}}