{"id":6427,"date":"2020-01-15T14:20:39","date_gmt":"2020-01-15T13:20:39","guid":{"rendered":"http:\/\/ranking-kosmetykow.pl\/?p=6427"},"modified":"2020-01-15T14:20:39","modified_gmt":"2020-01-15T13:20:39","slug":"jak-ukryc-wypryski-na-twarzy","status":"publish","type":"post","link":"https:\/\/neness.pl\/blog\/jak-ukryc-wypryski-na-twarzy\/","title":{"rendered":"Jak ukry\u0107 wypryski na twarzy?"},"content":{"rendered":"<p>Wypryski na twarzy to defekt, kt\u00f3ry wyj\u0105tkowo mocno staramy si\u0119 ukry\u0107. Dlatego cz\u0119sto nak\u0142adamy na cer\u0119 grube warstwy podk\u0142adu i pudru, kt\u00f3re maj\u0105 zakamuflowa\u0107 problem, a ostatecznie tylko go podkre\u015blaj\u0105 i nasilaj\u0105 objawy tr\u0105dziku. Warto wi\u0119c pami\u0119ta\u0107, \u017ce makija\u017c maj\u0105cy zakamuflowa\u0107 wypryski nie musi, a wr\u0119cz<strong> nie powinien by\u0107 ci\u0119\u017cki<\/strong> &#8211; wystarczy zrobi\u0107 go umiej\u0119tnie i przy u\u017cyciu odpowiednich kosmetyk\u00f3w.<!--more--><\/p>\n<h3>Przygotowanie twarzy do makija\u017cu<\/h3>\n<p>Nawet je\u015bli mamy cer\u0119 t\u0142ust\u0105 i tr\u0105dzikow\u0105 nie mo\u017cna zapomina\u0107 o na\u0142o\u017ceniu pod makija\u017c <strong>kremu.<\/strong> Najlepiej postawi\u0107 tu na kosmetyk lekki, kt\u00f3ry szybko si\u0119 wch\u0142ania, ale przy tym dobrze nawil\u017ca. Sk\u00f3ra zm\u0119czona wysuszaj\u0105cymi kuracjami przeciwtr\u0105dzikowymi potrzebuje bowiem nawil\u017cenia w takim samym stopniu jak inne jej typy. Krem najlepiej nak\u0142ada\u0107 nie palcami, a <strong>du\u017cym, grubym p\u0119dzlem<\/strong>, co pozwoli unikn\u0105\u0107 roznoszenia bakterii. Oczywi\u015bcie nale\u017cy pami\u0119ta\u0107, \u017ce po ka\u017cdym u\u017cyciu p\u0119dzel powinien zosta\u0107 porz\u0105dnie umyty.<\/p>\n<h3>Podk\u0142ad i puder<\/h3>\n<p>Podk\u0142ad w przypadku takiego makija\u017cu powinien mie\u0107 w\u0142a\u015bciwo\u015bci kryj\u0105ce, ale nie mo\u017ce by\u0107 g\u0119sty ani t\u0142usty. Najlepiej sprawdzi si\u0119 lekki kosmetyk na bazie wody, kt\u00f3ry daje <strong>matowe wyko\u0144czenie.<\/strong> Za jego pomoc\u0105 jedynie wyr\u00f3wnujemy koloryt sk\u00f3ry, nie s\u0142u\u017cy on do kamuflowania wyprysk\u00f3w. Je\u015bli chodzi o puder, najlepiej postawi\u0107 na <strong>transparentny<\/strong> kosmetyk w kamieniu. Tym sposobem mo\u017cemy za jego pomoc\u0105 poprawia\u0107 makija\u017c tak cz\u0119sto, jak tego wymaga, ale nie uzyskamy nienaturalnego efektu ani nie zapchamy nadmiernie por\u00f3w. Tak samo jak w przypadku kremu te kosmetyki r\u00f3wnie\u017c nale\u017cy nak\u0142ada\u0107 <strong>p\u0119dzlami.<\/strong><\/p>\n<div id=\"attachment_6428\" style=\"width: 365px\" class=\"wp-caption aligncenter\"><a href=\"https:\/\/neness.pl\/pl\/p\/NYX-Paletka-Korektorow-Color-Correcting-Concealer\/5119\"><img loading=\"lazy\" decoding=\"async\" aria-describedby=\"caption-attachment-6428\" class=\"size-full wp-image-6428\" src=\"http:\/\/ranking-kosmetykow.pl\/wp-content\/uploads\/2020\/01\/8223ea72b99cbcfcf4a65966fb42b118.jpg\" alt=\"\" width=\"355\" height=\"355\" srcset=\"https:\/\/neness.pl\/blog\/wp-content\/uploads\/2020\/01\/8223ea72b99cbcfcf4a65966fb42b118.jpg 355w, https:\/\/neness.pl\/blog\/wp-content\/uploads\/2020\/01\/8223ea72b99cbcfcf4a65966fb42b118-300x300.jpg 300w, https:\/\/neness.pl\/blog\/wp-content\/uploads\/2020\/01\/8223ea72b99cbcfcf4a65966fb42b118-150x150.jpg 150w\" sizes=\"auto, (max-width: 355px) 100vw, 355px\" \/><\/a><p id=\"caption-attachment-6428\" class=\"wp-caption-text\">NYX Paletka Korektor\u00f3w Color Correcting Concealer<\/p><\/div>\n<h3>Maskowanie wyprysk\u00f3w<\/h3>\n<p>Do maskowania wyprysk\u00f3w potrzebny nam b\u0119dzie korektor kryj\u0105cy dobrany kolorystycznie do podk\u0142adu. Bardzo wa\u017cne jest, by mia\u0142 on <strong>w\u0142a\u015bciwo\u015bci antybakteryjne<\/strong>, co pomo\u017ce w ograniczeniu rozprzestrzeniania si\u0119 wyprysk\u00f3w. Najlepiej jest postawi\u0107 na dwuetapowe zakrywanie niedoskona\u0142o\u015bci &#8211; najpierw nak\u0142ada\u0107 <strong>korektor z zielonym pigmentem,<\/strong> a na niego ten w kolorze cery. Nale\u017cy przy tym pami\u0119ta\u0107, \u017ce taki kosmetyk nak\u0142adamy jedynie na wyprysk, a nie na sk\u00f3r\u0119 wok\u00f3\u0142 niego, wi\u0119c konieczna jest tu du\u017ca precyzja. Najlepiej nak\u0142ada\u0107 korektory za pomoc\u0105 bardzo cienkiego p\u0119dzelka.<\/p>\n<h3>O co zadba\u0107?<\/h3>\n<p>Niezwykle istotne jest, by przy tego typu makija\u017cu nie u\u017cywa\u0107 roz\u015bwietlaczy ani podk\u0142ad\u00f3w czy pudr\u00f3w z b\u0142yszcz\u0105cymi drobinkami. Takie kosmetyki uwydatni\u0105 ka\u017cd\u0105 nier\u00f3wno\u015b\u0107 na sk\u00f3rze, niwecz\u0105c ca\u0142y efekt maskowania. Zdecydowanie warto jednak postawi\u0107 na <strong>wyrazisty makija\u017c oczu lub ust<\/strong> &#8211; taki element makija\u017cu skutecznie odci\u0105gnie uwag\u0119 od niedoskona\u0142o\u015bci cery.<\/p>\n","protected":false},"excerpt":{"rendered":"<p>Wypryski na twarzy to defekt, kt\u00f3ry wyj\u0105tkowo mocno staramy si\u0119 ukry\u0107. Dlatego cz\u0119sto nak\u0142adamy na cer\u0119 grube warstwy podk\u0142adu i pudru, kt\u00f3re maj\u0105 zakamuflowa\u0107 problem, a ostatecznie tylko go podkre\u015blaj\u0105 i nasilaj\u0105 objawy tr\u0105dziku. Warto wi\u0119c pami\u0119ta\u0107, \u017ce makija\u017c maj\u0105cy zakamuflowa\u0107 wypryski nie musi, a wr\u0119cz nie powinien by\u0107 ci\u0119\u017cki &#8211; wystarczy zrobi\u0107 go umiej\u0119tnie [&hellip;]<\/p>\n","protected":false},"author":2,"featured_media":6429,"comment_status":"open","ping_status":"open","sticky":false,"template":"","format":"standard","meta":{"_et_pb_use_builder":"","_et_pb_old_content":"","_et_gb_content_width":"","footnotes":""},"categories":[41],"tags":[],"class_list":["post-6427","post","type-post","status-publish","format-standard","has-post-thumbnail","hentry","category-olsniewaj-makijazem","et-has-post-format-content","et_post_format-et-post-format-standard"],"_links":{"self":[{"href":"https:\/\/neness.pl\/blog\/wp-json\/wp\/v2\/posts\/6427","targetHints":{"allow":["GET"]}}],"collection":[{"href":"https:\/\/neness.pl\/blog\/wp-json\/wp\/v2\/posts"}],"about":[{"href":"https:\/\/neness.pl\/blog\/wp-json\/wp\/v2\/types\/post"}],"author":[{"embeddable":true,"href":"https:\/\/neness.pl\/blog\/wp-json\/wp\/v2\/users\/2"}],"replies":[{"embeddable":true,"href":"https:\/\/neness.pl\/blog\/wp-json\/wp\/v2\/comments?post=6427"}],"version-history":[{"count":0,"href":"https:\/\/neness.pl\/blog\/wp-json\/wp\/v2\/posts\/6427\/revisions"}],"wp:featuredmedia":[{"embeddable":true,"href":"https:\/\/neness.pl\/blog\/wp-json\/wp\/v2\/media\/6429"}],"wp:attachment":[{"href":"https:\/\/neness.pl\/blog\/wp-json\/wp\/v2\/media?parent=6427"}],"wp:term":[{"taxonomy":"category","embeddable":true,"href":"https:\/\/neness.pl\/blog\/wp-json\/wp\/v2\/categories?post=6427"},{"taxonomy":"post_tag","embeddable":true,"href":"https:\/\/neness.pl\/blog\/wp-json\/wp\/v2\/tags?post=6427"}],"curies":[{"name":"wp","href":"https:\/\/api.w.org\/{rel}","templated":true}]}}