{"id":6419,"date":"2020-01-10T15:36:06","date_gmt":"2020-01-10T14:36:06","guid":{"rendered":"http:\/\/ranking-kosmetykow.pl\/?p=6419"},"modified":"2020-01-10T15:36:06","modified_gmt":"2020-01-10T14:36:06","slug":"makijaz-na-zime","status":"publish","type":"post","link":"https:\/\/neness.pl\/blog\/makijaz-na-zime\/","title":{"rendered":"Makija\u017c na zim\u0119"},"content":{"rendered":"<p>Dobry makija\u017c na zim\u0119 powinien by\u0107 wykonany tak, by nie tylko dodawa\u0107 nam urody, ale te\u017c<strong> nie szkodzi\u0107 cerze,<\/strong> kt\u00f3ra o tej porze roku mierzy si\u0119 z wieloma wyzwaniami. Opr\u00f3cz tego musi by\u0107 jednak trwa\u0142y, by nie rozmazywa\u0142 si\u0119 pod wp\u0142ywem padaj\u0105cego \u015bniegu czy deszczu, dlatego powinny\u015bmy wykonywa\u0107 go za pomoc\u0105 <strong>starannie dobranych kosmetyk\u00f3w.<\/strong> Jakie najlepiej wybiera\u0107 w tym okresie?<!--more--><\/p>\n<h3>Podk\u0142ad, puder &#8211; co do tego?<\/h3>\n<p>Zim\u0105 sk\u00f3ra bywa wyj\u0105tkowo przesuszona, co spowodowane jest wiatrem, mrozem i wahaniami temperatur. Dodatkowo brakuje jej s\u0142o\u0144ca, wi\u0119c staje si\u0119 szara, matowa, pozbawiona blasku. Dlatego w tym okresie przede wszystkim trzeba unika\u0107<strong> kosmetyk\u00f3w wysuszaj\u0105cych cer\u0119<\/strong> &#8211; jak na przyk\u0142ad sypki puder czy podk\u0142ad matuj\u0105cy. Najlepiej postawi\u0107 na <strong>lekki krem BB<\/strong> i, je\u015bli mo\u017cemy sobie na to pozwoli\u0107, ca\u0142kowicie zrezygnowa\u0107 z pudru. W przypadku gdy mamy cer\u0119 t\u0142ust\u0105 i potrzebujemy tego kosmetyku &#8211; warto wybra\u0107 <strong>puder transparentny<\/strong>, kt\u00f3ry nie b\u0119dzie brudzi\u0142 czapek, szalik\u00f3w czy swetr\u00f3w.<\/p>\n<div id=\"attachment_6420\" style=\"width: 360px\" class=\"wp-caption aligncenter\"><a href=\"https:\/\/neness.pl\/dermacol-bb-magic-beauty-cream-8in1-fair\"><img loading=\"lazy\" decoding=\"async\" aria-describedby=\"caption-attachment-6420\" class=\"wp-image-6420\" src=\"http:\/\/ranking-kosmetykow.pl\/wp-content\/uploads\/2020\/01\/8a846f13658dcdb8de2f9cb2470ede47.jpg\" alt=\"\" width=\"350\" height=\"467\" srcset=\"https:\/\/neness.pl\/blog\/wp-content\/uploads\/2020\/01\/8a846f13658dcdb8de2f9cb2470ede47.jpg 750w, https:\/\/neness.pl\/blog\/wp-content\/uploads\/2020\/01\/8a846f13658dcdb8de2f9cb2470ede47-225x300.jpg 225w, https:\/\/neness.pl\/blog\/wp-content\/uploads\/2020\/01\/8a846f13658dcdb8de2f9cb2470ede47-610x813.jpg 610w\" sizes=\"auto, (max-width: 350px) 100vw, 350px\" \/><\/a><p id=\"caption-attachment-6420\" class=\"wp-caption-text\">Dermacol BB Magic Beauty Cream 8in1 Fair<\/p><\/div>\n<p>Aby doda\u0107 sk\u00f3rze nieco blasku, mo\u017cemy u\u017cy\u0107 odrobiny<strong> roz\u015bwietlacza w kremie<\/strong> lub podkre\u015bli\u0107 kontury twarzy bronzerem. Sprawi to, \u017ce cera b\u0119dzie wygl\u0105da\u0142a na \u015bwie\u017csz\u0105 i zdrowsz\u0105, a makija\u017c stanie si\u0119 efektowniejszy. Zima nie jest za to dobrym okresem na stosowanie r\u00f3\u017c\u00f3w &#8211; pod wp\u0142ywem zimna sk\u00f3ra i tak staje si\u0119 zaczerwieniona i lepiej nie podkre\u015bla\u0107 tego kosmetykami. Je\u015bli mamy du\u017cy problem z zaczerwienieniami cery pod wp\u0142ywem mrozu, pod makija\u017c mo\u017cemy na\u0142o\u017cy\u0107 <strong>baz\u0119 z zielonym pigmentem.<\/strong><\/p>\n<h3>Makija\u017c oczu<\/h3>\n<p>W przypadku makija\u017cu oczu, w zimowych miesi\u0105cach najlepiej sprawdz\u0105 si\u0119<strong> kosmetyki wodoodporne<\/strong>, gdy\u017c cz\u0119ste opady deszczu lub \u015bniegu szybko mog\u0105 nam zafundowa\u0107 efekt pandy. Opr\u00f3cz odpornego na wod\u0119 tuszu i eyelinera mo\u017cemy tak\u017ce na\u0142o\u017cy\u0107 <strong>po\u0142yskuj\u0105cy cie\u0144 do powiek<\/strong>. Odrobina b\u0142ysku doda blasku naszemu spojrzeniu i pi\u0119knie roz\u015bwietli make-up. Tego typu kosmetyku powinny jednak unika\u0107 osoby, kt\u00f3re maj\u0105 zmarszczki wok\u00f3\u0142 oczu, gdy\u017c cienie niepotrzebnie je podkre\u015bl\u0105.<\/p>\n<div id=\"attachment_6421\" style=\"width: 360px\" class=\"wp-caption aligncenter\"><a href=\"https:\/\/neness.pl\/w7-selfie-puder-transparenty\"><img loading=\"lazy\" decoding=\"async\" aria-describedby=\"caption-attachment-6421\" class=\"wp-image-6421\" src=\"http:\/\/ranking-kosmetykow.pl\/wp-content\/uploads\/2020\/01\/940ca07fc3606bbfdc10ebac77dfdd09.jpg\" alt=\"\" width=\"350\" height=\"467\" srcset=\"https:\/\/neness.pl\/blog\/wp-content\/uploads\/2020\/01\/940ca07fc3606bbfdc10ebac77dfdd09.jpg 750w, https:\/\/neness.pl\/blog\/wp-content\/uploads\/2020\/01\/940ca07fc3606bbfdc10ebac77dfdd09-225x300.jpg 225w, https:\/\/neness.pl\/blog\/wp-content\/uploads\/2020\/01\/940ca07fc3606bbfdc10ebac77dfdd09-610x813.jpg 610w\" sizes=\"auto, (max-width: 350px) 100vw, 350px\" \/><\/a><p id=\"caption-attachment-6421\" class=\"wp-caption-text\">W7 Selfie! Puder Transparenty<\/p><\/div>\n<h3>Co na usta?<\/h3>\n<p>Ch\u0142\u00f3d i wiatr maj\u0105 te\u017c niema\u0142y wp\u0142yw na nasze usta, kt\u00f3re w tym okresie maj\u0105 szczeg\u00f3ln\u0105 tendencj\u0119 do wysuszania si\u0119 i p\u0119kania. Dlatego zim\u0105 powinny\u015bmy zrezygnowa\u0107 z matowych pomadek, kt\u00f3re maj\u0105 wysuszaj\u0105ce dzia\u0142anie. Idealnie sprawdz\u0105 si\u0119 za to <strong>balsamy piel\u0119gnuj\u0105ce z dodatkiem wosku<\/strong> &#8211; zar\u00f3wno te bezbarwne, jak i z kolorowym pigmentem.<\/p>\n","protected":false},"excerpt":{"rendered":"<p>Dobry makija\u017c na zim\u0119 powinien by\u0107 wykonany tak, by nie tylko dodawa\u0107 nam urody, ale te\u017c nie szkodzi\u0107 cerze, kt\u00f3ra o tej porze roku mierzy si\u0119 z wieloma wyzwaniami. Opr\u00f3cz tego musi by\u0107 jednak trwa\u0142y, by nie rozmazywa\u0142 si\u0119 pod wp\u0142ywem padaj\u0105cego \u015bniegu czy deszczu, dlatego powinny\u015bmy wykonywa\u0107 go za pomoc\u0105 starannie dobranych kosmetyk\u00f3w. Jakie [&hellip;]<\/p>\n","protected":false},"author":2,"featured_media":6422,"comment_status":"open","ping_status":"open","sticky":false,"template":"","format":"standard","meta":{"_et_pb_use_builder":"","_et_pb_old_content":"","_et_gb_content_width":"","footnotes":""},"categories":[185],"tags":[],"class_list":["post-6419","post","type-post","status-publish","format-standard","has-post-thumbnail","hentry","category-codzienna-pielegnacja","et-has-post-format-content","et_post_format-et-post-format-standard"],"_links":{"self":[{"href":"https:\/\/neness.pl\/blog\/wp-json\/wp\/v2\/posts\/6419","targetHints":{"allow":["GET"]}}],"collection":[{"href":"https:\/\/neness.pl\/blog\/wp-json\/wp\/v2\/posts"}],"about":[{"href":"https:\/\/neness.pl\/blog\/wp-json\/wp\/v2\/types\/post"}],"author":[{"embeddable":true,"href":"https:\/\/neness.pl\/blog\/wp-json\/wp\/v2\/users\/2"}],"replies":[{"embeddable":true,"href":"https:\/\/neness.pl\/blog\/wp-json\/wp\/v2\/comments?post=6419"}],"version-history":[{"count":0,"href":"https:\/\/neness.pl\/blog\/wp-json\/wp\/v2\/posts\/6419\/revisions"}],"wp:featuredmedia":[{"embeddable":true,"href":"https:\/\/neness.pl\/blog\/wp-json\/wp\/v2\/media\/6422"}],"wp:attachment":[{"href":"https:\/\/neness.pl\/blog\/wp-json\/wp\/v2\/media?parent=6419"}],"wp:term":[{"taxonomy":"category","embeddable":true,"href":"https:\/\/neness.pl\/blog\/wp-json\/wp\/v2\/categories?post=6419"},{"taxonomy":"post_tag","embeddable":true,"href":"https:\/\/neness.pl\/blog\/wp-json\/wp\/v2\/tags?post=6419"}],"curies":[{"name":"wp","href":"https:\/\/api.w.org\/{rel}","templated":true}]}}