{"id":6384,"date":"2019-12-17T12:39:49","date_gmt":"2019-12-17T11:39:49","guid":{"rendered":"http:\/\/ranking-kosmetykow.pl\/?p=6384"},"modified":"2019-12-17T12:39:49","modified_gmt":"2019-12-17T11:39:49","slug":"wygodne-fryzury-pod-czapke","status":"publish","type":"post","link":"https:\/\/neness.pl\/blog\/wygodne-fryzury-pod-czapke\/","title":{"rendered":"Wygodne fryzury pod czapk\u0119"},"content":{"rendered":"<p>Zim\u0105, gdy temperatura oscyluje w okolicach zera stopni lub spada jeszcze bardziej, trudno wybra\u0107 si\u0119 z domu bez czapki. Zreszt\u0105 zupe\u0142nie nie warto unika\u0107 tego elementu garderoby. Nie do\u015b\u0107, \u017ce<strong> zabezpiecza nas przed utrat\u0105 ciep\u0142a i chorob\u0105, <\/strong>to jest<strong> \u015bwietnym dodatkiem do stylizacji!<\/strong> Najwi\u0119kszym problemem z czapk\u0105 jest to, \u017ce niezwykle trudno dobra\u0107 do niej tak\u0105 fryzur\u0119, kt\u00f3ra b\u0119dzie dobrze wygl\u0105da\u0142a zar\u00f3wno gdy nosimy nakrycie g\u0142owy, jak i po jego zdj\u0119ciu. S\u0105 jednak takie, kt\u00f3re doskonale nadaj\u0105 si\u0119 pod czapk\u0119!<!--more--><\/p>\n<h3>Lu\u017any warkocz<\/h3>\n<p>Pi\u0119kn\u0105 fryzur\u0105 pod czapk\u0119 jest lu\u017any warkocz, kt\u00f3ry sprawia nawet wra\u017cenie nieco rozwianego. Mo\u017cemy zdecydowa\u0107 si\u0119 na<strong> tradycyjny, holenderski albo k\u0142osa<\/strong>, ale niezale\u017cnie od wybranej opcji nale\u017cy pami\u0119ta\u0107 o podstawowej zasadzie &#8211; warkocz do czapki robimy nie z ty\u0142u, lecz<strong> z boku.<\/strong> Je\u015bli zepniemy w\u0142osy za plecami, b\u0119dzie to sprawia\u0142o wra\u017cenie, jakby pod czapk\u0105 nie by\u0142o w\u0142os\u00f3w, co automatycznie zaokr\u0105gli twarz i optycznie pomniejszy g\u0142ow\u0119 w por\u00f3wnaniu z cia\u0142em ubranym w grub\u0105 kurtk\u0119 czy p\u0142aszcz.<\/p>\n<div id=\"attachment_6386\" style=\"width: 160px\" class=\"wp-caption aligncenter\"><a href=\"https:\/\/neness.pl\/pl\/p\/Natura-Siberica-Fresh-Spa-Szampon-do-Wlosow-Zniszczonych-Zloty-Rokitnik\/5252\"><img loading=\"lazy\" decoding=\"async\" aria-describedby=\"caption-attachment-6386\" class=\"wp-image-6386\" src=\"http:\/\/ranking-kosmetykow.pl\/wp-content\/uploads\/2019\/12\/562b3cd3f91f937162c04e6d32ce67ac.png\" alt=\"\" width=\"150\" height=\"500\" srcset=\"https:\/\/neness.pl\/blog\/wp-content\/uploads\/2019\/12\/562b3cd3f91f937162c04e6d32ce67ac.png 195w, https:\/\/neness.pl\/blog\/wp-content\/uploads\/2019\/12\/562b3cd3f91f937162c04e6d32ce67ac-90x300.png 90w\" sizes=\"auto, (max-width: 150px) 100vw, 150px\" \/><\/a><p id=\"caption-attachment-6386\" class=\"wp-caption-text\">Natura Siberica Fresh Spa Szampon do W\u0142os\u00f3w Zniszczonych Z\u0142oty Rokitnik<\/p><\/div>\n<p>Warkocze z boku za to pi\u0119knie si\u0119 prezentuj\u0105 i dodaj\u0105 nam mn\u00f3stwo uroku! Je\u015bli nasze w\u0142osy maj\u0105 sk\u0142onno\u015b\u0107 do elektryzowania si\u0119 lub szybko staj\u0105 si\u0119 przyklapni\u0119te, warto zdecydowa\u0107 si\u0119 na <strong>warkocz dobierany,<\/strong> kt\u00f3ry zaczyna si\u0119 ju\u017c nad czo\u0142em. Wtedy dobieramy pasma tylko od strony czubka g\u0142owy, a pasmo najbli\u017cej twarzy zostawiamy bez dobierania.<\/p>\n<h3>Dzikie loki i subtelne fale<\/h3>\n<p>Zim\u0105 zdecydowanie warto te\u017c postawi\u0107 na loki lub fale! Taka fryzura doskonale wygl\u0105da po zdj\u0119ciu czapki &#8211; w ko\u0144cu w ich przypadku stawiamy na nieokie\u0142znanie i pozorny nie\u0142ad. Dodatkowo loki pozwol\u0105 nam zachowa\u0107 w\u0142a\u015bciwe proporcje cia\u0142a, gdy wk\u0142adamy czapk\u0119, a pr\u00f3cz tego pozwol\u0105 <strong>unikn\u0105\u0107 efektu oklapni\u0119tych w\u0142os\u00f3w<\/strong> po jej zdj\u0119ciu. Fale i loki musz\u0105 by\u0107 jednak <strong>zadbane i odpowiednio nawil\u017cone.<\/strong> Warto rozwa\u017cy\u0107 takie metody wykonywania fryzury, kt\u00f3re nie wymagaj\u0105 u\u017cycia ciep\u0142a, a tym samym mniej niszcz\u0105 w\u0142osy, je\u015bli za\u015b u\u017cywamy lok\u00f3wki b\u0105d\u017a prostownicy, koniecznie powinny\u015bmy u\u017cy\u0107 kosmetyku termoochronnego.<\/p>\n<div id=\"attachment_6387\" style=\"width: 360px\" class=\"wp-caption aligncenter\"><a href=\"https:\/\/neness.pl\/dr-konopkas-odzywka-zwiekszajaca-objetosc-wlosow-500ml\"><img loading=\"lazy\" decoding=\"async\" aria-describedby=\"caption-attachment-6387\" class=\"wp-image-6387\" src=\"http:\/\/ranking-kosmetykow.pl\/wp-content\/uploads\/2019\/12\/d0b3e0baf6c09b57e4631a78b52df379.png\" alt=\"\" width=\"350\" height=\"467\" srcset=\"https:\/\/neness.pl\/blog\/wp-content\/uploads\/2019\/12\/d0b3e0baf6c09b57e4631a78b52df379.png 750w, https:\/\/neness.pl\/blog\/wp-content\/uploads\/2019\/12\/d0b3e0baf6c09b57e4631a78b52df379-225x300.png 225w, https:\/\/neness.pl\/blog\/wp-content\/uploads\/2019\/12\/d0b3e0baf6c09b57e4631a78b52df379-610x813.png 610w\" sizes=\"auto, (max-width: 350px) 100vw, 350px\" \/><\/a><p id=\"caption-attachment-6387\" class=\"wp-caption-text\">Dr. Konopka&#8217;s Od\u017cywka Zwi\u0119kszaj\u0105ca Obj\u0119to\u015b\u0107 W\u0142os\u00f3w 500ml<\/p><\/div>\n<h3>Pi\u0119kny kok zimowy<\/h3>\n<p>Mo\u017cemy te\u017c zdecydowa\u0107 si\u0119 na efektowny kok, jednak trzeba pami\u0119ta\u0107, \u017ce nie wszystkie jego rodzaje b\u0119d\u0105 pasowa\u0107 do czapki. Oczywi\u015bcie m\u00f3wi\u0105c o koku pod czapk\u0119, nie mamy na my\u015bli takiego na czubku g\u0142owy, kt\u00f3ry jest misternie, co do pasma u\u0142o\u017cony. Zim\u0105 najlepiej sprawdzi si\u0119 <strong>bardzo niskie upi\u0119cie na karku,<\/strong> z kilkoma wystaj\u0105cymi pasmami. Taki kok powinien by\u0107 mo\u017cliwie obszerny i lu\u017any &#8211; wtedy drobne niedoci\u0105gni\u0119cia po zdj\u0119ciu czapki tylko dodadz\u0105 fryzurze uroku!<\/p>\n","protected":false},"excerpt":{"rendered":"<p>Zim\u0105, gdy temperatura oscyluje w okolicach zera stopni lub spada jeszcze bardziej, trudno wybra\u0107 si\u0119 z domu bez czapki. Zreszt\u0105 zupe\u0142nie nie warto unika\u0107 tego elementu garderoby. Nie do\u015b\u0107, \u017ce zabezpiecza nas przed utrat\u0105 ciep\u0142a i chorob\u0105, to jest \u015bwietnym dodatkiem do stylizacji! Najwi\u0119kszym problemem z czapk\u0105 jest to, \u017ce niezwykle trudno dobra\u0107 do niej [&hellip;]<\/p>\n","protected":false},"author":2,"featured_media":6385,"comment_status":"open","ping_status":"open","sticky":false,"template":"","format":"standard","meta":{"_et_pb_use_builder":"","_et_pb_old_content":"","_et_gb_content_width":"","footnotes":""},"categories":[48],"tags":[],"class_list":["post-6384","post","type-post","status-publish","format-standard","has-post-thumbnail","hentry","category-wlosy-idealne","et-has-post-format-content","et_post_format-et-post-format-standard"],"_links":{"self":[{"href":"https:\/\/neness.pl\/blog\/wp-json\/wp\/v2\/posts\/6384","targetHints":{"allow":["GET"]}}],"collection":[{"href":"https:\/\/neness.pl\/blog\/wp-json\/wp\/v2\/posts"}],"about":[{"href":"https:\/\/neness.pl\/blog\/wp-json\/wp\/v2\/types\/post"}],"author":[{"embeddable":true,"href":"https:\/\/neness.pl\/blog\/wp-json\/wp\/v2\/users\/2"}],"replies":[{"embeddable":true,"href":"https:\/\/neness.pl\/blog\/wp-json\/wp\/v2\/comments?post=6384"}],"version-history":[{"count":0,"href":"https:\/\/neness.pl\/blog\/wp-json\/wp\/v2\/posts\/6384\/revisions"}],"wp:featuredmedia":[{"embeddable":true,"href":"https:\/\/neness.pl\/blog\/wp-json\/wp\/v2\/media\/6385"}],"wp:attachment":[{"href":"https:\/\/neness.pl\/blog\/wp-json\/wp\/v2\/media?parent=6384"}],"wp:term":[{"taxonomy":"category","embeddable":true,"href":"https:\/\/neness.pl\/blog\/wp-json\/wp\/v2\/categories?post=6384"},{"taxonomy":"post_tag","embeddable":true,"href":"https:\/\/neness.pl\/blog\/wp-json\/wp\/v2\/tags?post=6384"}],"curies":[{"name":"wp","href":"https:\/\/api.w.org\/{rel}","templated":true}]}}