{"id":6371,"date":"2019-12-13T11:46:19","date_gmt":"2019-12-13T10:46:19","guid":{"rendered":"http:\/\/ranking-kosmetykow.pl\/?p=6371"},"modified":"2019-12-13T11:46:19","modified_gmt":"2019-12-13T10:46:19","slug":"na-czym-polega-depilacja-laserowa","status":"publish","type":"post","link":"https:\/\/neness.pl\/blog\/na-czym-polega-depilacja-laserowa\/","title":{"rendered":"Na czym polega depilacja laserowa?"},"content":{"rendered":"<p>Konieczno\u015b\u0107 ci\u0105g\u0142ego depilowania w\u0142osk\u00f3w na nogach, r\u0119kach czy w okolicach bikini potrafi by\u0107 naprawd\u0119 uci\u0105\u017cliwa, zw\u0142aszcza latem, gdy lubimy nosi\u0107 kr\u00f3tkie sukienki czy kostium k\u0105pielowy. Dlatego te\u017c coraz wi\u0119cej kobiet decyduje si\u0119 na <strong>trwa\u0142\u0105 metod\u0119 usuwania ow\u0142osienia<\/strong>, czyli depilacj\u0119 laserow\u0105. W jaki spos\u00f3b ona dzia\u0142a?<!--more--><\/p>\n<h3>Czym jest depilacja laserowa?<\/h3>\n<p>Depilacja laserowa pozwala na sta\u0142e pozbycie si\u0119 w\u0142osk\u00f3w z wybranych obszar\u00f3w niemal w stu procentach. Polega na skierowaniu na sk\u00f3r\u0119 wi\u0105zki lasera, kt\u00f3ra przenika do w\u0142osa i jest poch\u0142aniana przez melanin\u0119 w nim zawart\u0105. Nast\u0119pnie zostaje zamieniona w energi\u0119, kt\u00f3ra <strong>niszczy odpowiedzialne za wzrost kom\u00f3rki w strukturze w\u0142osa oraz mieszki w\u0142osowe.<\/strong> Dzi\u0119ki temu w\u0142osy stopniowo przestaj\u0105 odrasta\u0107, a te, kt\u00f3re si\u0119 pojawiaj\u0105, staj\u0105 si\u0119 s\u0142absze i ja\u015bniejsze.<\/p>\n<p>\u017beby jednak uzyska\u0107 ca\u0142kowicie g\u0142adk\u0105 sk\u00f3r\u0119, potrzeba<strong> od kilku do kilkunastu zabieg\u00f3w<\/strong> &#8211; ich liczba jest kwesti\u0105 bardzo indywidualn\u0105. To konieczne przede wszystkim dlatego, \u017ce laser dzia\u0142a jedynie na w\u0142oski <strong>w fazie aktywnego wzrostu,<\/strong> wi\u0119c jeden zabieg nie jest w stanie usun\u0105\u0107 wszystkich. Najszybciej depilacja laserowa dzia\u0142a w przypadku os\u00f3b, kt\u00f3re maj\u0105 bardzo ciemne, grube w\u0142oski &#8211; wtedy z regu\u0142y wystarcza kilka zabieg\u00f3w. Je\u015bli mamy w\u0142osy ja\u015bniejsze, ich usuni\u0119cie na pewno b\u0119dzie bardziej czasoch\u0142onne, natomiast w przypadku rudych i siwych jest<strong> ca\u0142kowicie niemo\u017cliwe.<\/strong><\/p>\n<h3>Jak przygotowa\u0107 si\u0119 do depilacji laserowej?<\/h3>\n<p>Ju\u017c na kilka tygodni przed rozpocz\u0119ciem depilacji laserowej nie nale\u017cy si\u0119 opala\u0107 ani u\u017cywa\u0107 kosmetyk\u00f3w i zi\u00f3\u0142 fotouczulaj\u0105cych (na przyk\u0142ad z krem\u00f3w z retinolem, nagietka, dziurawca). Trzeba te\u017c <strong>zrezygnowa\u0107 z wszystkich metod depilacji, kt\u00f3re polegaj\u0105 na wyrywaniu w\u0142osk\u00f3w z cebulkami<\/strong> &#8211; na przyk\u0142ad depilacji woskiem czy depilatorem elektrycznym. Zabronione jest tak\u017ce stosowanie samoopalaczy, bo te, podobnie jak naturalne opalanie, zmniejszaj\u0105 skuteczno\u015b\u0107 zabiegu.<\/p>\n<p>Je\u015bli mieli\u015bmy ju\u017c wykonan\u0105 pr\u00f3b\u0119 uczuleniow\u0105, przed zabiegiem powinni\u015bmy ogoli\u0107 wszystkie obszary, kt\u00f3re maj\u0105 zosta\u0107 mu poddane. W przypadku gdy pr\u00f3ba nie zosta\u0142a przeprowadzona, lepiej pozostawi\u0107 w\u0142oski, by osoba wykonuj\u0105ca zabieg mog\u0142a oceni\u0107 ich kolor, wtedy golenie b\u0119dzie mia\u0142o miejsce bezpo\u015brednio przed depilacj\u0105. Nale\u017cy te\u017c pami\u0119ta\u0107, \u017ce przed zabiegiem<strong> nie mo\u017cemy smarowa\u0107 sk\u00f3ry \u017cadnym kosmetykiem.<\/strong><\/p>\n<h3>Czy depilacja laserowa boli?<\/h3>\n<p>Odczucia zwi\u0105zane z depilacj\u0105 laserow\u0105 s\u0105 bardzo r\u00f3\u017cne. Przypadki, \u017ce zabieg ten jest dla pacjenta bolesny, bywaj\u0105 jednak niezwykle rzadkie. Z regu\u0142y najgorsze, z czym musimy si\u0119 mierzy\u0107 podczas niego, to dyskomfort taki jak delikatne pieczenie lub sw\u0119dzenie sk\u00f3ry czy zaczerwienia. Je\u015bli czujemy b\u00f3l podczas depilacji, warto <strong>zg\u0142osi\u0107 to osobie, kt\u00f3ra j\u0105 wykonuje<\/strong> &#8211; mo\u017ce ona wtedy zastosowa\u0107 ma\u015b\u0107 znieczulaj\u0105c\u0105.<\/p>\n","protected":false},"excerpt":{"rendered":"<p>Konieczno\u015b\u0107 ci\u0105g\u0142ego depilowania w\u0142osk\u00f3w na nogach, r\u0119kach czy w okolicach bikini potrafi by\u0107 naprawd\u0119 uci\u0105\u017cliwa, zw\u0142aszcza latem, gdy lubimy nosi\u0107 kr\u00f3tkie sukienki czy kostium k\u0105pielowy. Dlatego te\u017c coraz wi\u0119cej kobiet decyduje si\u0119 na trwa\u0142\u0105 metod\u0119 usuwania ow\u0142osienia, czyli depilacj\u0119 laserow\u0105. W jaki spos\u00f3b ona dzia\u0142a?<\/p>\n","protected":false},"author":2,"featured_media":6372,"comment_status":"open","ping_status":"open","sticky":false,"template":"","format":"standard","meta":{"_et_pb_use_builder":"","_et_pb_old_content":"","_et_gb_content_width":"","footnotes":""},"categories":[6],"tags":[],"class_list":["post-6371","post","type-post","status-publish","format-standard","has-post-thumbnail","hentry","category-trendy","et-has-post-format-content","et_post_format-et-post-format-standard"],"_links":{"self":[{"href":"https:\/\/neness.pl\/blog\/wp-json\/wp\/v2\/posts\/6371","targetHints":{"allow":["GET"]}}],"collection":[{"href":"https:\/\/neness.pl\/blog\/wp-json\/wp\/v2\/posts"}],"about":[{"href":"https:\/\/neness.pl\/blog\/wp-json\/wp\/v2\/types\/post"}],"author":[{"embeddable":true,"href":"https:\/\/neness.pl\/blog\/wp-json\/wp\/v2\/users\/2"}],"replies":[{"embeddable":true,"href":"https:\/\/neness.pl\/blog\/wp-json\/wp\/v2\/comments?post=6371"}],"version-history":[{"count":0,"href":"https:\/\/neness.pl\/blog\/wp-json\/wp\/v2\/posts\/6371\/revisions"}],"wp:featuredmedia":[{"embeddable":true,"href":"https:\/\/neness.pl\/blog\/wp-json\/wp\/v2\/media\/6372"}],"wp:attachment":[{"href":"https:\/\/neness.pl\/blog\/wp-json\/wp\/v2\/media?parent=6371"}],"wp:term":[{"taxonomy":"category","embeddable":true,"href":"https:\/\/neness.pl\/blog\/wp-json\/wp\/v2\/categories?post=6371"},{"taxonomy":"post_tag","embeddable":true,"href":"https:\/\/neness.pl\/blog\/wp-json\/wp\/v2\/tags?post=6371"}],"curies":[{"name":"wp","href":"https:\/\/api.w.org\/{rel}","templated":true}]}}