{"id":6360,"date":"2019-12-11T12:16:29","date_gmt":"2019-12-11T11:16:29","guid":{"rendered":"http:\/\/ranking-kosmetykow.pl\/?p=6360"},"modified":"2019-12-11T12:16:29","modified_gmt":"2019-12-11T11:16:29","slug":"wybieramy-kredke-do-oczu","status":"publish","type":"post","link":"https:\/\/neness.pl\/blog\/wybieramy-kredke-do-oczu\/","title":{"rendered":"Wybieramy kredk\u0119 do oczu"},"content":{"rendered":"<p>Kredka do oczu to kosmetyk, kt\u00f3rym znakomicie mo\u017cemy podkre\u015bli\u0107 wyrazisto\u015b\u0107 spojrzenia, powi\u0119kszy\u0107 optycznie oczy i nada\u0107 makija\u017cowi elegancji. Pasuje zar\u00f3wno do make-upu codziennego, jak i wieczorowego, a przy tym sprawdza si\u0119 przy ka\u017cdym typie urody. Oczywi\u015bcie nale\u017cy jednak odpowiednio j\u0105 dobra\u0107. Przy wyborze warto wzi\u0105\u0107 pod uwag\u0119 dwie jej cechy &#8211; <strong>mi\u0119kko\u015b\u0107 <\/strong>oraz<strong> kolor<\/strong> &#8211; gdy\u017c to one decyduj\u0105 o makija\u017cowym sukcesie lub pora\u017cce.<!--more--><\/p>\n<h3>Twarda czy mi\u0119kka?<\/h3>\n<p>To, czy powinni\u015bmy wybra\u0107 kredk\u0119 tward\u0105, czy mi\u0119kk\u0105, zale\u017cy od typu makija\u017cu, jaki preferujemy. <strong>Twardych kredek<\/strong> u\u017cywa si\u0119 przede wszystkim do wykonywania <strong>cienkich, precyzyjnych kresek.<\/strong> Tego typu produkty trudno rozetrze\u0107, dzi\u0119ki czemu s\u0105 stosunkowo trwa\u0142e, ale jednocze\u015bnie ich u\u017cywanie wymaga pewnej r\u0119ki i do\u015bwiadczenia.<strong> Kredki mi\u0119kkie<\/strong>, zw\u0142aszcza je\u015bli wybieramy grubsze produkty, przypominaj\u0105 nieco cienie w sztyfcie i nie wymagaj\u0105 a\u017c takiej dok\u0142adno\u015bci. Mo\u017cemy je s<strong>wobodnie rozciera\u0107,<\/strong> tworz\u0105c smokey eyes, lub podkre\u015bla\u0107 nimi zewn\u0119trzny k\u0105cik oka. Doskonale nadaj\u0105 si\u0119 te\u017c do <strong>zag\u0119szczania linii rz\u0119s i malowania linii wodnej oka<\/strong>, co nie jest mo\u017cliwe przy u\u017cyciu twardej kredki.<\/p>\n<div id=\"attachment_6362\" style=\"width: 360px\" class=\"wp-caption aligncenter\"><a href=\"https:\/\/neness.pl\/dermacol-mikro-kredka-matowa-do-oczu-black-matt\"><img loading=\"lazy\" decoding=\"async\" aria-describedby=\"caption-attachment-6362\" class=\"wp-image-6362\" src=\"http:\/\/ranking-kosmetykow.pl\/wp-content\/uploads\/2019\/12\/0c65f636b2ad94fd706181f883417601.jpg\" alt=\"\" width=\"350\" height=\"467\" srcset=\"https:\/\/neness.pl\/blog\/wp-content\/uploads\/2019\/12\/0c65f636b2ad94fd706181f883417601.jpg 750w, https:\/\/neness.pl\/blog\/wp-content\/uploads\/2019\/12\/0c65f636b2ad94fd706181f883417601-225x300.jpg 225w, https:\/\/neness.pl\/blog\/wp-content\/uploads\/2019\/12\/0c65f636b2ad94fd706181f883417601-610x813.jpg 610w\" sizes=\"auto, (max-width: 350px) 100vw, 350px\" \/><\/a><p id=\"caption-attachment-6362\" class=\"wp-caption-text\">Dermacol Mikro Kredka Matowa do Oczu Black Matt<\/p><\/div>\n<h3>Jaki kolor b\u0119dzie najlepszy?<\/h3>\n<p>Kobiety, kt\u00f3re szukaj\u0105 kredki do makija\u017cu codziennego, najcz\u0119\u015bciej decyduj\u0105 si\u0119 na <strong>kolor czarny.<\/strong> Nie zawsze jest to najlepszy wyb\u00f3r. Produkt o tej barwie b\u0119dzie doskonale wsp\u00f3\u0142gra\u0142 z ciemnym kolorem w\u0142os\u00f3w, jednak blondynki czy panie o w\u0142osach rudych powinny decydowa\u0107 si\u0119 na kosmetyki ja\u015bniejsze &#8211; <strong>w odcieniach br\u0105zu.<\/strong> Te lepiej harmonizuj\u0105 z ich typem urody i prezentuj\u0105 si\u0119 du\u017co naturalniej, dzi\u0119ki czemu wygl\u0105damy na m\u0142odsze i bardziej wypocz\u0119te.<\/p>\n<div id=\"attachment_6361\" style=\"width: 360px\" class=\"wp-caption aligncenter\"><a href=\"https:\/\/neness.pl\/astor-astor-perfect-stay-24h-eyeshadow--liner-wodoodporny-cien-i-eyeliner-w-kredce\"><img loading=\"lazy\" decoding=\"async\" aria-describedby=\"caption-attachment-6361\" class=\"wp-image-6361\" src=\"http:\/\/ranking-kosmetykow.pl\/wp-content\/uploads\/2019\/12\/2c6ae54575603a773438e275a0cc7f12.jpg\" alt=\"\" width=\"350\" height=\"350\" srcset=\"https:\/\/neness.pl\/blog\/wp-content\/uploads\/2019\/12\/2c6ae54575603a773438e275a0cc7f12.jpg 500w, https:\/\/neness.pl\/blog\/wp-content\/uploads\/2019\/12\/2c6ae54575603a773438e275a0cc7f12-300x300.jpg 300w, https:\/\/neness.pl\/blog\/wp-content\/uploads\/2019\/12\/2c6ae54575603a773438e275a0cc7f12-150x150.jpg 150w, https:\/\/neness.pl\/blog\/wp-content\/uploads\/2019\/12\/2c6ae54575603a773438e275a0cc7f12-440x440.jpg 440w\" sizes=\"auto, (max-width: 350px) 100vw, 350px\" \/><\/a><p id=\"caption-attachment-6361\" class=\"wp-caption-text\">Astor Astor Perfect Stay 24H Eyeshadow &amp; Liner Wodoodporny Cie\u0144 I Eyeliner W Kredce<\/p><\/div>\n<p>Zdarza si\u0119 jednak, \u017ce mamy ochot\u0119 doda\u0107 do makija\u017cu nieco kolor\u00f3w i zdecydowa\u0107 si\u0119 na kredk\u0119 o \u017cywszej barwie. Czym kierowa\u0107 si\u0119 w takim wypadku? Ot\u00f3\u017c najlepiej dobra\u0107 kolor do <strong>t\u0119cz\u00f3wki oka,<\/strong> stawiaj\u0105c na tak\u0105 barw\u0119, kt\u00f3ra<strong> b\u0119dzie z ni\u0105 kontrastowa\u0142a.<\/strong> W my\u015bl tej zasady niebieskie oczy mo\u017cemy podkre\u015bli\u0107 kredk\u0105 pomara\u0144czow\u0105 lub fioletow\u0105, do br\u0105zowych pasuj\u0105 za\u015b granatowe i zielone produkty. Oczy szare mo\u017cemy malowa\u0107 na czarno, a w przypadku zielonych r\u00f3wnie\u017c doskonale sprawdzi si\u0119 fioletowy. Oczy czarne pozwalaj\u0105 na najwi\u0119ksz\u0105 dowolno\u015b\u0107 &#8211; b\u0119d\u0105 pasowa\u0142y do nich wszystkie kolory kredek.<\/p>\n","protected":false},"excerpt":{"rendered":"<p>Kredka do oczu to kosmetyk, kt\u00f3rym znakomicie mo\u017cemy podkre\u015bli\u0107 wyrazisto\u015b\u0107 spojrzenia, powi\u0119kszy\u0107 optycznie oczy i nada\u0107 makija\u017cowi elegancji. Pasuje zar\u00f3wno do make-upu codziennego, jak i wieczorowego, a przy tym sprawdza si\u0119 przy ka\u017cdym typie urody. Oczywi\u015bcie nale\u017cy jednak odpowiednio j\u0105 dobra\u0107. Przy wyborze warto wzi\u0105\u0107 pod uwag\u0119 dwie jej cechy &#8211; mi\u0119kko\u015b\u0107 oraz kolor &#8211; [&hellip;]<\/p>\n","protected":false},"author":2,"featured_media":6363,"comment_status":"open","ping_status":"open","sticky":false,"template":"","format":"standard","meta":{"_et_pb_use_builder":"","_et_pb_old_content":"","_et_gb_content_width":"","footnotes":""},"categories":[41],"tags":[],"class_list":["post-6360","post","type-post","status-publish","format-standard","has-post-thumbnail","hentry","category-olsniewaj-makijazem","et-has-post-format-content","et_post_format-et-post-format-standard"],"_links":{"self":[{"href":"https:\/\/neness.pl\/blog\/wp-json\/wp\/v2\/posts\/6360","targetHints":{"allow":["GET"]}}],"collection":[{"href":"https:\/\/neness.pl\/blog\/wp-json\/wp\/v2\/posts"}],"about":[{"href":"https:\/\/neness.pl\/blog\/wp-json\/wp\/v2\/types\/post"}],"author":[{"embeddable":true,"href":"https:\/\/neness.pl\/blog\/wp-json\/wp\/v2\/users\/2"}],"replies":[{"embeddable":true,"href":"https:\/\/neness.pl\/blog\/wp-json\/wp\/v2\/comments?post=6360"}],"version-history":[{"count":0,"href":"https:\/\/neness.pl\/blog\/wp-json\/wp\/v2\/posts\/6360\/revisions"}],"wp:featuredmedia":[{"embeddable":true,"href":"https:\/\/neness.pl\/blog\/wp-json\/wp\/v2\/media\/6363"}],"wp:attachment":[{"href":"https:\/\/neness.pl\/blog\/wp-json\/wp\/v2\/media?parent=6360"}],"wp:term":[{"taxonomy":"category","embeddable":true,"href":"https:\/\/neness.pl\/blog\/wp-json\/wp\/v2\/categories?post=6360"},{"taxonomy":"post_tag","embeddable":true,"href":"https:\/\/neness.pl\/blog\/wp-json\/wp\/v2\/tags?post=6360"}],"curies":[{"name":"wp","href":"https:\/\/api.w.org\/{rel}","templated":true}]}}