{"id":6356,"date":"2019-12-10T14:07:04","date_gmt":"2019-12-10T13:07:04","guid":{"rendered":"http:\/\/ranking-kosmetykow.pl\/?p=6356"},"modified":"2019-12-10T14:07:04","modified_gmt":"2019-12-10T13:07:04","slug":"czy-kosmetyki-do-stylizacji-szkodza-wlosom","status":"publish","type":"post","link":"https:\/\/neness.pl\/blog\/czy-kosmetyki-do-stylizacji-szkodza-wlosom\/","title":{"rendered":"Czy kosmetyki do stylizacji szkodz\u0105 w\u0142osom?"},"content":{"rendered":"<p>U\u0142o\u017cenie idealnej fryzury bez pomocy \u015brodk\u00f3w do stylizacji jest mocno utrudnione, zw\u0142aszcza je\u015bli mamy niesforne i oporne na uk\u0142adanie w\u0142osy. Dlatego tak ch\u0119tnie korzystamy z pianek, lakier\u00f3w, gum, \u017celi, wosk\u00f3w czy innych preparat\u00f3w, kt\u00f3re<strong> pomagaj\u0105 je ujarzmi\u0107 i zwi\u0119kszaj\u0105 trwa\u0142o\u015b\u0107 uczesania<\/strong>. Czy jednak te kosmetyki maj\u0105 same dobre strony? A mo\u017ce warto zastanowi\u0107 si\u0119, czy nale\u017cy ich u\u017cywa\u0107?<!--more--><\/p>\n<h3>Jak kosmetyki do stylizacji wp\u0142ywaj\u0105 na w\u0142osy?<\/h3>\n<p>Kosmetyki do stylizacji nie maj\u0105 szkodliwego wp\u0142ywu na w\u0142osy, je\u015bli stosowane s\u0105 od czasu do czasu. Przy regularnym u\u017cywaniu sprawa przedstawia si\u0119 jednak nieco inaczej. Preparaty tego typu maj\u0105 z regu\u0142y wiele sk\u0142adnik\u00f3w, kt\u00f3re <strong>dzia\u0142aj\u0105 wysuszaj\u0105co na w\u0142osy<\/strong> &#8211; jak na przyk\u0142ad alkohol. Dlatego d\u0142ugi kontakt z nimi os\u0142abia w\u0142osy, sprawia, \u017ce staj\u0105 si\u0119 matowe, przesuszone i podatne na wszelkie uszkodzenia. Dodatkowo nie mo\u017cemy zapomina\u0107, \u017ce preparaty do stylizacji mocno <strong>usztywniaj\u0105 kosmyki,<\/strong> co mo\u017ce prowadzi\u0107 do ich \u0142amania si\u0119. Opr\u00f3cz tego silne kosmetyki do w\u0142os\u00f3w mog\u0105 powodowa\u0107 podra\u017cnienia sk\u00f3ry g\u0142owy, jej pieczenie i zaczerwienienie. Dobr\u0105 wiadomo\u015bci\u0105 jest jednak, \u017ce nie wp\u0142ywaj\u0105 bezpo\u015brednio na cebulki w\u0142os\u00f3w, dlatego mo\u017cemy je stosowa\u0107 &#8211; ale <strong>rozs\u0105dnie i z umiarem.<\/strong><\/p>\n<div id=\"attachment_6357\" style=\"width: 360px\" class=\"wp-caption aligncenter\"><a href=\"https:\/\/neness.pl\/natura-siberica-wzmacniajaca-odzywka-do-wlosow-loves-lithuania-400ml\"><img loading=\"lazy\" decoding=\"async\" aria-describedby=\"caption-attachment-6357\" class=\"wp-image-6357\" src=\"http:\/\/ranking-kosmetykow.pl\/wp-content\/uploads\/2019\/12\/726180736ce9a183116e9a0e96644412.jpg\" alt=\"\" width=\"350\" height=\"467\" srcset=\"https:\/\/neness.pl\/blog\/wp-content\/uploads\/2019\/12\/726180736ce9a183116e9a0e96644412.jpg 750w, https:\/\/neness.pl\/blog\/wp-content\/uploads\/2019\/12\/726180736ce9a183116e9a0e96644412-225x300.jpg 225w, https:\/\/neness.pl\/blog\/wp-content\/uploads\/2019\/12\/726180736ce9a183116e9a0e96644412-610x813.jpg 610w\" sizes=\"auto, (max-width: 350px) 100vw, 350px\" \/><\/a><p id=\"caption-attachment-6357\" class=\"wp-caption-text\">Natura Siberica Wzmacniaj\u0105ca Od\u017cywka do W\u0142os\u00f3w Loves Lithuania 400ml<\/p><\/div>\n<h3>Jak stosowa\u0107 kosmetyki do stylizacji?<\/h3>\n<p>Pozostaje wi\u0119c zada\u0107 sobie pytanie, co oznacza rozs\u0105dne stosowanie. Ot\u00f3\u017c przede wszystkim warto pami\u0119ta\u0107, \u017ce kosmetyki do stylizacji nie nadaj\u0105 si\u0119 na co dzie\u0144 i lepiej poprzesta\u0107 na ich u\u017cywaniu tylko przy specjalnych okazjach. Opr\u00f3cz tego nale\u017cy te\u017c wybiera\u0107 <strong>s\u0142absze kosmetyki<\/strong>, kt\u00f3re delikatnie usztywniaj\u0105 fryzur\u0119, lecz nie tworz\u0105 z niej skorupy na kszta\u0142t he\u0142mu. Nie s\u0142u\u017cy w\u0142osom tak\u017ce u\u017cywanie zbyt du\u017cej ilo\u015bci tego typu produkt\u00f3w ani mieszanie r\u00f3\u017cnych ich rodzaj\u00f3w. Bardzo wa\u017cne jest r\u00f3wnie\u017c, by pami\u0119ta\u0107, \u017ce u\u017cycie lakieru czy pianki to ostatni element uk\u0142adania fryzury i po ich zastosowaniu<strong> nie powinny\u015bmy u\u017cywa\u0107 lok\u00f3wki ani prostownicy.<\/strong><\/p>\n<h3>Zabezpiecz w\u0142osy przed szkodliwym dzia\u0142aniem!<\/h3>\n<p>Je\u015bli stosujemy kosmetyki do stylizacji, koniecznie musimy <strong>dok\u0142adnie usun\u0105\u0107 je z w\u0142os\u00f3w<\/strong> podczas mycia. Warto wybra\u0107 do tego mocniejszy szampon, gdy\u017c delikatny nie b\u0119dzie w stanie ca\u0142kowicie usun\u0105\u0107 silnych preparat\u00f3w. W\u0142osom po stylizacji nale\u017cy si\u0119 te\u017c porz\u0105dne od\u017cywienie i nawil\u017cenie, dlatego nie mo\u017cemy zapomina\u0107 o stosowaniu od\u017cywek, masek czy olejowaniu, by przywr\u00f3ci\u0107 im zdrowie i blask.<\/p>\n","protected":false},"excerpt":{"rendered":"<p>U\u0142o\u017cenie idealnej fryzury bez pomocy \u015brodk\u00f3w do stylizacji jest mocno utrudnione, zw\u0142aszcza je\u015bli mamy niesforne i oporne na uk\u0142adanie w\u0142osy. Dlatego tak ch\u0119tnie korzystamy z pianek, lakier\u00f3w, gum, \u017celi, wosk\u00f3w czy innych preparat\u00f3w, kt\u00f3re pomagaj\u0105 je ujarzmi\u0107 i zwi\u0119kszaj\u0105 trwa\u0142o\u015b\u0107 uczesania. Czy jednak te kosmetyki maj\u0105 same dobre strony? A mo\u017ce warto zastanowi\u0107 si\u0119, czy [&hellip;]<\/p>\n","protected":false},"author":2,"featured_media":6358,"comment_status":"open","ping_status":"open","sticky":false,"template":"","format":"standard","meta":{"_et_pb_use_builder":"","_et_pb_old_content":"","_et_gb_content_width":"","footnotes":""},"categories":[48],"tags":[],"class_list":["post-6356","post","type-post","status-publish","format-standard","has-post-thumbnail","hentry","category-wlosy-idealne","et-has-post-format-content","et_post_format-et-post-format-standard"],"_links":{"self":[{"href":"https:\/\/neness.pl\/blog\/wp-json\/wp\/v2\/posts\/6356","targetHints":{"allow":["GET"]}}],"collection":[{"href":"https:\/\/neness.pl\/blog\/wp-json\/wp\/v2\/posts"}],"about":[{"href":"https:\/\/neness.pl\/blog\/wp-json\/wp\/v2\/types\/post"}],"author":[{"embeddable":true,"href":"https:\/\/neness.pl\/blog\/wp-json\/wp\/v2\/users\/2"}],"replies":[{"embeddable":true,"href":"https:\/\/neness.pl\/blog\/wp-json\/wp\/v2\/comments?post=6356"}],"version-history":[{"count":0,"href":"https:\/\/neness.pl\/blog\/wp-json\/wp\/v2\/posts\/6356\/revisions"}],"wp:featuredmedia":[{"embeddable":true,"href":"https:\/\/neness.pl\/blog\/wp-json\/wp\/v2\/media\/6358"}],"wp:attachment":[{"href":"https:\/\/neness.pl\/blog\/wp-json\/wp\/v2\/media?parent=6356"}],"wp:term":[{"taxonomy":"category","embeddable":true,"href":"https:\/\/neness.pl\/blog\/wp-json\/wp\/v2\/categories?post=6356"},{"taxonomy":"post_tag","embeddable":true,"href":"https:\/\/neness.pl\/blog\/wp-json\/wp\/v2\/tags?post=6356"}],"curies":[{"name":"wp","href":"https:\/\/api.w.org\/{rel}","templated":true}]}}