{"id":6322,"date":"2019-12-02T14:02:16","date_gmt":"2019-12-02T13:02:16","guid":{"rendered":"http:\/\/ranking-kosmetykow.pl\/?p=6322"},"modified":"2019-12-02T14:02:16","modified_gmt":"2019-12-02T13:02:16","slug":"kto-powinien-uzywac-rozswietlacza","status":"publish","type":"post","link":"https:\/\/neness.pl\/blog\/kto-powinien-uzywac-rozswietlacza\/","title":{"rendered":"Kto powinien u\u017cywa\u0107 roz\u015bwietlacza?"},"content":{"rendered":"<p>Roz\u015bwietlacz to kosmetyk o wielkiej mocy, kt\u00f3ry mo\u017ce sta\u0107 si\u0119 jednym z naszych najwi\u0119kszych sprzymierze\u0144c\u00f3w. Odrobina tego preparatu wystarczy, by <strong>podkre\u015bli\u0107 kszta\u0142t twarzy i wydoby\u0107 jej atuty,<\/strong> jednocze\u015bnie nieco chowaj\u0105c w cieniu mankamenty. Kiedy\u015b kojarzy\u0142 nam si\u0119 jedynie z makija\u017cem wieczorowym, ale dzi\u015b uwa\u017camy go za doskona\u0142e uzupe\u0142nienie r\u00f3wnie\u017c codziennego make-upu. Kosmetyk ten jednak nie jest odpowiedni dla wszystkich typ\u00f3w sk\u00f3ry. Kto mo\u017ce go stosowa\u0107, a kto powinien z tego zrezygnowa\u0107?<!--more--><\/p>\n<h3>Dla kogo makija\u017c roz\u015bwietlaj\u0105cy?<\/h3>\n<p>Roz\u015bwietlaj\u0105cy make-up to doskona\u0142a opcja dla os\u00f3b, kt\u00f3re maj\u0105<strong> zm\u0119czon\u0105, szar\u0105 cer\u0119.<\/strong> Odrobina tego kosmetyku szybko nadaje cerze efektowny, zdrowy blask i sprawia, \u017ce staje si\u0119 ona promienna i pi\u0119kna. Warto pami\u0119ta\u0107, \u017ce najlepiej kosmetyk ten prezentuje si\u0119 u tych pa\u0144, kt\u00f3re maj\u0105<strong> such\u0105, sk\u0142onn\u0105 do odwadniania si\u0119 sk\u00f3r\u0119,<\/strong> jednak sprawdza si\u0119 te\u017c w innych przypadkach. \u015amia\u0142o mog\u0105 go stosowa\u0107 osoby z <strong>cer\u0105 normaln\u0105 lub mieszan\u0105<\/strong> oraz te z nas, kt\u00f3re maj\u0105<strong> sk\u00f3r\u0119 dojrza\u0142\u0105.<\/strong> W tym ostatnim przypadku warto jednak zachowa\u0107 ostro\u017cno\u015b\u0107. Najlepiej wybra\u0107 delikatny roz\u015bwietlacz bez mocno widocznych, b\u0142yszcz\u0105cych drobinek, i nak\u0142ada\u0107 go z umiarem &#8211; w przeciwnym razie zamiast efektu odm\u0142odzonej, zdrowej cery uzyskamy rezultat podkre\u015blenia zmarszczek.<\/p>\n<div id=\"attachment_6324\" style=\"width: 360px\" class=\"wp-caption aligncenter\"><a href=\"https:\/\/neness.pl\/revolution-paleta-rozswietlaczy-highlight-palette\"><img loading=\"lazy\" decoding=\"async\" aria-describedby=\"caption-attachment-6324\" class=\"wp-image-6324\" src=\"http:\/\/ranking-kosmetykow.pl\/wp-content\/uploads\/2019\/12\/d5f87fd40303ee2e553d2347d421e39c.jpg\" alt=\"\" width=\"350\" height=\"467\" srcset=\"https:\/\/neness.pl\/blog\/wp-content\/uploads\/2019\/12\/d5f87fd40303ee2e553d2347d421e39c.jpg 750w, https:\/\/neness.pl\/blog\/wp-content\/uploads\/2019\/12\/d5f87fd40303ee2e553d2347d421e39c-225x300.jpg 225w, https:\/\/neness.pl\/blog\/wp-content\/uploads\/2019\/12\/d5f87fd40303ee2e553d2347d421e39c-610x813.jpg 610w\" sizes=\"auto, (max-width: 350px) 100vw, 350px\" \/><\/a><p id=\"caption-attachment-6324\" class=\"wp-caption-text\">Makeup Revolution Paleta Roz\u015bwietlaczy Highlight Palette<\/p><\/div>\n<h3>Kto powinien unika\u0107 roz\u015bwietlaczy?<\/h3>\n<p>Roz\u015bwietlacze nie s\u0105 jednak wskazane w przypadku os\u00f3b, kt\u00f3re maj\u0105 <strong>cer\u0119 t\u0142ust\u0105.<\/strong> Wtedy nadmierna produkcja sebum szybko powoduje \u015bwiecenie si\u0119 sk\u00f3ry, co po u\u017cyciu kosmetyku roz\u015bwietlaj\u0105cego jest jeszcze bardziej widoczne. To za\u015b powoduje niezdrowy wygl\u0105d, kt\u00f3rego za wszelk\u0105 cen\u0119 powinni\u015bmy unikn\u0105\u0107 &#8211; warto wi\u0119c przy tym typie sk\u00f3ry stawia\u0107 raczej na make-up matuj\u0105cy. Roz\u015bwietlacza nie warto te\u017c u\u017cywa\u0107, je\u015bli mamy <strong>cer\u0119 ze sk\u0142onno\u015bci\u0105 do wyprysk\u00f3w.<\/strong> B\u0142yszcz\u0105ce drobinki podkre\u015blaj\u0105 wszelkie nier\u00f3wno\u015bci i niedoskona\u0142o\u015bci, lepiej wi\u0119c w takim wypadku u\u017cy\u0107 raczej kosmetyk\u00f3w kryj\u0105cych i postawi\u0107 na mat w makija\u017cu. Dobrze unika\u0107 roz\u015bwietlaczy tak\u017ce wtedy, gdy mamy <strong>szerokie, mocno widoczne pory<\/strong> &#8211; z tego samego powodu co w przypadku cery tr\u0105dzikowej.<\/p>\n<div id=\"attachment_6325\" style=\"width: 360px\" class=\"wp-caption aligncenter\"><a href=\"https:\/\/neness.pl\/revolution-pearl-lights-loose-highlighter-puder-rozswietlajacy-candy-glow\"><img loading=\"lazy\" decoding=\"async\" aria-describedby=\"caption-attachment-6325\" class=\"wp-image-6325\" src=\"http:\/\/ranking-kosmetykow.pl\/wp-content\/uploads\/2019\/12\/9fbad880e2af8d8e08a9d446c5ceadcb.jpg\" alt=\"\" width=\"350\" height=\"467\" srcset=\"https:\/\/neness.pl\/blog\/wp-content\/uploads\/2019\/12\/9fbad880e2af8d8e08a9d446c5ceadcb.jpg 750w, https:\/\/neness.pl\/blog\/wp-content\/uploads\/2019\/12\/9fbad880e2af8d8e08a9d446c5ceadcb-225x300.jpg 225w, https:\/\/neness.pl\/blog\/wp-content\/uploads\/2019\/12\/9fbad880e2af8d8e08a9d446c5ceadcb-610x813.jpg 610w\" sizes=\"auto, (max-width: 350px) 100vw, 350px\" \/><\/a><p id=\"caption-attachment-6325\" class=\"wp-caption-text\">Makeup Revolution Pearl Lights Loose Highlighter Puder Roz\u015bwietlaj\u0105cy Candy Glow<\/p><\/div>\n<h3>Co warto roz\u015bwietli\u0107?<\/h3>\n<p>Je\u015bli jednak decydujemy si\u0119 na roz\u015bwietlacz, warto zastanowi\u0107 si\u0119, na kt\u00f3rych partiach twarzy powinny\u015bmy u\u017cy\u0107 tego kosmetyku. Najlepiej podkre\u015bli\u0107 nim <strong>szczyt ko\u015bci policzkowych i \u015brodek czo\u0142a.<\/strong> Dobrze te\u017c zdecydowa\u0107 si\u0119 na cienk\u0105 pionow\u0105 kresk\u0119 wzd\u0142u\u017c nosa, jednak bez zaznaczania jego czubka. Kosmetykiem roz\u015bwietlaj\u0105cym mo\u017cemy te\u017c musn\u0105\u0107 obszar<strong> pod brwiami i w wewn\u0119trznych k\u0105cikach oczu,<\/strong> by podkre\u015bli\u0107 zalotne, \u017cywe spojrzenie, oraz sk\u00f3r\u0119 nad \u0142ukiem Kupidyna &#8211; by usta wydawa\u0142y si\u0119 nieco pe\u0142niejsze. Oczywi\u015bcie nale\u017cy zadba\u0107, by kosmetyk by\u0142 odpowiednio roztarty w ka\u017cdym z tych obszar\u00f3w &#8211; brak wyra\u017anych linii i przej\u015b\u0107 w makija\u017cu roz\u015bwietlaj\u0105cym to klucz do sukcesu.<\/p>\n","protected":false},"excerpt":{"rendered":"<p>Roz\u015bwietlacz to kosmetyk o wielkiej mocy, kt\u00f3ry mo\u017ce sta\u0107 si\u0119 jednym z naszych najwi\u0119kszych sprzymierze\u0144c\u00f3w. Odrobina tego preparatu wystarczy, by podkre\u015bli\u0107 kszta\u0142t twarzy i wydoby\u0107 jej atuty, jednocze\u015bnie nieco chowaj\u0105c w cieniu mankamenty. Kiedy\u015b kojarzy\u0142 nam si\u0119 jedynie z makija\u017cem wieczorowym, ale dzi\u015b uwa\u017camy go za doskona\u0142e uzupe\u0142nienie r\u00f3wnie\u017c codziennego make-upu. Kosmetyk ten jednak nie [&hellip;]<\/p>\n","protected":false},"author":2,"featured_media":6323,"comment_status":"open","ping_status":"open","sticky":false,"template":"","format":"standard","meta":{"_et_pb_use_builder":"","_et_pb_old_content":"","_et_gb_content_width":"","footnotes":""},"categories":[41],"tags":[],"class_list":["post-6322","post","type-post","status-publish","format-standard","has-post-thumbnail","hentry","category-olsniewaj-makijazem","et-has-post-format-content","et_post_format-et-post-format-standard"],"_links":{"self":[{"href":"https:\/\/neness.pl\/blog\/wp-json\/wp\/v2\/posts\/6322","targetHints":{"allow":["GET"]}}],"collection":[{"href":"https:\/\/neness.pl\/blog\/wp-json\/wp\/v2\/posts"}],"about":[{"href":"https:\/\/neness.pl\/blog\/wp-json\/wp\/v2\/types\/post"}],"author":[{"embeddable":true,"href":"https:\/\/neness.pl\/blog\/wp-json\/wp\/v2\/users\/2"}],"replies":[{"embeddable":true,"href":"https:\/\/neness.pl\/blog\/wp-json\/wp\/v2\/comments?post=6322"}],"version-history":[{"count":0,"href":"https:\/\/neness.pl\/blog\/wp-json\/wp\/v2\/posts\/6322\/revisions"}],"wp:featuredmedia":[{"embeddable":true,"href":"https:\/\/neness.pl\/blog\/wp-json\/wp\/v2\/media\/6323"}],"wp:attachment":[{"href":"https:\/\/neness.pl\/blog\/wp-json\/wp\/v2\/media?parent=6322"}],"wp:term":[{"taxonomy":"category","embeddable":true,"href":"https:\/\/neness.pl\/blog\/wp-json\/wp\/v2\/categories?post=6322"},{"taxonomy":"post_tag","embeddable":true,"href":"https:\/\/neness.pl\/blog\/wp-json\/wp\/v2\/tags?post=6322"}],"curies":[{"name":"wp","href":"https:\/\/api.w.org\/{rel}","templated":true}]}}