{"id":6307,"date":"2019-11-27T14:53:19","date_gmt":"2019-11-27T13:53:19","guid":{"rendered":"http:\/\/ranking-kosmetykow.pl\/?p=6307"},"modified":"2019-11-27T14:53:19","modified_gmt":"2019-11-27T13:53:19","slug":"czy-zniszczone-koncowki-mozna-odbudowac","status":"publish","type":"post","link":"https:\/\/neness.pl\/blog\/czy-zniszczone-koncowki-mozna-odbudowac\/","title":{"rendered":"Czy zniszczone ko\u0144c\u00f3wki mo\u017cna odbudowa\u0107?"},"content":{"rendered":"<p>Zniszczone, suche ko\u0144c\u00f3wki wygl\u0105daj\u0105 nieestetycznie i mog\u0105 popsu\u0107 efekt nawet przy misternie u\u0142o\u017conej fryzurze. Nie mo\u017cna ich lekcewa\u017cy\u0107 nie tylko ze wzgl\u0119du na aspekt wizualny, ale te\u017c dlatego, \u017ce s\u0105 one zwiastunem wi\u0119kszych k\u0142opot\u00f3w &#8211; wskazuj\u0105, \u017ce w\u0142osy s\u0105<strong> odwodnione<\/strong> i \u017ce <strong>brakuje im witamin.<\/strong> Je\u015bli wi\u0119c widzimy u siebie ten problem, czym pr\u0119dzej powinny\u015bmy podj\u0105\u0107 odpowiednie kroki. Ale czy zniszczone ko\u0144c\u00f3wki w og\u00f3le da si\u0119 odbudowa\u0107?<!--more--><\/p>\n<p>Wszystko zale\u017cy od tego, w jakim stadium zniszczenia s\u0105 w\u0142osy. Je\u015bli ko\u0144c\u00f3wki s\u0105 porozdwajane, cienkie i \u0142amliwe, musimy pogodzi\u0107 si\u0119 z tym, \u017ce jedynym sposobem na pozbycie si\u0119 ich jest ich \u015bci\u0119cie. W przypadku gdy s\u0105 one suche, ale jeszcze nie zacz\u0119\u0142y si\u0119 rozdwaja\u0107, mo\u017cemy spr\u00f3bowa\u0107 odbudowa\u0107 je, stosuj\u0105c <strong>odpowiednie kosmetyki i zabiegi.<\/strong> Na pewno b\u0119dzie to wymaga\u0142o systematyczno\u015bci i cierpliwo\u015bci, jednak nie jest niemo\u017cliwe.<\/p>\n<h3>Wyeliminuj szkodliwe czynniki<\/h3>\n<p>Pierwszym krokiem do przywr\u00f3cenia ko\u0144c\u00f3wkom pi\u0119knego wygl\u0105du jest wyeliminowanie tych czynnik\u00f3w, kt\u00f3re najbardziej im szkodz\u0105. Przede wszystkim nale\u017cy<strong> ograniczy\u0107 do minimum stylizacj\u0119 na gor\u0105co.<\/strong> Je\u015bli mamy tak\u0105 mo\u017cliwo\u015b\u0107, powinni\u015bmy dawa\u0107 w\u0142osom szans\u0119 wyschn\u0105\u0107 w naturalny spos\u00f3b, bez u\u017cycia suszarki. W przypadku gdy nie mo\u017cemy sobie na to pozwoli\u0107, nale\u017cy stosowa\u0107 ch\u0142odny strumie\u0144 powietrza, kt\u00f3ry ma du\u017co mniej negatywny wp\u0142yw na w\u0142osy. Co za\u015b z prostownic\u0105 czy lok\u00f3wk\u0105? Oczywi\u015bcie od czasu do czasu mo\u017cemy pozwoli\u0107 sobie na ich u\u017cycie, ale je\u015bli chcemy mie\u0107 proste w\u0142osy lub loki na co dzie\u0144, warto zdecydowa\u0107 si\u0119 na <strong>spos\u00f3b niewymagaj\u0105cy u\u017cycia ciep\u0142a.<\/strong> O tym, jak zrobi\u0107 pi\u0119kn\u0105 fryzur\u0119, wykorzystuj\u0105c mniej szkodliwe dla w\u0142os\u00f3w metody, mo\u017cecie przeczyta\u0107 na naszym blogu.<\/p>\n<div id=\"attachment_6309\" style=\"width: 360px\" class=\"wp-caption aligncenter\"><a href=\"https:\/\/neness.pl\/natura-sibericamaska-regeneracyjna-do-wlosow-normalnych-i-zniszczonych-z-ekstraktem-blawatka-i-maliny-moroszki-200ml\"><img loading=\"lazy\" decoding=\"async\" aria-describedby=\"caption-attachment-6309\" class=\"wp-image-6309\" src=\"http:\/\/ranking-kosmetykow.pl\/wp-content\/uploads\/2019\/11\/556a111b8edf8313607c7f99781cbd73.jpg\" alt=\"\" width=\"350\" height=\"467\" srcset=\"https:\/\/neness.pl\/blog\/wp-content\/uploads\/2019\/11\/556a111b8edf8313607c7f99781cbd73.jpg 750w, https:\/\/neness.pl\/blog\/wp-content\/uploads\/2019\/11\/556a111b8edf8313607c7f99781cbd73-225x300.jpg 225w, https:\/\/neness.pl\/blog\/wp-content\/uploads\/2019\/11\/556a111b8edf8313607c7f99781cbd73-610x813.jpg 610w\" sizes=\"auto, (max-width: 350px) 100vw, 350px\" \/><\/a><p id=\"caption-attachment-6309\" class=\"wp-caption-text\">Natura SibericaMaska Regeneracyjna do W\u0142os\u00f3w Normalnych i Zniszczonych z Ekstraktem B\u0142awatka i Maliny Moroszki 200ml<\/p><\/div>\n<p>Opr\u00f3cz tego warto te\u017c zmieni\u0107 nawyki, kt\u00f3re towarzysz\u0105 nam przy myciu w\u0142os\u00f3w. Do ich oczyszczania nie powinni\u015bmy u\u017cywa\u0107 gor\u0105cej wody &#8211; powoduje to otwieranie si\u0119 \u0142usek i nara\u017ca w\u0142osy na uszkodzenia. Najlepiej my\u0107 je w <strong>zaledwie ciep\u0142ej wodzie<\/strong>, ostatnie p\u0142ukanie za\u015b zawsze powinno by\u0107 wykonywane ch\u0142odn\u0105 wod\u0105. Do minimum warto te\u017c <strong>wyeliminowa\u0107 stosowanie wysuszaj\u0105cych kosmetyk\u00f3w,<\/strong> kt\u00f3re maj\u0105 w sk\u0142adzie alkohol.<\/p>\n<h3>W\u0142a\u015bciwa piel\u0119gnacja<\/h3>\n<p>Zasada \u201cprzede wszystkim &#8211; nie szkodzi\u0107\u201d jest bardzo wa\u017cna, ale nie wystarczy, by odbudowa\u0107 ko\u0144c\u00f3wki. By prezentowa\u0107 si\u0119 pi\u0119knie i zdrowo potrzebuj\u0105 one w\u0142a\u015bciwej dawki <strong>nawil\u017cenia i od\u017cywienia.<\/strong> \u017beby osi\u0105gn\u0105\u0107 taki efekt, po ka\u017cdym myciu nale\u017cy stosowa\u0107 mask\u0119 lub od\u017cywk\u0119, kt\u00f3ra zawiera<strong> kwas hialuronowy, aloes czy witaminy A i E.<\/strong> Kondycj\u0119 w\u0142os\u00f3w poprawi te\u017c regularne <strong>olejowanie.<\/strong> 2-3 razy w tygodniu. Przed snem warto na\u0142o\u017cy\u0107 na nie olejek arganowy lub olej kokosowy &#8211; te naturalne sk\u0142adniki nawil\u017c\u0105 w\u0142osy i nadadz\u0105 im efektownego blasku. Oczywi\u015bcie po takim zabiegu rano nale\u017cy umy\u0107 w\u0142osy i na\u0142o\u017cy\u0107 na nie od\u017cywk\u0119.<\/p>\n<p>Wa\u017cne jest tak\u017ce<strong> zabezpieczanie w\u0142os\u00f3w przed stylizacj\u0105 na gor\u0105co.<\/strong> Kosmetyk termoizolacyjny wytwarza warstw\u0119 ochronn\u0105, kt\u00f3ra w pewnym stopniu zabezpiecza w\u0142osy przed dzia\u0142aniem ciep\u0142a, ale warto pami\u0119ta\u0107, \u017ce mimo wszystko lepiej zrezygnowa\u0107 z tego sposobu uk\u0142adania fryzury, gdy jest to mo\u017cliwe. Bardzo istotne jest te\u017c, by zawsze stosowa\u0107 specjalne<strong> serum na ko\u0144c\u00f3wki z jedwabiem lub olejkiem arganowym.\u00a0<\/strong><\/p>\n","protected":false},"excerpt":{"rendered":"<p>Zniszczone, suche ko\u0144c\u00f3wki wygl\u0105daj\u0105 nieestetycznie i mog\u0105 popsu\u0107 efekt nawet przy misternie u\u0142o\u017conej fryzurze. Nie mo\u017cna ich lekcewa\u017cy\u0107 nie tylko ze wzgl\u0119du na aspekt wizualny, ale te\u017c dlatego, \u017ce s\u0105 one zwiastunem wi\u0119kszych k\u0142opot\u00f3w &#8211; wskazuj\u0105, \u017ce w\u0142osy s\u0105 odwodnione i \u017ce brakuje im witamin. Je\u015bli wi\u0119c widzimy u siebie ten problem, czym pr\u0119dzej powinny\u015bmy [&hellip;]<\/p>\n","protected":false},"author":2,"featured_media":6308,"comment_status":"open","ping_status":"open","sticky":false,"template":"","format":"standard","meta":{"_et_pb_use_builder":"","_et_pb_old_content":"","_et_gb_content_width":"","footnotes":""},"categories":[48],"tags":[],"class_list":["post-6307","post","type-post","status-publish","format-standard","has-post-thumbnail","hentry","category-wlosy-idealne","et-has-post-format-content","et_post_format-et-post-format-standard"],"_links":{"self":[{"href":"https:\/\/neness.pl\/blog\/wp-json\/wp\/v2\/posts\/6307","targetHints":{"allow":["GET"]}}],"collection":[{"href":"https:\/\/neness.pl\/blog\/wp-json\/wp\/v2\/posts"}],"about":[{"href":"https:\/\/neness.pl\/blog\/wp-json\/wp\/v2\/types\/post"}],"author":[{"embeddable":true,"href":"https:\/\/neness.pl\/blog\/wp-json\/wp\/v2\/users\/2"}],"replies":[{"embeddable":true,"href":"https:\/\/neness.pl\/blog\/wp-json\/wp\/v2\/comments?post=6307"}],"version-history":[{"count":0,"href":"https:\/\/neness.pl\/blog\/wp-json\/wp\/v2\/posts\/6307\/revisions"}],"wp:featuredmedia":[{"embeddable":true,"href":"https:\/\/neness.pl\/blog\/wp-json\/wp\/v2\/media\/6308"}],"wp:attachment":[{"href":"https:\/\/neness.pl\/blog\/wp-json\/wp\/v2\/media?parent=6307"}],"wp:term":[{"taxonomy":"category","embeddable":true,"href":"https:\/\/neness.pl\/blog\/wp-json\/wp\/v2\/categories?post=6307"},{"taxonomy":"post_tag","embeddable":true,"href":"https:\/\/neness.pl\/blog\/wp-json\/wp\/v2\/tags?post=6307"}],"curies":[{"name":"wp","href":"https:\/\/api.w.org\/{rel}","templated":true}]}}