{"id":6302,"date":"2019-11-26T14:28:40","date_gmt":"2019-11-26T13:28:40","guid":{"rendered":"http:\/\/ranking-kosmetykow.pl\/?p=6302"},"modified":"2019-11-26T14:28:40","modified_gmt":"2019-11-26T13:28:40","slug":"zadbane-nawilzone-dlonie-podczas-mrozow-jak-to-osiagnac","status":"publish","type":"post","link":"https:\/\/neness.pl\/blog\/zadbane-nawilzone-dlonie-podczas-mrozow-jak-to-osiagnac\/","title":{"rendered":"Zadbane, nawil\u017cone d\u0142onie podczas mroz\u00f3w &#8211; jak to osi\u0105gn\u0105\u0107?"},"content":{"rendered":"<p>Jesieni\u0105 i zim\u0105 nasze d\u0142onie bardzo cz\u0119sto nie prezentuj\u0105 si\u0119 tak, jak by\u015bmy tego chcieli. Przez to, \u017ce maj\u0105 one stosunkowo<strong> ma\u0142o gruczo\u0142\u00f3w \u0142ojowych<\/strong> i ich naturalna warstwa ochronna jest bardzo cienka, w niesprzyjaj\u0105cych warunkach szybko staj\u0105 si\u0119 szorstkie, przesuszone, a bywa, \u017ce pojawiaj\u0105 si\u0119 na nich odmro\u017cenia. Dlatego te\u017c w okresie jesienno-zimowym potrzebuj\u0105 one specjalnej piel\u0119gnacji.<!--more--><\/p>\n<h3>R\u0119kawiczki zawsze przy sobie<\/h3>\n<p>Przede wszystkim zawsze, gdy wychodzimy na dw\u00f3r, powinni\u015bmy mie\u0107 na d\u0142oniach r\u0119kawiczki, i to r\u00f3wnie\u017c, je\u015bli nie ma mrozu. Wiele os\u00f3b nie zdaje sobie z tego sprawy, ale do odmro\u017ce\u0144 dochodzi, <strong>nawet gdy temperatura jest dodatnia<\/strong> (oko\u0142o 2-3 stopni Celsjusza). Ju\u017c wtedy organizm, by chroni\u0107 narz\u0105dy wewn\u0119trzne przed przemarzni\u0119ciem,<strong> zmniejsza dop\u0142yw krwi do d\u0142oni,<\/strong> co prowadzi do ich wych\u0142adzania i odmarzania. Najlepiej zak\u0142ada\u0107 r\u0119kawiczki z jednym palcem &#8211; takie sprawiaj\u0105, \u017ce palce ogrzewaj\u0105 siebie nawzajem, a tym samym s\u0105 bardziej odporne na ch\u0142\u00f3d.<\/p>\n<div id=\"attachment_6305\" style=\"width: 360px\" class=\"wp-caption aligncenter\"><a href=\"https:\/\/neness.pl\/pl\/p\/Natura-Siberica-Zimowy-Krem-do-Rak\/5306\"><img loading=\"lazy\" decoding=\"async\" aria-describedby=\"caption-attachment-6305\" class=\"wp-image-6305\" src=\"http:\/\/ranking-kosmetykow.pl\/wp-content\/uploads\/2019\/11\/71e2eaeb3e49e20ff28a96792f0b5c4e.jpg\" alt=\"\" width=\"350\" height=\"350\" srcset=\"https:\/\/neness.pl\/blog\/wp-content\/uploads\/2019\/11\/71e2eaeb3e49e20ff28a96792f0b5c4e.jpg 665w, https:\/\/neness.pl\/blog\/wp-content\/uploads\/2019\/11\/71e2eaeb3e49e20ff28a96792f0b5c4e-300x300.jpg 300w, https:\/\/neness.pl\/blog\/wp-content\/uploads\/2019\/11\/71e2eaeb3e49e20ff28a96792f0b5c4e-150x150.jpg 150w, https:\/\/neness.pl\/blog\/wp-content\/uploads\/2019\/11\/71e2eaeb3e49e20ff28a96792f0b5c4e-610x610.jpg 610w, https:\/\/neness.pl\/blog\/wp-content\/uploads\/2019\/11\/71e2eaeb3e49e20ff28a96792f0b5c4e-440x440.jpg 440w\" sizes=\"auto, (max-width: 350px) 100vw, 350px\" \/><\/a><p id=\"caption-attachment-6305\" class=\"wp-caption-text\">Natura Siberica Zimowy Krem do R\u0105k<\/p><\/div>\n<p>Po r\u0119kawiczki powinni\u015bmy te\u017c si\u0119gn\u0105\u0107, gdy <strong>wykonujemy prace domowe wymagaj\u0105ce u\u017cycia detergent\u00f3w,<\/strong> cho\u0107 tu oczywi\u015bcie nale\u017cy postawi\u0107 na model gumowy.\u00a0 \u015arodki czysto\u015bci o ka\u017cdej porze roku pogarszaj\u0105 stan d\u0142oni, ale zim\u0105 szczeg\u00f3lnie szybko przyspieszaj\u0105 proces ich przesuszania si\u0119.<\/p>\n<h3>Jaki krem wybra\u0107?<\/h3>\n<p>Zim\u0105 wa\u017cne jest te\u017c stosowanie kremu <strong>bogatego w sk\u0142adniki od\u017cywcze,<\/strong> ale i <strong>ochraniaj\u0105cego sk\u00f3r\u0119 przed mrozem.<\/strong> Warto szuka\u0107 w nim takich sk\u0142adnik\u00f3w, jak oleje ro\u015blinne, wyci\u0105g z rumianku, mocznik, gliceryna i witamina A. Je\u015bli planujemy d\u0142u\u017cszy pobyt na mrozie, najlepiej zdecydowa\u0107 si\u0119 na produkt stricte zabezpieczaj\u0105cy przed zimnem &#8211; <strong>z parafin\u0105 lub wazelin\u0105.<\/strong> Takie kremy chroni\u0105 d\u0142onie przed parowaniem wody i szkodliwym dzia\u0142aniem niskich temperatur, ale te\u017c utrudniaj\u0105 przenikanie do sk\u00f3ry cennych sk\u0142adnik\u00f3w od\u017cywczych, dlatego, je\u015bli pozostajemy w pomieszczeniu, lepiej wybra\u0107 kosmetyk, kt\u00f3ry nie ma ich w sk\u0142adzie.<\/p>\n<div id=\"attachment_6304\" style=\"width: 360px\" class=\"wp-caption aligncenter\"><a href=\"https:\/\/neness.pl\/organic-shop-witaminowe-mydlo-w-plynie-500ml\"><img loading=\"lazy\" decoding=\"async\" aria-describedby=\"caption-attachment-6304\" class=\"wp-image-6304\" src=\"http:\/\/ranking-kosmetykow.pl\/wp-content\/uploads\/2019\/11\/27c8e674156b1ccf830481c630d37af7.jpg\" alt=\"\" width=\"350\" height=\"467\" srcset=\"https:\/\/neness.pl\/blog\/wp-content\/uploads\/2019\/11\/27c8e674156b1ccf830481c630d37af7.jpg 750w, https:\/\/neness.pl\/blog\/wp-content\/uploads\/2019\/11\/27c8e674156b1ccf830481c630d37af7-225x300.jpg 225w, https:\/\/neness.pl\/blog\/wp-content\/uploads\/2019\/11\/27c8e674156b1ccf830481c630d37af7-610x813.jpg 610w\" sizes=\"auto, (max-width: 350px) 100vw, 350px\" \/><\/a><p id=\"caption-attachment-6304\" class=\"wp-caption-text\">Organic Shop Witaminowe Myd\u0142o w P\u0142ynie, 500ml<\/p><\/div>\n<p>Jest zrozumia\u0142e, \u017ce w ci\u0105gu dnia, gdy wykonujemy wiele przer\u00f3\u017cnych obowi\u0105zk\u00f3w, zale\u017cy nam na lekkim kremie, kt\u00f3ry szybko si\u0119 wch\u0142ania, i oczywi\u015bcie mo\u017cemy taki wybra\u0107. Na noc warto jednak stosowa\u0107 bogaty, dobrze nat\u0142uszczaj\u0105cy krem od\u017cywczy lub smarowa\u0107 r\u0119ce <strong>naturalnym olejkiem,<\/strong> by mia\u0142y one szans\u0119 jak najlepiej si\u0119 zregenerowa\u0107. By efekt by\u0142 jeszcze lepszy, mo\u017cemy za\u0142o\u017cy\u0107 na r\u0119ce <strong>bawe\u0142niane r\u0119kawiczki.<\/strong><\/p>\n<h3>Na to uwa\u017caj!<\/h3>\n<p>Kiedy wracamy przemarzni\u0119ci do domu, <strong>nie powinni\u015bmy wk\u0142ada\u0107 r\u0105k do gor\u0105cej wody.<\/strong> Mo\u017ce to powodowa\u0107 p\u0119kanie naczynek w sk\u00f3rze, co nadaje d\u0142oniom nieestetyczny wygl\u0105d. Gdy myjemy r\u0119ce, powinni\u015bmy zacz\u0105\u0107 od letniej wody i dopiero kiedy wst\u0119pnie si\u0119 one ogrzej\u0105, zastosowa\u0107 ciep\u0142\u0105. Warto te\u017c w tym okresie unika\u0107 silnie oczyszczaj\u0105cych myde\u0142. Taki produkt zmyje i tak bardzo cienk\u0105 warstw\u0119 ochronn\u0105 sk\u00f3ry na d\u0142oniach i spowoduje jej przesuszanie si\u0119. Najlepiej wi\u0119c w okresie mroz\u00f3w u\u017cywa\u0107 tylko delikatnych <strong>myde\u0142 z dodatkiem\u00a0sk\u0142adnik\u00f3w nawil\u017caj\u0105cych.<\/strong><\/p>\n","protected":false},"excerpt":{"rendered":"<p>Jesieni\u0105 i zim\u0105 nasze d\u0142onie bardzo cz\u0119sto nie prezentuj\u0105 si\u0119 tak, jak by\u015bmy tego chcieli. Przez to, \u017ce maj\u0105 one stosunkowo ma\u0142o gruczo\u0142\u00f3w \u0142ojowych i ich naturalna warstwa ochronna jest bardzo cienka, w niesprzyjaj\u0105cych warunkach szybko staj\u0105 si\u0119 szorstkie, przesuszone, a bywa, \u017ce pojawiaj\u0105 si\u0119 na nich odmro\u017cenia. Dlatego te\u017c w okresie jesienno-zimowym potrzebuj\u0105 one [&hellip;]<\/p>\n","protected":false},"author":2,"featured_media":6303,"comment_status":"open","ping_status":"open","sticky":false,"template":"","format":"standard","meta":{"_et_pb_use_builder":"","_et_pb_old_content":"","_et_gb_content_width":"","footnotes":""},"categories":[185],"tags":[],"class_list":["post-6302","post","type-post","status-publish","format-standard","has-post-thumbnail","hentry","category-codzienna-pielegnacja","et-has-post-format-content","et_post_format-et-post-format-standard"],"_links":{"self":[{"href":"https:\/\/neness.pl\/blog\/wp-json\/wp\/v2\/posts\/6302","targetHints":{"allow":["GET"]}}],"collection":[{"href":"https:\/\/neness.pl\/blog\/wp-json\/wp\/v2\/posts"}],"about":[{"href":"https:\/\/neness.pl\/blog\/wp-json\/wp\/v2\/types\/post"}],"author":[{"embeddable":true,"href":"https:\/\/neness.pl\/blog\/wp-json\/wp\/v2\/users\/2"}],"replies":[{"embeddable":true,"href":"https:\/\/neness.pl\/blog\/wp-json\/wp\/v2\/comments?post=6302"}],"version-history":[{"count":0,"href":"https:\/\/neness.pl\/blog\/wp-json\/wp\/v2\/posts\/6302\/revisions"}],"wp:featuredmedia":[{"embeddable":true,"href":"https:\/\/neness.pl\/blog\/wp-json\/wp\/v2\/media\/6303"}],"wp:attachment":[{"href":"https:\/\/neness.pl\/blog\/wp-json\/wp\/v2\/media?parent=6302"}],"wp:term":[{"taxonomy":"category","embeddable":true,"href":"https:\/\/neness.pl\/blog\/wp-json\/wp\/v2\/categories?post=6302"},{"taxonomy":"post_tag","embeddable":true,"href":"https:\/\/neness.pl\/blog\/wp-json\/wp\/v2\/tags?post=6302"}],"curies":[{"name":"wp","href":"https:\/\/api.w.org\/{rel}","templated":true}]}}