{"id":6297,"date":"2019-11-25T12:37:48","date_gmt":"2019-11-25T11:37:48","guid":{"rendered":"http:\/\/ranking-kosmetykow.pl\/?p=6297"},"modified":"2019-11-25T12:37:48","modified_gmt":"2019-11-25T11:37:48","slug":"sposoby-na-piekna-cere-jesienia-i-zima","status":"publish","type":"post","link":"https:\/\/neness.pl\/blog\/sposoby-na-piekna-cere-jesienia-i-zima\/","title":{"rendered":"Sposoby na pi\u0119kn\u0105 cer\u0119 jesieni\u0105 i zim\u0105"},"content":{"rendered":"<p>Pi\u0119kna cera w okresie jesienno-zimowym? Mo\u017ce wydawa\u0107 si\u0119 to trudne do osi\u0105gni\u0119cia, ale przy odrobinie stara\u0144 jest ca\u0142kowicie mo\u017cliwe. Trzeba jednak pami\u0119ta\u0107, by spos\u00f3b piel\u0119gnacji sk\u00f3ry<strong> dostosowa\u0107 do panuj\u0105cej aury<\/strong> &#8211; wtedy nie tylko dostarczymy cerze potrzebnych jej sk\u0142adnik\u00f3w, ale te\u017c nie zaszkodzimy jej przez stosowanie nieodpowiednich kosmetyk\u00f3w. <!--more--><\/p>\n<h3>Jaki krem najlepiej stosowa\u0107?<\/h3>\n<p>Cho\u0107 mo\u017ce wydawa\u0107 si\u0119 to nieco dziwne, w\u0142a\u015bnie w miesi\u0105cach zimowych sk\u00f3ra jest najbardziej <strong>nara\u017cona na przesuszenie.<\/strong> Dlaczego tak si\u0119 dzieje? Ot\u00f3\u017c musi ona mierzy\u0107 si\u0119 z mrozem, silnym wiatrem, ogrzewaniem w pomieszczeniach i cz\u0119stymi wahaniami temperatur (wewn\u0105trz i na zewn\u0105trz). To wszystko niszczy jej bariery ochronne, sprawiaj\u0105c, \u017ce w nask\u00f3rku zaczyna brakowa\u0107 wody. Oznak\u0105 takiego stanu rzeczy mo\u017ce by\u0107 na przyk\u0142ad\u2026 <strong>\u015bwiecenie si\u0119 cery.<\/strong> Kiedy jest ona przesuszona, produkuje nadmiern\u0105 ilo\u015b\u0107 sebum, przez co na twarzy pojawia si\u0119 ma\u0142o estetyczna, t\u0142usta warstwa.<\/p>\n<div id=\"attachment_6299\" style=\"width: 360px\" class=\"wp-caption aligncenter\"><a href=\"https:\/\/neness.pl\/natura-siberica-nawilzajacemleczko-do-twarzy-cera-sucha-i-wrazliwa-200ml\"><img loading=\"lazy\" decoding=\"async\" aria-describedby=\"caption-attachment-6299\" class=\"wp-image-6299\" src=\"http:\/\/ranking-kosmetykow.pl\/wp-content\/uploads\/2019\/11\/872d0e956df2ef7dc6aec4d4f70f7047.jpg\" alt=\"\" width=\"350\" height=\"467\" srcset=\"https:\/\/neness.pl\/blog\/wp-content\/uploads\/2019\/11\/872d0e956df2ef7dc6aec4d4f70f7047.jpg 750w, https:\/\/neness.pl\/blog\/wp-content\/uploads\/2019\/11\/872d0e956df2ef7dc6aec4d4f70f7047-225x300.jpg 225w, https:\/\/neness.pl\/blog\/wp-content\/uploads\/2019\/11\/872d0e956df2ef7dc6aec4d4f70f7047-610x813.jpg 610w\" sizes=\"auto, (max-width: 350px) 100vw, 350px\" \/><\/a><p id=\"caption-attachment-6299\" class=\"wp-caption-text\">Natura Siberica Nawil\u017caj\u0105ce Mleczko do Twarzy, Cera Sucha i Wra\u017cliwa 200ml<\/p><\/div>\n<p>Z tego w\u0142a\u015bnie powodu kremy na jesie\u0144 i zim\u0119 powinny mie\u0107 przede wszystkim sk\u0142adniki <strong>wi\u0105\u017c\u0105ce wod\u0119 w nask\u00f3rku<\/strong> i wzmacniaj\u0105ce naturaln\u0105 barier\u0119 ochronn\u0105 sk\u00f3ry. Dobrze jest szuka\u0107 w nich kwasu hialuronowego, a tak\u017ce wosku pszczelego, naturalnych olej\u00f3w i wyci\u0105gu z zielonej herbaty.<\/p>\n<h3>Chronimy przed przesuszeniem<\/h3>\n<p>O tej porze roku koniecznie trzeba te\u017c podw\u00f3jnie uwa\u017ca\u0107 na to, by nie przesuszy\u0107 sk\u00f3ry kosmetykami i zabiegami. Warto wi\u0119c stosowa\u0107 w okresie jesiennym i zimowym bardzo<strong> \u0142agodne preparaty do oczyszczania twarzy,<\/strong> na przyk\u0142ad mleczka do demakija\u017cu, a je\u015bli mamy sk\u00f3r\u0119 such\u0105 &#8211; nie stosowa\u0107 przy myciu wody. Du\u017c\u0105 ostro\u017cno\u015b\u0107 trzeba te\u017c zachowa\u0107 przy robieniu peeling\u00f3w. Cz\u0119ste peelingi mechaniczne mog\u0105 przyczynia\u0107 si\u0119 do niszczenia bariery ochronnej sk\u00f3ry, dlatego najlepiej zamieni\u0107 je na delikatniejsze <strong>peelingi enzymatyczne,<\/strong> kt\u00f3re nie nara\u017c\u0105 cery na dodatkowe obci\u0105\u017cenia. Aby sk\u00f3ra wygl\u0105da\u0142a \u015bwie\u017co i promiennie, najlepiej mie\u0107 te\u017c zawsze przy sobie <strong>wod\u0119 termaln\u0105<\/strong> i spryskiwa\u0107 ni\u0105 twarz kilka razy dziennie. B\u0119dzie ona na bie\u017c\u0105co dba\u0142a o poziom nawil\u017cenia sk\u00f3ry i chroni\u0142a przed szkodliwym dzia\u0142aniem ogrzewania.<\/p>\n<div id=\"attachment_6300\" style=\"width: 360px\" class=\"wp-caption aligncenter\"><a href=\"https:\/\/neness.pl\/holika-holika-maseczka-baby-pet-cat-efekt-kota-magic-sheet\"><img loading=\"lazy\" decoding=\"async\" aria-describedby=\"caption-attachment-6300\" class=\"wp-image-6300\" src=\"http:\/\/ranking-kosmetykow.pl\/wp-content\/uploads\/2019\/11\/b6074bdb492e652a447113ed6987af58-1.jpg\" alt=\"\" width=\"350\" height=\"467\" srcset=\"https:\/\/neness.pl\/blog\/wp-content\/uploads\/2019\/11\/b6074bdb492e652a447113ed6987af58-1.jpg 750w, https:\/\/neness.pl\/blog\/wp-content\/uploads\/2019\/11\/b6074bdb492e652a447113ed6987af58-1-225x300.jpg 225w, https:\/\/neness.pl\/blog\/wp-content\/uploads\/2019\/11\/b6074bdb492e652a447113ed6987af58-1-610x813.jpg 610w\" sizes=\"auto, (max-width: 350px) 100vw, 350px\" \/><\/a><p id=\"caption-attachment-6300\" class=\"wp-caption-text\">Holika Holika Maseczka Baby Pet Cat Efekt Kota Magic Sheet<\/p><\/div>\n<p>Jesieni\u0105 i zim\u0105 nie mo\u017cna te\u017c zapomina\u0107 o regularnym stosowaniu <strong>maseczek nawil\u017caj\u0105cych i od\u017cywiaj\u0105cych.<\/strong> Mo\u017cemy zdecydowa\u0107 si\u0119 tutaj na bardzo popularne ostatnio maski w p\u0142achcie, kt\u00f3re dzi\u0119ki swojej konstrukcji zapewniaj\u0105 sk\u00f3rze maksymaln\u0105 dawk\u0119 witamin. Je\u015bli za\u015b widzimy, \u017ce cera w pewnych miejscach jest wyj\u0105tkowo przesuszona, warto wspom\u00f3c dzia\u0142anie krem\u00f3w i masek <strong>naturalnym olejem.<\/strong> Olejek arganowy lub lniany na\u0142o\u017cony w problematycznych obszarach fantastycznie regeneruje zm\u0119czon\u0105, such\u0105 sk\u00f3r\u0119.<\/p>\n<h3>Dodatkowe zabiegi<\/h3>\n<p>Jesieni\u0105 i zim\u0105 s\u0142o\u0144ce najmniej nam zagra\u017ca, dlatego to najlepszy czas, by zdecydowa\u0107 si\u0119 na <strong>inwazyjne zabiegi i kuracje.<\/strong> W tym okresie mo\u017cemy pozwoli\u0107 sobie na z\u0142uszczanie kwasami, mikrodermabrazj\u0119, kuracj\u0119 retinolem czy inne kosmetyczne rewelacje. Po nich na pewno nasza sk\u00f3ra b\u0119dzie wygl\u0105da\u0142a rewelacyjnie!<\/p>\n","protected":false},"excerpt":{"rendered":"<p>Pi\u0119kna cera w okresie jesienno-zimowym? Mo\u017ce wydawa\u0107 si\u0119 to trudne do osi\u0105gni\u0119cia, ale przy odrobinie stara\u0144 jest ca\u0142kowicie mo\u017cliwe. Trzeba jednak pami\u0119ta\u0107, by spos\u00f3b piel\u0119gnacji sk\u00f3ry dostosowa\u0107 do panuj\u0105cej aury &#8211; wtedy nie tylko dostarczymy cerze potrzebnych jej sk\u0142adnik\u00f3w, ale te\u017c nie zaszkodzimy jej przez stosowanie nieodpowiednich kosmetyk\u00f3w.<\/p>\n","protected":false},"author":2,"featured_media":6298,"comment_status":"open","ping_status":"open","sticky":false,"template":"","format":"standard","meta":{"_et_pb_use_builder":"","_et_pb_old_content":"","_et_gb_content_width":"","footnotes":""},"categories":[185],"tags":[],"class_list":["post-6297","post","type-post","status-publish","format-standard","has-post-thumbnail","hentry","category-codzienna-pielegnacja","et-has-post-format-content","et_post_format-et-post-format-standard"],"_links":{"self":[{"href":"https:\/\/neness.pl\/blog\/wp-json\/wp\/v2\/posts\/6297","targetHints":{"allow":["GET"]}}],"collection":[{"href":"https:\/\/neness.pl\/blog\/wp-json\/wp\/v2\/posts"}],"about":[{"href":"https:\/\/neness.pl\/blog\/wp-json\/wp\/v2\/types\/post"}],"author":[{"embeddable":true,"href":"https:\/\/neness.pl\/blog\/wp-json\/wp\/v2\/users\/2"}],"replies":[{"embeddable":true,"href":"https:\/\/neness.pl\/blog\/wp-json\/wp\/v2\/comments?post=6297"}],"version-history":[{"count":0,"href":"https:\/\/neness.pl\/blog\/wp-json\/wp\/v2\/posts\/6297\/revisions"}],"wp:featuredmedia":[{"embeddable":true,"href":"https:\/\/neness.pl\/blog\/wp-json\/wp\/v2\/media\/6298"}],"wp:attachment":[{"href":"https:\/\/neness.pl\/blog\/wp-json\/wp\/v2\/media?parent=6297"}],"wp:term":[{"taxonomy":"category","embeddable":true,"href":"https:\/\/neness.pl\/blog\/wp-json\/wp\/v2\/categories?post=6297"},{"taxonomy":"post_tag","embeddable":true,"href":"https:\/\/neness.pl\/blog\/wp-json\/wp\/v2\/tags?post=6297"}],"curies":[{"name":"wp","href":"https:\/\/api.w.org\/{rel}","templated":true}]}}