{"id":6274,"date":"2019-11-19T12:30:58","date_gmt":"2019-11-19T11:30:58","guid":{"rendered":"http:\/\/ranking-kosmetykow.pl\/?p=6274"},"modified":"2019-11-19T12:30:58","modified_gmt":"2019-11-19T11:30:58","slug":"skuteczne-maski-do-wlosow-na-jesien-i-zime","status":"publish","type":"post","link":"https:\/\/neness.pl\/blog\/skuteczne-maski-do-wlosow-na-jesien-i-zime\/","title":{"rendered":"Skuteczne maski do w\u0142os\u00f3w na jesie\u0144 i zim\u0119"},"content":{"rendered":"<p>Jesieni\u0105 i zim\u0105 nasze w\u0142osy nara\u017cone s\u0105 na szereg czynnik\u00f3w, kt\u00f3re sprawiaj\u0105, \u017ce staj\u0105 si\u0119 one<strong> os\u0142abione i \u0142amliwe.<\/strong> Niskie temperatury, r\u00f3\u017cnice temperatur wewn\u0105trz i na zewn\u0105trz, opady atmosferyczne, wiatr, wilgo\u0107 &#8211; to wszystko sprawia, \u017ce ich kondycja w tym okresie z tygodnia na tydzie\u0144 staje si\u0119 gorsza. Dlatego w\u0142a\u015bnie jesieni\u0105 i zim\u0105 warto stosowa\u0107 maski, kt\u00f3re dostarcz\u0105 w\u0142osom sk\u0142adnik\u00f3w pozwalaj\u0105cych przeciwstawi\u0107 si\u0119 niesprzyjaj\u0105cej aurze.<!--more--><\/p>\n<h3>Sk\u0142adniki masek na jesie\u0144 i zim\u0119<\/h3>\n<p>Maski do w\u0142os\u00f3w na okres jesienno-zimowy powinny mie\u0107 dzia\u0142anie przede wszystkim <strong>nawil\u017caj\u0105ce i od\u017cywiaj\u0105ce.<\/strong> Warto zrezygnowa\u0107 w tym czasie z silnie wyg\u0142adzaj\u0105cych, mocno obci\u0105\u017caj\u0105cych produkt\u00f3w, gdy\u017c w okresie, gdy nosimy czapk\u0119, mog\u0105 one spowodowa\u0107, \u017ce w\u0142osy b\u0119d\u0105 zbyt oklapni\u0119te i sprawi\u0105 wra\u017cenie nie\u015bwie\u017cych. Warto stawia\u0107 na stosunkowo lekkie kosmetyki, kt\u00f3re jednak zawieraj\u0105 sk\u0142adniki chroni\u0105ce w\u0142osy przed przesuszeniem. Doskonale sprawdzaj\u0105 si\u0119 tutaj wszelkie produkty z naturalnymi <strong>olejami ro\u015blinnymi i mas\u0142ami<\/strong> &#8211; jak olej z oliwek, pestek czere\u015bni, migda\u0142owy czy mas\u0142o shea. Warto r\u00f3wnie\u017c szuka\u0107 w maskach do w\u0142os\u00f3w wyci\u0105gu z <strong>alg<\/strong>, zawieraj\u0105cego szereg witamin i sk\u0142adnik\u00f3w nawil\u017caj\u0105cych, oraz <strong>kwasu hialuronowego<\/strong>, kt\u00f3ry odbudowuje struktur\u0119 w\u0142osa.<\/p>\n<div id=\"attachment_6276\" style=\"width: 360px\" class=\"wp-caption aligncenter\"><a href=\"https:\/\/neness.pl\/pl\/p\/Kallos-KJMN-HAIR-PRO-TOX-Maska-do-Wlosow-275ml\/5863\"><img loading=\"lazy\" decoding=\"async\" aria-describedby=\"caption-attachment-6276\" class=\"wp-image-6276\" src=\"http:\/\/ranking-kosmetykow.pl\/wp-content\/uploads\/2019\/11\/3dc42bef1643ed45fca3a38bb8ec7e9c.jpg\" alt=\"\" width=\"350\" height=\"350\" srcset=\"https:\/\/neness.pl\/blog\/wp-content\/uploads\/2019\/11\/3dc42bef1643ed45fca3a38bb8ec7e9c.jpg 800w, https:\/\/neness.pl\/blog\/wp-content\/uploads\/2019\/11\/3dc42bef1643ed45fca3a38bb8ec7e9c-300x300.jpg 300w, https:\/\/neness.pl\/blog\/wp-content\/uploads\/2019\/11\/3dc42bef1643ed45fca3a38bb8ec7e9c-150x150.jpg 150w, https:\/\/neness.pl\/blog\/wp-content\/uploads\/2019\/11\/3dc42bef1643ed45fca3a38bb8ec7e9c-768x768.jpg 768w, https:\/\/neness.pl\/blog\/wp-content\/uploads\/2019\/11\/3dc42bef1643ed45fca3a38bb8ec7e9c-610x610.jpg 610w, https:\/\/neness.pl\/blog\/wp-content\/uploads\/2019\/11\/3dc42bef1643ed45fca3a38bb8ec7e9c-440x440.jpg 440w\" sizes=\"auto, (max-width: 350px) 100vw, 350px\" \/><\/a><p id=\"caption-attachment-6276\" class=\"wp-caption-text\">Kallos KJMN HAIR PRO-TOX Maska do W\u0142os\u00f3w 275ml<\/p><\/div>\n<h3>Jak stosowa\u0107 maski?<\/h3>\n<p>\u017beby efekt dzia\u0142ania masek by\u0142 naprawd\u0119 dobrze widoczny, warto stosowa\u0107 te kosmetyki <strong>dwa razy w tygodniu.<\/strong> Mo\u017cemy u\u017cywa\u0107 tutaj dw\u00f3ch r\u00f3\u017cnych produkt\u00f3w, by zapewni\u0107 w\u0142osom r\u00f3\u017cnorodno\u015b\u0107 i jak najwi\u0119cej cennych sk\u0142adnik\u00f3w. Nak\u0142adaj\u0105c maski, nale\u017cy skupi\u0107 si\u0119 przede wszystkim na <strong>ko\u0144c\u00f3wkach w\u0142os\u00f3w<\/strong> &#8211; to one s\u0105 najbardziej nara\u017cone na niszczenie si\u0119. Nie mo\u017cna te\u017c jednak zapomina\u0107 o nawil\u017caniu sk\u00f3ry g\u0142owy &#8211; je\u015bli b\u0119dzie ona przesuszona, a kr\u0105\u017cenie krwi nieodpowiednie, w\u0142osy dostan\u0105 mniej sk\u0142adnik\u00f3w od\u017cywczych z organizmu, przez co zaczn\u0105 \u0142ama\u0107 si\u0119 i wypada\u0107. Mask\u0119 do w\u0142os\u00f3w powinni\u015bmy nak\u0142ada\u0107 na oko\u0142o<strong> 20-30 minut.<\/strong> Najlepiej dodatkowo za\u0142o\u017cy\u0107 na w\u0142osy foli\u0119 lub owin\u0105\u0107 g\u0142ow\u0119 r\u0119cznikiem, by wytworzy\u0107 ciep\u0142o, kt\u00f3re pomo\u017ce w przenikaniu cennych sk\u0142adnik\u00f3w w struktur\u0119 w\u0142osa.<\/p>\n<div id=\"attachment_6277\" style=\"width: 360px\" class=\"wp-caption aligncenter\"><a href=\"https:\/\/neness.pl\/pl\/p\/Kallos-KJMN-Maska-do-Wlosow-Algae-275ml\/5867\"><img loading=\"lazy\" decoding=\"async\" aria-describedby=\"caption-attachment-6277\" class=\"wp-image-6277\" src=\"http:\/\/ranking-kosmetykow.pl\/wp-content\/uploads\/2019\/11\/3a9ffd204d72fc629bc17e015ae87cd1.jpg\" alt=\"\" width=\"350\" height=\"350\" srcset=\"https:\/\/neness.pl\/blog\/wp-content\/uploads\/2019\/11\/3a9ffd204d72fc629bc17e015ae87cd1.jpg 800w, https:\/\/neness.pl\/blog\/wp-content\/uploads\/2019\/11\/3a9ffd204d72fc629bc17e015ae87cd1-300x300.jpg 300w, https:\/\/neness.pl\/blog\/wp-content\/uploads\/2019\/11\/3a9ffd204d72fc629bc17e015ae87cd1-150x150.jpg 150w, https:\/\/neness.pl\/blog\/wp-content\/uploads\/2019\/11\/3a9ffd204d72fc629bc17e015ae87cd1-768x768.jpg 768w, https:\/\/neness.pl\/blog\/wp-content\/uploads\/2019\/11\/3a9ffd204d72fc629bc17e015ae87cd1-610x610.jpg 610w, https:\/\/neness.pl\/blog\/wp-content\/uploads\/2019\/11\/3a9ffd204d72fc629bc17e015ae87cd1-440x440.jpg 440w\" sizes=\"auto, (max-width: 350px) 100vw, 350px\" \/><\/a><p id=\"caption-attachment-6277\" class=\"wp-caption-text\">Kallos KJMN Maska do W\u0142os\u00f3w Algae 275ml<\/p><\/div>\n<h3>Co jeszcze liczy si\u0119 w okresie jesienno-zimowym?<\/h3>\n<p>Jesieni\u0105 i zim\u0105 warto jednak chroni\u0107 w\u0142osy r\u00f3wnie\u017c na inne sposoby. Przede wszystkim nie nale\u017cy rezygnowa\u0107 z <strong>noszenia czapek<\/strong> &#8211; zabezpieczaj\u0105 one w\u0142osy przed dzia\u0142aniem zimna i wiatru, dzi\u0119ki czemu mniej si\u0119 one niszcz\u0105 nawet przy bardzo niesprzyjaj\u0105cych warunkach. Nale\u017cy te\u017c pami\u0119ta\u0107 o od\u017cywianiu ko\u0144c\u00f3wek w\u0142os\u00f3w za pomoc\u0105 <strong>serum<\/strong> &#8211; mo\u017ce zawiera\u0107 ono olejek ro\u015blinny czy p\u0142ynny jedwab. Je\u015bli czujemy, \u017ce w\u0142osy staj\u0105 si\u0119 zbyt przesuszone czy matowe, dobrze te\u017c pomy\u015ble\u0107 o<strong> olejowaniu.<\/strong> Na\u0142o\u017cenie oleju na noc nawet raz w tygodniu szybko przywr\u00f3ci zm\u0119czonym w\u0142osom blask.<\/p>\n","protected":false},"excerpt":{"rendered":"<p>Jesieni\u0105 i zim\u0105 nasze w\u0142osy nara\u017cone s\u0105 na szereg czynnik\u00f3w, kt\u00f3re sprawiaj\u0105, \u017ce staj\u0105 si\u0119 one os\u0142abione i \u0142amliwe. Niskie temperatury, r\u00f3\u017cnice temperatur wewn\u0105trz i na zewn\u0105trz, opady atmosferyczne, wiatr, wilgo\u0107 &#8211; to wszystko sprawia, \u017ce ich kondycja w tym okresie z tygodnia na tydzie\u0144 staje si\u0119 gorsza. Dlatego w\u0142a\u015bnie jesieni\u0105 i zim\u0105 warto stosowa\u0107 [&hellip;]<\/p>\n","protected":false},"author":2,"featured_media":6275,"comment_status":"open","ping_status":"open","sticky":false,"template":"","format":"standard","meta":{"_et_pb_use_builder":"","_et_pb_old_content":"","_et_gb_content_width":"","footnotes":""},"categories":[48],"tags":[],"class_list":["post-6274","post","type-post","status-publish","format-standard","has-post-thumbnail","hentry","category-wlosy-idealne","et-has-post-format-content","et_post_format-et-post-format-standard"],"_links":{"self":[{"href":"https:\/\/neness.pl\/blog\/wp-json\/wp\/v2\/posts\/6274","targetHints":{"allow":["GET"]}}],"collection":[{"href":"https:\/\/neness.pl\/blog\/wp-json\/wp\/v2\/posts"}],"about":[{"href":"https:\/\/neness.pl\/blog\/wp-json\/wp\/v2\/types\/post"}],"author":[{"embeddable":true,"href":"https:\/\/neness.pl\/blog\/wp-json\/wp\/v2\/users\/2"}],"replies":[{"embeddable":true,"href":"https:\/\/neness.pl\/blog\/wp-json\/wp\/v2\/comments?post=6274"}],"version-history":[{"count":0,"href":"https:\/\/neness.pl\/blog\/wp-json\/wp\/v2\/posts\/6274\/revisions"}],"wp:featuredmedia":[{"embeddable":true,"href":"https:\/\/neness.pl\/blog\/wp-json\/wp\/v2\/media\/6275"}],"wp:attachment":[{"href":"https:\/\/neness.pl\/blog\/wp-json\/wp\/v2\/media?parent=6274"}],"wp:term":[{"taxonomy":"category","embeddable":true,"href":"https:\/\/neness.pl\/blog\/wp-json\/wp\/v2\/categories?post=6274"},{"taxonomy":"post_tag","embeddable":true,"href":"https:\/\/neness.pl\/blog\/wp-json\/wp\/v2\/tags?post=6274"}],"curies":[{"name":"wp","href":"https:\/\/api.w.org\/{rel}","templated":true}]}}