{"id":6253,"date":"2019-11-12T14:04:08","date_gmt":"2019-11-12T13:04:08","guid":{"rendered":"http:\/\/ranking-kosmetykow.pl\/?p=6253"},"modified":"2019-11-12T14:04:08","modified_gmt":"2019-11-12T13:04:08","slug":"najmodniejsze-brwi-w-tym-sezonie","status":"publish","type":"post","link":"https:\/\/neness.pl\/blog\/najmodniejsze-brwi-w-tym-sezonie\/","title":{"rendered":"Najmodniejsze brwi w tym sezonie"},"content":{"rendered":"<p>Szeroko\u015b\u0107, kolor i kszta\u0142t brwi powinny\u015bmy dobiera\u0107 przede wszystkim do kszta\u0142tu naszej twarzy, typu urody i preferowanego stylu w makija\u017cu. Ka\u017cda z nas chce jednak przy tym <strong>wygl\u0105da\u0107 modnie!<\/strong> Na szcz\u0119\u015bcie w\u015br\u00f3d rozwi\u0105za\u0144 najbardziej na topie jest mn\u00f3stwo opcji i ka\u017cda z nas mo\u017ce wybra\u0107 z nich tak\u0105, kt\u00f3ra b\u0119dzie do niej idealnie pasowa\u0107. Jakie kszta\u0142ty i sposoby podkre\u015blania brwi s\u0105 obecnie najmodniejsze?<!--more--><\/p>\n<h3>Postaw na naturalno\u015b\u0107!<\/h3>\n<p>W tym sezonie nadal modne s\u0105 <strong>nieregulowane brwi o naturalnym kszta\u0142cie.<\/strong> Teraz idziemy jednak o krok dalej i stawiamy te\u017c na <strong>naturalny kolor.<\/strong> Brwi mo\u017cemy pozostawi\u0107 ca\u0142kowicie bez makija\u017cu, co na pewno spodoba si\u0119 wszystkim minimalistkom i tym paniom, kt\u00f3re niech\u0119tnie sp\u0119dzaj\u0105 czas na dopracowywaniu make-upu przed lustrem. Je\u015bli jednak decydujemy si\u0119 na pozostawienie brwi w naturalnej formie, warto podkre\u015bli\u0107 makija\u017cem inny element &#8211; na przyk\u0142ad powieki. Nasycone cienie do powiek w po\u0142\u0105czeniu z tego typu brwiami stworz\u0105 \u015bwietn\u0105, nieco vintagow\u0105 stylizacj\u0119.<\/p>\n<div id=\"attachment_6254\" style=\"width: 360px\" class=\"wp-caption aligncenter\"><a href=\"https:\/\/neness.pl\/w7-brow-parlour-zestaw-do-brwi\"><img loading=\"lazy\" decoding=\"async\" aria-describedby=\"caption-attachment-6254\" class=\"wp-image-6254\" src=\"http:\/\/ranking-kosmetykow.pl\/wp-content\/uploads\/2019\/11\/d1019b746b4bb6c4a34af873ead97c31.jpg.png\" alt=\"\" width=\"350\" height=\"467\" srcset=\"https:\/\/neness.pl\/blog\/wp-content\/uploads\/2019\/11\/d1019b746b4bb6c4a34af873ead97c31.jpg.png 750w, https:\/\/neness.pl\/blog\/wp-content\/uploads\/2019\/11\/d1019b746b4bb6c4a34af873ead97c31.jpg-225x300.png 225w, https:\/\/neness.pl\/blog\/wp-content\/uploads\/2019\/11\/d1019b746b4bb6c4a34af873ead97c31.jpg-610x813.png 610w\" sizes=\"auto, (max-width: 350px) 100vw, 350px\" \/><\/a><p id=\"caption-attachment-6254\" class=\"wp-caption-text\">W7 Brow Parlour Zestaw do Brwi<\/p><\/div>\n<h3>Boy Brow &#8211; nie\u0142ad jest w modzie<\/h3>\n<p>Je\u015bli wolimy jednak, by nasze brwi by\u0142y nieco podkre\u015blone, warto zdecydowa\u0107 si\u0119 na ch\u0142opi\u0119cy nie\u0142ad. Jak osi\u0105gn\u0105\u0107 taki efekt? To ca\u0142kiem proste &#8211; wystarczy dobra <strong>pomada do brwi.<\/strong> Za jej pomoc\u0105 usztywniamy w\u0142oski\u00a0 i uk\u0142adamy je w taki spos\u00f3b, by tworzy\u0142y co\u015b w rodzaju zorganizowanego nieporz\u0105dku. Mo\u017cemy nieco zaczesa\u0107 brwi pod g\u00f3r\u0119, by nada\u0107 im obj\u0119to\u015bci i sprawi\u0107, \u017ce b\u0119d\u0105 wydawa\u0142y si\u0119 nieposkromione. Warto wybra\u0107 do takiej stylizacji pomad\u0119, kt\u00f3ra nieco przyciemni brwi &#8211; optymalny rezultat osi\u0105gniemy, je\u015bli zastosujemy kosmetyk, kt\u00f3ry sprawi, \u017ce b\u0119d\u0105 one o <strong>dwa tony ciemniejsze ni\u017c naturalnie.<\/strong><\/p>\n<h3>Odwracamy kolory<\/h3>\n<p>D\u0142ugo w modzie by\u0142o idealne dopasowywanie koloru brwi do w\u0142os\u00f3w, by efekt by\u0142 maksymalnie naturalny. Tym razem jednak mo\u017cemy te\u017c postawi\u0107 na <strong>niedopasowanie.<\/strong> Blondynki mog\u0105 przyciemnia\u0107 brwi o dwa czy trzy tony, natomiast brunetki rozja\u015bnia\u0107 w\u0142oski! Jasne, niemal niewidoczne brwi przy ciemnych w\u0142osach tak\u017ce s\u0105 hitem sezonu.<\/p>\n<h3>A mo\u017ce microshading?<\/h3>\n<p>Na topie jest tak\u017ce ostatnio technika makija\u017cu, utrzymuj\u0105cego si\u0119 przez kilka lat, czyli microshading. Zast\u0105pi\u0142 on popularny w ostatnich latach microblading, polegaj\u0105cy na tatuowaniu cienkich w\u0142osk\u00f3w, by zag\u0119\u015bci\u0107 lini\u0119 brwi. W microshadingu zamiast kreseczek tatuuje si\u0119 <strong>niewielkie kropki,<\/strong> kt\u00f3re sprawiaj\u0105, \u017ce w\u0142oski wydaj\u0105 si\u0119 grubsze, a brwi pe\u0142niejsze, ale przy tym ca\u0142kowicie naturalne.<\/p>\n","protected":false},"excerpt":{"rendered":"<p>Szeroko\u015b\u0107, kolor i kszta\u0142t brwi powinny\u015bmy dobiera\u0107 przede wszystkim do kszta\u0142tu naszej twarzy, typu urody i preferowanego stylu w makija\u017cu. Ka\u017cda z nas chce jednak przy tym wygl\u0105da\u0107 modnie! Na szcz\u0119\u015bcie w\u015br\u00f3d rozwi\u0105za\u0144 najbardziej na topie jest mn\u00f3stwo opcji i ka\u017cda z nas mo\u017ce wybra\u0107 z nich tak\u0105, kt\u00f3ra b\u0119dzie do niej idealnie pasowa\u0107. Jakie [&hellip;]<\/p>\n","protected":false},"author":2,"featured_media":6255,"comment_status":"open","ping_status":"open","sticky":false,"template":"","format":"standard","meta":{"_et_pb_use_builder":"","_et_pb_old_content":"","_et_gb_content_width":"","footnotes":""},"categories":[41],"tags":[],"class_list":["post-6253","post","type-post","status-publish","format-standard","has-post-thumbnail","hentry","category-olsniewaj-makijazem","et-has-post-format-content","et_post_format-et-post-format-standard"],"_links":{"self":[{"href":"https:\/\/neness.pl\/blog\/wp-json\/wp\/v2\/posts\/6253","targetHints":{"allow":["GET"]}}],"collection":[{"href":"https:\/\/neness.pl\/blog\/wp-json\/wp\/v2\/posts"}],"about":[{"href":"https:\/\/neness.pl\/blog\/wp-json\/wp\/v2\/types\/post"}],"author":[{"embeddable":true,"href":"https:\/\/neness.pl\/blog\/wp-json\/wp\/v2\/users\/2"}],"replies":[{"embeddable":true,"href":"https:\/\/neness.pl\/blog\/wp-json\/wp\/v2\/comments?post=6253"}],"version-history":[{"count":0,"href":"https:\/\/neness.pl\/blog\/wp-json\/wp\/v2\/posts\/6253\/revisions"}],"wp:featuredmedia":[{"embeddable":true,"href":"https:\/\/neness.pl\/blog\/wp-json\/wp\/v2\/media\/6255"}],"wp:attachment":[{"href":"https:\/\/neness.pl\/blog\/wp-json\/wp\/v2\/media?parent=6253"}],"wp:term":[{"taxonomy":"category","embeddable":true,"href":"https:\/\/neness.pl\/blog\/wp-json\/wp\/v2\/categories?post=6253"},{"taxonomy":"post_tag","embeddable":true,"href":"https:\/\/neness.pl\/blog\/wp-json\/wp\/v2\/tags?post=6253"}],"curies":[{"name":"wp","href":"https:\/\/api.w.org\/{rel}","templated":true}]}}