{"id":6229,"date":"2019-10-31T15:28:02","date_gmt":"2019-10-31T14:28:02","guid":{"rendered":"http:\/\/ranking-kosmetykow.pl\/?p=6229"},"modified":"2019-10-31T15:28:02","modified_gmt":"2019-10-31T14:28:02","slug":"jakie-kolory-szminek-optycznie-wybielaja-zeby","status":"publish","type":"post","link":"https:\/\/neness.pl\/blog\/jakie-kolory-szminek-optycznie-wybielaja-zeby\/","title":{"rendered":"Jakie kolory szminek optycznie wybielaj\u0105 z\u0119by?"},"content":{"rendered":"<p>Pi\u0119kny, bia\u0142y u\u015bmiech to jeden z <strong>kluczowych element\u00f3w wp\u0142ywaj\u0105cych na nasz\u0105 atrakcyjno\u015b\u0107,<\/strong> dlatego staramy si\u0119 wybieli\u0107 z\u0119by na wiele sposob\u00f3w. Jedni si\u0119gaj\u0105 po domowe metody, inni stawiaj\u0105 na profesjonalne wybielanie w gabinecie stomatologicznym, a jeszcze inni kupuj\u0105 \u015brodki z apteki. Cz\u0119sto jednak zapominamy, \u017ce w uzyskaniu wymarzonego koloru z\u0119b\u00f3w, przynajmniej optycznie, pomo\u017ce nam te\u017c odpowiednio dobrana szminka. Na jakie kosmetyki stawia\u0107, by u\u015bmiech wydawa\u0142 si\u0119 mo\u017cliwie najbielszy?<!--more--><\/p>\n<h3>Mat czy b\u0142ysk?<\/h3>\n<p>Przede wszystkim nale\u017cy pami\u0119ta\u0107, \u017ce matowe szminki, cho\u0107 pi\u0119knie si\u0119 prezentuj\u0105, podkre\u015blaj\u0105 wiele skaz urody &#8211; w tym \u017c\u00f3\u0142ty odcie\u0144 z\u0119b\u00f3w. Dlatego, je\u015bli chcemy, by nasz u\u015bmiech wydawa\u0142 si\u0119 \u015bnie\u017cnobia\u0142y, powinny\u015bmy zdecydowa\u0107 si\u0119 na <strong>pomadk\u0119 z po\u0142yskiem.<\/strong> Mo\u017ce by\u0107 to zwyczajna szminka, ale doskona\u0142y b\u0119dzie te\u017c <strong>b\u0142yszczyk ze \u015bwiec\u0105cymi drobinkami.<\/strong> Warto jednak wybra\u0107 taki kosmetyk, w kt\u00f3rym maj\u0105 one kolor srebrny, gdy\u017c z\u0142ote drobinki daj\u0105 mniej spektakularny efekt.<\/p>\n<div id=\"attachment_6231\" style=\"width: 510px\" class=\"wp-caption aligncenter\"><a href=\"https:\/\/neness.pl\/pl\/p\/Rimmel-Lakier-do-Ust-Apocalips-Lip-Lacquer-\/6136\"><img loading=\"lazy\" decoding=\"async\" aria-describedby=\"caption-attachment-6231\" class=\"wp-image-6231\" src=\"http:\/\/ranking-kosmetykow.pl\/wp-content\/uploads\/2019\/10\/c700x420.jpg\" alt=\"\" width=\"500\" height=\"300\" srcset=\"https:\/\/neness.pl\/blog\/wp-content\/uploads\/2019\/10\/c700x420.jpg 700w, https:\/\/neness.pl\/blog\/wp-content\/uploads\/2019\/10\/c700x420-300x180.jpg 300w, https:\/\/neness.pl\/blog\/wp-content\/uploads\/2019\/10\/c700x420-610x366.jpg 610w, https:\/\/neness.pl\/blog\/wp-content\/uploads\/2019\/10\/c700x420-627x376.jpg 627w, https:\/\/neness.pl\/blog\/wp-content\/uploads\/2019\/10\/c700x420-440x264.jpg 440w\" sizes=\"auto, (max-width: 500px) 100vw, 500px\" \/><\/a><p id=\"caption-attachment-6231\" class=\"wp-caption-text\">Rimmel Lakier do Ust Apocalips Lip Lacquer<\/p><\/div>\n<h3>Jasny czy jednak ciemny?<\/h3>\n<p>Przyj\u0119\u0142o si\u0119 przekonanie, \u017ce ciemne szminki negatywnie wp\u0142ywaj\u0105 na wygl\u0105d z\u0119b\u00f3w i nale\u017cy ich za wszelk\u0105 cen\u0119 unika\u0107, je\u015bli nie chcemy, by wydawa\u0142y si\u0119 one \u017c\u00f3\u0142te. Tymczasem jest wr\u0119cz odwrotnie. Bardzo jasne, per\u0142owe barwy sprawiaj\u0105, \u017ce usta wydaj\u0105 si\u0119 nienaturalnie blade, a to automatycznie przyci\u0105ga wzrok do z\u0119b\u00f3w, kt\u00f3re w takim zestawieniu wypadaj\u0105 niekorzystnie. Warto wi\u0119c podkre\u015bla\u0107 wargi <strong>nasyconymi kolorami,<\/strong> jednak oczywi\u015bcie nie wszystkie b\u0119d\u0105 si\u0119 sprawdza\u0142y r\u00f3wnie dobrze. Kluczowy jest tutaj <strong>dob\u00f3r odpowiedniego odcienia.<\/strong><\/p>\n<div id=\"attachment_6232\" style=\"width: 510px\" class=\"wp-caption aligncenter\"><a href=\"https:\/\/neness.pl\/pl\/p\/Revlon-Dwustronne-Blyszczyki-Colorstay-Overtime-Lipcolor\/6133\"><img loading=\"lazy\" decoding=\"async\" aria-describedby=\"caption-attachment-6232\" class=\"wp-image-6232\" src=\"http:\/\/ranking-kosmetykow.pl\/wp-content\/uploads\/2019\/10\/revlon-colorstay-overtime-lipcolor.jpg\" alt=\"\" width=\"500\" height=\"500\" srcset=\"https:\/\/neness.pl\/blog\/wp-content\/uploads\/2019\/10\/revlon-colorstay-overtime-lipcolor.jpg 700w, https:\/\/neness.pl\/blog\/wp-content\/uploads\/2019\/10\/revlon-colorstay-overtime-lipcolor-300x300.jpg 300w, https:\/\/neness.pl\/blog\/wp-content\/uploads\/2019\/10\/revlon-colorstay-overtime-lipcolor-150x150.jpg 150w, https:\/\/neness.pl\/blog\/wp-content\/uploads\/2019\/10\/revlon-colorstay-overtime-lipcolor-610x610.jpg 610w, https:\/\/neness.pl\/blog\/wp-content\/uploads\/2019\/10\/revlon-colorstay-overtime-lipcolor-440x440.jpg 440w\" sizes=\"auto, (max-width: 500px) 100vw, 500px\" \/><\/a><p id=\"caption-attachment-6232\" class=\"wp-caption-text\">Revlon Dwustronne B\u0142yszczyki Colorstay Overtime Lipcolor<\/p><\/div>\n<h3>Paleta kolor\u00f3w a dob\u00f3r szminki<\/h3>\n<p>Wybieraj\u0105c szminki, kt\u00f3re optycznie wybielaj\u0105 z\u0119by, nale\u017cy zastanawia\u0107 si\u0119 nad tymi, kt\u00f3re maj\u0105 pigment o kolorze znajduj\u0105cym si\u0119 po przeciwnej stronie ni\u017c \u017c\u00f3\u0142ty w palecie barw, czyli <strong>niebieskim.<\/strong> Nie oznacza to oczywi\u015bcie, \u017ce sama szminka ma mie\u0107 niebieski kolor, ale o to, by<strong> jej odcie\u0144 by\u0142 zimny.<\/strong> Najlepiej wi\u0119c wybiera\u0107 w\u015br\u00f3d pomadek o odcieniu wi\u015bniowym, ciemno\u015bliwkowym, malinowym czy r\u00f3\u017cowym w stylu barbie. Za wszelk\u0105 cen\u0119 powinny\u015bmy za to unika\u0107 wszystkich odcieni pomara\u0144czu, brzoskwiniowego, \u0142ososiowego czy ciep\u0142ych r\u00f3\u017c\u00f3w i br\u0105z\u00f3w.<\/p>\n","protected":false},"excerpt":{"rendered":"<p>Pi\u0119kny, bia\u0142y u\u015bmiech to jeden z kluczowych element\u00f3w wp\u0142ywaj\u0105cych na nasz\u0105 atrakcyjno\u015b\u0107, dlatego staramy si\u0119 wybieli\u0107 z\u0119by na wiele sposob\u00f3w. Jedni si\u0119gaj\u0105 po domowe metody, inni stawiaj\u0105 na profesjonalne wybielanie w gabinecie stomatologicznym, a jeszcze inni kupuj\u0105 \u015brodki z apteki. Cz\u0119sto jednak zapominamy, \u017ce w uzyskaniu wymarzonego koloru z\u0119b\u00f3w, przynajmniej optycznie, pomo\u017ce nam te\u017c odpowiednio [&hellip;]<\/p>\n","protected":false},"author":2,"featured_media":6230,"comment_status":"open","ping_status":"open","sticky":false,"template":"","format":"standard","meta":{"_et_pb_use_builder":"","_et_pb_old_content":"","_et_gb_content_width":"","footnotes":""},"categories":[41],"tags":[],"class_list":["post-6229","post","type-post","status-publish","format-standard","has-post-thumbnail","hentry","category-olsniewaj-makijazem","et-has-post-format-content","et_post_format-et-post-format-standard"],"_links":{"self":[{"href":"https:\/\/neness.pl\/blog\/wp-json\/wp\/v2\/posts\/6229","targetHints":{"allow":["GET"]}}],"collection":[{"href":"https:\/\/neness.pl\/blog\/wp-json\/wp\/v2\/posts"}],"about":[{"href":"https:\/\/neness.pl\/blog\/wp-json\/wp\/v2\/types\/post"}],"author":[{"embeddable":true,"href":"https:\/\/neness.pl\/blog\/wp-json\/wp\/v2\/users\/2"}],"replies":[{"embeddable":true,"href":"https:\/\/neness.pl\/blog\/wp-json\/wp\/v2\/comments?post=6229"}],"version-history":[{"count":0,"href":"https:\/\/neness.pl\/blog\/wp-json\/wp\/v2\/posts\/6229\/revisions"}],"wp:featuredmedia":[{"embeddable":true,"href":"https:\/\/neness.pl\/blog\/wp-json\/wp\/v2\/media\/6230"}],"wp:attachment":[{"href":"https:\/\/neness.pl\/blog\/wp-json\/wp\/v2\/media?parent=6229"}],"wp:term":[{"taxonomy":"category","embeddable":true,"href":"https:\/\/neness.pl\/blog\/wp-json\/wp\/v2\/categories?post=6229"},{"taxonomy":"post_tag","embeddable":true,"href":"https:\/\/neness.pl\/blog\/wp-json\/wp\/v2\/tags?post=6229"}],"curies":[{"name":"wp","href":"https:\/\/api.w.org\/{rel}","templated":true}]}}