{"id":6219,"date":"2019-10-29T12:19:06","date_gmt":"2019-10-29T11:19:06","guid":{"rendered":"http:\/\/ranking-kosmetykow.pl\/?p=6219"},"modified":"2019-10-29T12:19:06","modified_gmt":"2019-10-29T11:19:06","slug":"jaki-krem-wybrac-pod-makijaz","status":"publish","type":"post","link":"https:\/\/neness.pl\/blog\/jaki-krem-wybrac-pod-makijaz\/","title":{"rendered":"Jaki krem wybra\u0107 pod makija\u017c?"},"content":{"rendered":"<p>Dob\u00f3r odpowiedniego kremu pod makija\u017c to niezwykle istotna kwestia. Nie tylko wp\u0142ywa on na stan naszej sk\u00f3ry, ale te\u017c pomaga w <strong>r\u00f3wnomiernym rozprowadzaniu podk\u0142adu<\/strong>, dzi\u0119ki czemu make-up prezentuje si\u0119 lepiej. Wa\u017cne jest jednak, by zdecydowa\u0107 si\u0119 na taki kosmetyk, kt\u00f3ry dopasowany jest do<strong> typu naszej cery.<\/strong> Tylko wtedy mamy pewno\u015b\u0107, \u017ce jego u\u017cywanie nie pogorszy kondycji sk\u00f3ry ani nie zmniejszy trwa\u0142o\u015bci makija\u017cu.\u00a0<!--more--><\/p>\n<h3>Krem do cery t\u0142ustej<\/h3>\n<p>Nadal pokutuje jeszcze przekonanie, \u017ce cera t\u0142usta nie potrzebuje kremu. Tymczasem jest wr\u0119cz przeciwnie! Je\u015bli nie dostarczamy jej sk\u0142adnik\u00f3w nawil\u017caj\u0105cych, zaczyna ona wygl\u0105da\u0107 niezdrowo i <strong>produkowa\u0107 jeszcze wi\u0119cej sebum,<\/strong> by zrekompensowa\u0107 braki. Dlatego te\u017c sk\u00f3ra zaczyna coraz bardziej si\u0119 \u015bwieci\u0107, a dodatkowo staje si\u0119 bardziej nara\u017cona na zapychanie por\u00f3w i powstawanie zask\u00f3rnik\u00f3w. Wa\u017cne, by przy tym typie cery pod makija\u017c nie wybiera\u0107 silnie matuj\u0105cego kosmetyku. Warto postawi\u0107 raczej na <strong>delikatnie nawil\u017caj\u0105cy, o \u017celowej konsystencji,<\/strong> kt\u00f3ry <strong>normalizuje wydzielanie sebum.<\/strong><\/p>\n<div id=\"attachment_6221\" style=\"width: 360px\" class=\"wp-caption aligncenter\"><a href=\"https:\/\/neness.pl\/pl\/p\/Natura-Siberica-Nawilzajacy-Krem-do-Twarzy-na-Dzien\/5309\"><img loading=\"lazy\" decoding=\"async\" aria-describedby=\"caption-attachment-6221\" class=\"wp-image-6221\" src=\"http:\/\/ranking-kosmetykow.pl\/wp-content\/uploads\/2019\/10\/4702a0bb0eac090208728a243caf764a-1.jpg\" alt=\"\" width=\"350\" height=\"400\" srcset=\"https:\/\/neness.pl\/blog\/wp-content\/uploads\/2019\/10\/4702a0bb0eac090208728a243caf764a-1.jpg 568w, https:\/\/neness.pl\/blog\/wp-content\/uploads\/2019\/10\/4702a0bb0eac090208728a243caf764a-1-263x300.jpg 263w\" sizes=\"auto, (max-width: 350px) 100vw, 350px\" \/><\/a><p id=\"caption-attachment-6221\" class=\"wp-caption-text\">Natura Siberica Nawil\u017caj\u0105cy Krem do Twarzy na Dzie\u0144<\/p><\/div>\n<h3>Krem do cery tr\u0105dzikowej<\/h3>\n<p>Wyb\u00f3r kremu do cery tr\u0105dzikowej jest jeszcze bardziej skomplikowany, gdy\u017c wiele jego sk\u0142adnik\u00f3w, jak chocia\u017cby substancje zapachowe, mo\u017ce pogorszy\u0107 stan twarzy i spowodowa\u0107 jeszcze wi\u0119kszy wysyp niedoskona\u0142o\u015bci. Dlatego wybieraj\u0105c kosmetyk do tego typu sk\u00f3ry, warto szuka\u0107 krem\u00f3w nawil\u017caj\u0105cych <strong>do cery wra\u017cliwej<\/strong> lub <strong>hipoalergicznych.<\/strong> Oczywi\u015bcie i w tym wypadku nale\u017cy stawia\u0107 na produkty o lekkiej konsystencji, kt\u00f3re nie obci\u0105\u017c\u0105 nadmiernie sk\u00f3ry.<\/p>\n<h3>Krem do sk\u00f3ry suchej<\/h3>\n<p>Sk\u00f3ra sucha bywa niezwykle problematyczna, je\u015bli chodzi o makija\u017c. Trudno jest r\u00f3wnomiernie roz\u0142o\u017cy\u0107 na niej podk\u0142ad, by nie podkre\u015bli\u0107 suchych sk\u00f3rek i nie podra\u017cni\u0107 jej dodatkowo. W tym przypadku warto wi\u0119c postawi\u0107 na produkt <strong>o dzia\u0142aniu od\u017cywczym,<\/strong> kt\u00f3ry nadaje cerze elastyczno\u015bci. Nale\u017cy jednak wzi\u0105\u0107 pod uwag\u0119, \u017ce powinien on <strong>szybko si\u0119 wch\u0142ania\u0107<\/strong> &#8211; w przeciwnym wypadku makija\u017c b\u0119dzie nietrwa\u0142y.<\/p>\n<p>W przypadku ka\u017cdego rodzaju cery warto te\u017c pami\u0119ta\u0107, by przed na\u0142o\u017ceniem podk\u0142adu u\u017cy\u0107<strong> kosmetyku z filtrem UV,<\/strong> kt\u00f3ry ochroni sk\u00f3r\u0119 przed dzia\u0142aniem promieni s\u0142onecznych i zapewni jej m\u0142odo\u015b\u0107 na d\u0142u\u017cej. Warto wi\u0119c sprawdzi\u0107, czy wybrany przez nas krem wyposa\u017cony jest w taki filtr, a je\u015bli go nie ma, zastosowa\u0107 dodatkowo inny kosmetyk ochronny.<\/p>\n","protected":false},"excerpt":{"rendered":"<p>Dob\u00f3r odpowiedniego kremu pod makija\u017c to niezwykle istotna kwestia. Nie tylko wp\u0142ywa on na stan naszej sk\u00f3ry, ale te\u017c pomaga w r\u00f3wnomiernym rozprowadzaniu podk\u0142adu, dzi\u0119ki czemu make-up prezentuje si\u0119 lepiej. Wa\u017cne jest jednak, by zdecydowa\u0107 si\u0119 na taki kosmetyk, kt\u00f3ry dopasowany jest do typu naszej cery. Tylko wtedy mamy pewno\u015b\u0107, \u017ce jego u\u017cywanie nie pogorszy [&hellip;]<\/p>\n","protected":false},"author":2,"featured_media":6220,"comment_status":"open","ping_status":"open","sticky":false,"template":"","format":"standard","meta":{"_et_pb_use_builder":"","_et_pb_old_content":"","_et_gb_content_width":"","footnotes":""},"categories":[185],"tags":[],"class_list":["post-6219","post","type-post","status-publish","format-standard","has-post-thumbnail","hentry","category-codzienna-pielegnacja","et-has-post-format-content","et_post_format-et-post-format-standard"],"_links":{"self":[{"href":"https:\/\/neness.pl\/blog\/wp-json\/wp\/v2\/posts\/6219","targetHints":{"allow":["GET"]}}],"collection":[{"href":"https:\/\/neness.pl\/blog\/wp-json\/wp\/v2\/posts"}],"about":[{"href":"https:\/\/neness.pl\/blog\/wp-json\/wp\/v2\/types\/post"}],"author":[{"embeddable":true,"href":"https:\/\/neness.pl\/blog\/wp-json\/wp\/v2\/users\/2"}],"replies":[{"embeddable":true,"href":"https:\/\/neness.pl\/blog\/wp-json\/wp\/v2\/comments?post=6219"}],"version-history":[{"count":0,"href":"https:\/\/neness.pl\/blog\/wp-json\/wp\/v2\/posts\/6219\/revisions"}],"wp:featuredmedia":[{"embeddable":true,"href":"https:\/\/neness.pl\/blog\/wp-json\/wp\/v2\/media\/6220"}],"wp:attachment":[{"href":"https:\/\/neness.pl\/blog\/wp-json\/wp\/v2\/media?parent=6219"}],"wp:term":[{"taxonomy":"category","embeddable":true,"href":"https:\/\/neness.pl\/blog\/wp-json\/wp\/v2\/categories?post=6219"},{"taxonomy":"post_tag","embeddable":true,"href":"https:\/\/neness.pl\/blog\/wp-json\/wp\/v2\/tags?post=6219"}],"curies":[{"name":"wp","href":"https:\/\/api.w.org\/{rel}","templated":true}]}}