{"id":6214,"date":"2019-10-24T12:04:35","date_gmt":"2019-10-24T10:04:35","guid":{"rendered":"http:\/\/ranking-kosmetykow.pl\/?p=6214"},"modified":"2019-10-24T12:04:35","modified_gmt":"2019-10-24T10:04:35","slug":"bledy-przez-ktore-wlosy-zle-sie-ukladaja","status":"publish","type":"post","link":"https:\/\/neness.pl\/blog\/bledy-przez-ktore-wlosy-zle-sie-ukladaja\/","title":{"rendered":"B\u0142\u0119dy, przez kt\u00f3re w\u0142osy \u017ale si\u0119 uk\u0142adaj\u0105"},"content":{"rendered":"<p>Wiele kobiet narzeka, \u017ce ich w\u0142osy \u017ale si\u0119 uk\u0142adaj\u0105 i nie dodaj\u0105 im uroku. Spora ich grupa po\u015bwi\u0119ca mn\u00f3stwo czasu na uzyskanie efektownej fryzury, jednak bezskutecznie. Dlaczego tak si\u0119 dzieje? Powod\u00f3w mo\u017ce by\u0107 wiele. Czasami chc\u0105c dobrze, same sprowadzamy na siebie k\u0142opoty z u\u0142o\u017ceniem w\u0142os\u00f3w, pope\u0142niaj\u0105c bardzo<strong> proste b\u0142\u0119dy w ich piel\u0119gnacji lub stylizacji.<\/strong> Oto kilka takich, kt\u00f3re zdarzaj\u0105 si\u0119 najcz\u0119\u015bciej.<!--more--><\/p>\n<h3>\u0179le dobrane kosmetyki<\/h3>\n<p>W\u0142osy na pewno nie b\u0119d\u0105 prezentowa\u0107 si\u0119 dobrze, je\u015bli do ich piel\u0119gnacji u\u017cywamy przypadkowo dobranych kosmetyk\u00f3w lub takich produkt\u00f3w, kt\u00f3re <strong>nie pasuj\u0105 do ich struktury.<\/strong> W przypadku w\u0142os\u00f3w prostych i cienkich nie powinni\u015bmy przyk\u0142adowo u\u017cywa\u0107 szampon\u00f3w czy od\u017cywek bogatych w olejki i substancje wyg\u0142adzaj\u0105ce. Sprawiaj\u0105 one, \u017ce fryzura staje si\u0119 oklapni\u0119ta i wygl\u0105da wr\u0119cz na nie\u015bwie\u017c\u0105. Do tego typu w\u0142os\u00f3w najlepiej u\u017cywa\u0107 bardzo lekkich, delikatnych produkt\u00f3w zwi\u0119kszaj\u0105cych obj\u0119to\u015b\u0107 i unosz\u0105cych u nasady. W\u0142osy kr\u0119cone i falowane z kolei, je\u015bli b\u0119d\u0105 traktowane kosmetykami, kt\u00f3re mocno oczyszczaj\u0105 i s\u0142abo nawil\u017caj\u0105, stan\u0105 si\u0119 suche i napuszone. One potrzebuj\u0105 silniejszych, ci\u0119\u017cszych produkt\u00f3w, kt\u00f3re b\u0119d\u0105 w stanie utrzyma\u0107 je w ryzach.<\/p>\n<div id=\"attachment_6216\" style=\"width: 360px\" class=\"wp-caption aligncenter\"><a href=\"https:\/\/neness.pl\/przepisy-babuszki-agafii-szampon-do-wlosow-nr-4-na-kwiatowym-propolisie-550ml\"><img loading=\"lazy\" decoding=\"async\" aria-describedby=\"caption-attachment-6216\" class=\"wp-image-6216\" src=\"http:\/\/ranking-kosmetykow.pl\/wp-content\/uploads\/2019\/10\/9c127fa67e86fad903aeecca4ccbd605.jpg\" alt=\"\" width=\"350\" height=\"467\" srcset=\"https:\/\/neness.pl\/blog\/wp-content\/uploads\/2019\/10\/9c127fa67e86fad903aeecca4ccbd605.jpg 750w, https:\/\/neness.pl\/blog\/wp-content\/uploads\/2019\/10\/9c127fa67e86fad903aeecca4ccbd605-225x300.jpg 225w, https:\/\/neness.pl\/blog\/wp-content\/uploads\/2019\/10\/9c127fa67e86fad903aeecca4ccbd605-610x813.jpg 610w\" sizes=\"auto, (max-width: 350px) 100vw, 350px\" \/><\/a><p id=\"caption-attachment-6216\" class=\"wp-caption-text\">Przepisy Babuszki Agafii Szampon do W\u0142os\u00f3w Nr 4 na Kwiatowym Propolisie 550ml \/ 11,50 z\u0142<\/p><\/div>\n<h3>Niew\u0142a\u015bciwa stylizacja na gor\u0105co<\/h3>\n<p>Negatywny wp\u0142yw na wygl\u0105d fryzury ma tak\u017ce stylizacja na gor\u0105co, je\u015bli<strong> w\u0142osy nie s\u0105 odpowiednio zabezpieczone.<\/strong> Gdy suszymy w\u0142osy gor\u0105cym strumieniem powietrza lub u\u017cywamy prostownicy czy lok\u00f3wki, powinni\u015bmy wcze\u015bniej na\u0142o\u017cy\u0107 na w\u0142osy <strong>kosmetyk termoizolacyjny,<\/strong> kt\u00f3ry ochroni je przed dzia\u0142aniem ciep\u0142a. W \u017cadnym wypadku nie nale\u017cy te\u017c uk\u0142ada\u0107 fryzury za pomoc\u0105 lok\u00f3wki ani prostownicy, je\u015bli w\u0142osy s\u0105 jeszcze wilgotne. Wtedy zaczynaj\u0105 si\u0119 przypala\u0107, \u0142ama\u0107 i w efekcie zamiast pi\u0119knej fryzury otrzymujemy siano na g\u0142owie.<\/p>\n<h3>B\u0142\u0119dny spos\u00f3b nak\u0142adania od\u017cywki<\/h3>\n<p>W\u0142a\u015bciwie dobrana od\u017cywka jest naszym wielkim sprzymierze\u0144cem, ale szybko mo\u017ce okaza\u0107 si\u0119 wrogiem, je\u015bli u\u017cywamy jej niew\u0142a\u015bciwie. Warto pami\u0119ta\u0107, \u017ce powinny\u015bmy nak\u0142ada\u0107 j\u0105 na w\u0142osy dopiero mniej wi\u0119cej<strong> od po\u0142owy ich d\u0142ugo\u015bci.<\/strong> Je\u015bli wetrzemy j\u0105 w pasma tu\u017c przy sk\u00f3rze g\u0142owy, zadzia\u0142a ona obci\u0105\u017caj\u0105co, przez co w\u0142osy nie b\u0119d\u0105 odpowiednio uniesione u nasady. Od\u017cywk\u0119 powinny\u015bmy nak\u0142ada\u0107 jedynie na trzy-cztery minuty i to nie na mokre, lecz <strong>wilgotne, lekko ju\u017c osuszone r\u0119cznikiem w\u0142osy.<\/strong> Wtedy efekt dzia\u0142ania kosmetyku b\u0119dzie optymalny.<\/p>\n<div id=\"attachment_6217\" style=\"width: 360px\" class=\"wp-caption aligncenter\"><a href=\"https:\/\/neness.pl\/dr-konopkas-odzywka-zwiekszajaca-objetosc-wlosow-500ml\"><img loading=\"lazy\" decoding=\"async\" aria-describedby=\"caption-attachment-6217\" class=\"wp-image-6217\" src=\"http:\/\/ranking-kosmetykow.pl\/wp-content\/uploads\/2019\/10\/d0b3e0baf6c09b57e4631a78b52df379.png\" alt=\"\" width=\"350\" height=\"467\" srcset=\"https:\/\/neness.pl\/blog\/wp-content\/uploads\/2019\/10\/d0b3e0baf6c09b57e4631a78b52df379.png 750w, https:\/\/neness.pl\/blog\/wp-content\/uploads\/2019\/10\/d0b3e0baf6c09b57e4631a78b52df379-225x300.png 225w, https:\/\/neness.pl\/blog\/wp-content\/uploads\/2019\/10\/d0b3e0baf6c09b57e4631a78b52df379-610x813.png 610w\" sizes=\"auto, (max-width: 350px) 100vw, 350px\" \/><\/a><p id=\"caption-attachment-6217\" class=\"wp-caption-text\">Dr. Konopka&#8217;s Od\u017cywka Zwi\u0119kszaj\u0105ca Obj\u0119to\u015b\u0107 W\u0142os\u00f3w 500ml \/ 15,49 z\u0142<\/p><\/div>\n<h3>Unikanie wizyt u fryzjera<\/h3>\n<p>Utar\u0142o si\u0119 przekonanie, \u017ce d\u0142ugie w\u0142osy to pi\u0119kne w\u0142osy. Przez to wiele pa\u0144 jak ognia unika wizyt u fryzjera, by zachowa\u0107 ka\u017cdy cenny centymetr swych splot\u00f3w. Oczywi\u015bcie d\u0142ugie w\u0142osy prezentuj\u0105 si\u0119 \u015bwietnie, ale tylko wtedy, gdy s\u0105 zdrowe i dobrze przyci\u0119te. Aby osi\u0105gn\u0105\u0107 taki w\u0142a\u015bnie efekt, trzeba za\u015b<strong> regularnie korzysta\u0107 z us\u0142ug fryzjera<\/strong>, kt\u00f3ry obetnie zniszczone ko\u0144c\u00f3wki i dobierze taki rodzaj fryzury, kt\u00f3ry najlepiej wygl\u0105da przy naszym kszta\u0142cie twarzy, dzi\u0119ki czemu w\u0142osy b\u0119d\u0105 wygl\u0105da\u0142y efektowniej.<\/p>\n","protected":false},"excerpt":{"rendered":"<p>Wiele kobiet narzeka, \u017ce ich w\u0142osy \u017ale si\u0119 uk\u0142adaj\u0105 i nie dodaj\u0105 im uroku. Spora ich grupa po\u015bwi\u0119ca mn\u00f3stwo czasu na uzyskanie efektownej fryzury, jednak bezskutecznie. Dlaczego tak si\u0119 dzieje? Powod\u00f3w mo\u017ce by\u0107 wiele. Czasami chc\u0105c dobrze, same sprowadzamy na siebie k\u0142opoty z u\u0142o\u017ceniem w\u0142os\u00f3w, pope\u0142niaj\u0105c bardzo proste b\u0142\u0119dy w ich piel\u0119gnacji lub stylizacji. Oto [&hellip;]<\/p>\n","protected":false},"author":2,"featured_media":6215,"comment_status":"open","ping_status":"open","sticky":false,"template":"","format":"standard","meta":{"_et_pb_use_builder":"","_et_pb_old_content":"","_et_gb_content_width":"","footnotes":""},"categories":[48],"tags":[],"class_list":["post-6214","post","type-post","status-publish","format-standard","has-post-thumbnail","hentry","category-wlosy-idealne","et-has-post-format-content","et_post_format-et-post-format-standard"],"_links":{"self":[{"href":"https:\/\/neness.pl\/blog\/wp-json\/wp\/v2\/posts\/6214","targetHints":{"allow":["GET"]}}],"collection":[{"href":"https:\/\/neness.pl\/blog\/wp-json\/wp\/v2\/posts"}],"about":[{"href":"https:\/\/neness.pl\/blog\/wp-json\/wp\/v2\/types\/post"}],"author":[{"embeddable":true,"href":"https:\/\/neness.pl\/blog\/wp-json\/wp\/v2\/users\/2"}],"replies":[{"embeddable":true,"href":"https:\/\/neness.pl\/blog\/wp-json\/wp\/v2\/comments?post=6214"}],"version-history":[{"count":0,"href":"https:\/\/neness.pl\/blog\/wp-json\/wp\/v2\/posts\/6214\/revisions"}],"wp:featuredmedia":[{"embeddable":true,"href":"https:\/\/neness.pl\/blog\/wp-json\/wp\/v2\/media\/6215"}],"wp:attachment":[{"href":"https:\/\/neness.pl\/blog\/wp-json\/wp\/v2\/media?parent=6214"}],"wp:term":[{"taxonomy":"category","embeddable":true,"href":"https:\/\/neness.pl\/blog\/wp-json\/wp\/v2\/categories?post=6214"},{"taxonomy":"post_tag","embeddable":true,"href":"https:\/\/neness.pl\/blog\/wp-json\/wp\/v2\/tags?post=6214"}],"curies":[{"name":"wp","href":"https:\/\/api.w.org\/{rel}","templated":true}]}}