{"id":6201,"date":"2019-10-21T13:06:40","date_gmt":"2019-10-21T11:06:40","guid":{"rendered":"http:\/\/ranking-kosmetykow.pl\/?p=6201"},"modified":"2019-10-21T13:06:40","modified_gmt":"2019-10-21T11:06:40","slug":"co-warto-wiedziec-o-makijazu-retro","status":"publish","type":"post","link":"https:\/\/neness.pl\/blog\/co-warto-wiedziec-o-makijazu-retro\/","title":{"rendered":"Co warto wiedzie\u0107 o makija\u017cu retro?"},"content":{"rendered":"<p>Makija\u017c w stylu retro jest dzi\u015b coraz cz\u0119\u015bciej spotykany &#8211; aktorki i celebrytki ch\u0119tnie pokazuj\u0105 si\u0119 w modnym przed laty make-upie na czerwonym dywanie, a wiele z nas wybiera go, szykuj\u0105c si\u0119 na wieczorne wyj\u015bcia. W ko\u0144cu makija\u017ce w XX wieku charakteryzowa\u0142y si\u0119 du\u017c\u0105 <strong>wyrazisto\u015bci\u0105, elegancj\u0105 i precyzj\u0105 wykonania,<\/strong> dzi\u0119ki czemu idealnie pasuj\u0105 na wszelkiego typu imprezy. Oczywi\u015bcie make-up vintage czy retro niejedno ma imi\u0119. Mo\u017cemy wykona\u0107 go w stylu lat 50. &#8211; z d\u0142ug\u0105, grub\u0105 kresk\u0105 eyelinerem na powiece i czerwonymi ustami, na mod\u0142\u0119 lat 60. &#8211; ze sztucznymi rz\u0119sami i wargami w naturalnym kolorze, czy zgodnie z duchem lat 80.- u\u017cywaj\u0105c jaskrawych barw. My dzi\u015b skupimy si\u0119 jednak na makija\u017cu z wcze\u015bniejszej epoki &#8211; kobiecym, seksownym make-upie z lat 20. Zobaczcie, jak go wykona\u0107.<!--more--><\/p>\n<h2>Cera jak z porcelany<\/h2>\n<p>Bardzo wa\u017cne jest przy makija\u017cu w stylu lat 20., by cera sprawia\u0142a wra\u017cenie <strong>nieskazitelnej i jasnej,<\/strong> wr\u0119cz alabastrowej. Dlatego, je\u015bli si\u0119 na niego decydujemy, powinny\u015bmy zrobi\u0107 wcze\u015bniej<strong> peeling<\/strong> twarzy, a przed na\u0142o\u017ceniem podk\u0142ad, zastosowa\u0107 baz\u0119 wyg\u0142adzaj\u0105c\u0105. Sam podk\u0142ad powinien by\u0107<strong> mocno kryj\u0105cy,<\/strong> by ukry\u0107 wszystkie ewentualne niedoskona\u0142o\u015bci. Je\u015bli mamy ich na twarzy na tyle sporo, \u017ce sam podk\u0142ad nie wystarcza, warto dodatkowo u\u017cy\u0107 korektora &#8211; o ton ja\u015bniejszego ni\u017c podk\u0142ad lub kolorowego, w zale\u017cno\u015bci od tego, co chcemy ukry\u0107. Kiedy cera robi ju\u017c wra\u017cenie perfekcyjnej, nale\u017cy przypr\u00f3szy\u0107 j\u0105<strong> sypkim pudrem<\/strong>, by sta\u0142a si\u0119 idealnie matowa.<\/p>\n<div id=\"attachment_6204\" style=\"width: 360px\" class=\"wp-caption aligncenter\"><a href=\"https:\/\/neness.eu\/w7-sheer-loose-powder-puder-sypki\"><img loading=\"lazy\" decoding=\"async\" aria-describedby=\"caption-attachment-6204\" class=\"wp-image-6204\" src=\"http:\/\/ranking-kosmetykow.pl\/wp-content\/uploads\/2019\/10\/e5de608bf716b90c1d9b7dd89b9beb57.jpg\" alt=\"\" width=\"350\" height=\"467\" srcset=\"https:\/\/neness.pl\/blog\/wp-content\/uploads\/2019\/10\/e5de608bf716b90c1d9b7dd89b9beb57.jpg 750w, https:\/\/neness.pl\/blog\/wp-content\/uploads\/2019\/10\/e5de608bf716b90c1d9b7dd89b9beb57-225x300.jpg 225w, https:\/\/neness.pl\/blog\/wp-content\/uploads\/2019\/10\/e5de608bf716b90c1d9b7dd89b9beb57-610x813.jpg 610w\" sizes=\"auto, (max-width: 350px) 100vw, 350px\" \/><\/a><p id=\"caption-attachment-6204\" class=\"wp-caption-text\">W7 Sheer Loose Powder Puder Sypki<\/p><\/div>\n<h2>Jak pomalowa\u0107 oczy?<\/h2>\n<p>Makija\u017c lat 20. jest bardzo wyrazisty, je\u015bli chodzi o oczy. Podkre\u015blamy w nim powieki i rz\u0119sy, stosuj\u0105c nasycone, ciemne kolory i po\u0142yskuj\u0105ce cienie. Ca\u0142\u0105 ruchom\u0105 powiek\u0119 najlepiej w przypadku tego make-upu pokry\u0107 <strong>z\u0142otym lub srebrnym kosmetykiem z b\u0142yszcz\u0105cymi drobinkami<\/strong> &#8211; to nada ca\u0142o\u015bci elegancji i blasku. W za\u0142amaniu powieki nak\u0142adamy za to cie\u0144 w du\u017co ciemniejszym kolorze &#8211; w zale\u017cno\u015bci od upodoba\u0144 mo\u017ce by\u0107 to <strong>ciemnozielony, burgundowy, szary<\/strong> czy nawet<strong> czarny.<\/strong> Ten cie\u0144 powinien by\u0107 z kolei matowy. Odwrotnie ni\u017c wsp\u00f3\u0142cze\u015bnie podkre\u015blamy nim jednak <strong>g\u0142\u00f3wnie wewn\u0119trzny k\u0105cik oka.<\/strong> Pod samym \u0142ukiem brwiowym nak\u0142adamy za to<strong> kremowy lub be\u017cowy cie\u0144,<\/strong> r\u00f3wnie\u017c o matowym wyko\u0144czeniu.<\/p>\n<div id=\"attachment_6205\" style=\"width: 360px\" class=\"wp-caption aligncenter\"><a href=\"https:\/\/neness.eu\/revolution-i-heart-chocolate-chocolate-vice\"><img loading=\"lazy\" decoding=\"async\" aria-describedby=\"caption-attachment-6205\" class=\"wp-image-6205\" src=\"http:\/\/ranking-kosmetykow.pl\/wp-content\/uploads\/2019\/10\/5051082b7831c0ea28956c66905495f3.jpg\" alt=\"\" width=\"350\" height=\"467\" srcset=\"https:\/\/neness.pl\/blog\/wp-content\/uploads\/2019\/10\/5051082b7831c0ea28956c66905495f3.jpg 750w, https:\/\/neness.pl\/blog\/wp-content\/uploads\/2019\/10\/5051082b7831c0ea28956c66905495f3-225x300.jpg 225w, https:\/\/neness.pl\/blog\/wp-content\/uploads\/2019\/10\/5051082b7831c0ea28956c66905495f3-610x813.jpg 610w\" sizes=\"auto, (max-width: 350px) 100vw, 350px\" \/><\/a><p id=\"caption-attachment-6205\" class=\"wp-caption-text\">Makeup Revolution I Heart Chocolate Chocolate Vice<\/p><\/div>\n<p>Wa\u017cne w makija\u017cu retro tego akurat typu jest nadanie odpowiedniego kszta\u0142tu brwiom. Panie w tamtym okresie stawia\u0142y na<strong> cienkie paski o p\u00f3\u0142okr\u0105g\u0142ym kszta\u0142cie,<\/strong> ale je\u015bli nasze naturalne brwi r\u00f3\u017cni\u0105 si\u0119 od tego obrazka, nie musimy ich trwale zmienia\u0107. Po\u017c\u0105dany kszta\u0142t osi\u0105gniemy, przykrywaj\u0105c cz\u0119\u015b\u0107 w\u0142osk\u00f3w grub\u0105 warstw\u0105 korektora i podkre\u015blaj\u0105c reszt\u0119 za pomoc\u0105 kredki.<\/p>\n<p>Makija\u017c lat 20. to te\u017c bardzo d\u0142ugie, mocno podkre\u015blone rz\u0119sy. Najlepiej wi\u0119c zdecydowa\u0107 si\u0119 na <strong>sztuczne<\/strong> &#8211; zar\u00f3wno te g\u00f3rne, jak i dolne. Je\u015bli jednak \u017ale czujemy si\u0119 w tego typu ozdobach, mo\u017cemy po prostu bardzo mocno wytuszowa\u0107 nasze naturalne, stosuj\u0105c tusz pogrubiaj\u0105cy i wyd\u0142u\u017caj\u0105cy.<\/p>\n<div id=\"attachment_6206\" style=\"width: 360px\" class=\"wp-caption aligncenter\"><a href=\"https:\/\/neness.eu\/pl\/p\/Wet-N-Wild-Trwala-Pomadka-do-Ust-Silk-Finish-Lipstick\/6175\"><img loading=\"lazy\" decoding=\"async\" aria-describedby=\"caption-attachment-6206\" class=\"wp-image-6206\" src=\"http:\/\/ranking-kosmetykow.pl\/wp-content\/uploads\/2019\/10\/93ef38cb8375a27e753f574997e6a263_raw380h380_paw380h380.jpg.png\" alt=\"\" width=\"350\" height=\"350\" srcset=\"https:\/\/neness.pl\/blog\/wp-content\/uploads\/2019\/10\/93ef38cb8375a27e753f574997e6a263_raw380h380_paw380h380.jpg.png 380w, https:\/\/neness.pl\/blog\/wp-content\/uploads\/2019\/10\/93ef38cb8375a27e753f574997e6a263_raw380h380_paw380h380.jpg-300x300.png 300w, https:\/\/neness.pl\/blog\/wp-content\/uploads\/2019\/10\/93ef38cb8375a27e753f574997e6a263_raw380h380_paw380h380.jpg-150x150.png 150w\" sizes=\"auto, (max-width: 350px) 100vw, 350px\" \/><\/a><p id=\"caption-attachment-6206\" class=\"wp-caption-text\">Wet N Wild Trwa\u0142a Pomadka do Ust Silk Finish Lipstick<\/p><\/div>\n<h2>Makija\u017c ust i policzk\u00f3w<\/h2>\n<p>Usta powinny by\u0107 niemal tak samo wyraziste, jak oczy &#8211; najlepiej w kolorze<strong> ciemnoczerwonym<\/strong> lub<strong> bordowym.<\/strong> Ich kszta\u0142t powinien by\u0107 zbli\u017cony do<strong> serca,<\/strong> co mo\u017cemy \u0142atwo osi\u0105gn\u0105\u0107, pokrywaj\u0105c wargi podk\u0142adem, a nast\u0119pnie za pomoc\u0105 kontur\u00f3wki modyfikuj\u0105c ich naturalne kontury. Warto jednak zachowa\u0107 tu umiar &#8211; zbyt du\u017ce odej\u015bcie od naturalnego kszta\u0142tu sprawi, \u017ce usta b\u0119d\u0105 wygl\u0105da\u0142y karykaturalnie. Ostatnim akcentem w makija\u017cu powinien by\u0107 r\u00f3\u017c na policzkach. Ten jednak powinni\u015bmy na\u0142o\u017cy\u0107 jedynie <strong>na ich \u015brodkow\u0105 cz\u0119\u015b\u0107,<\/strong> bez podkre\u015blania ko\u015bci policzkowych.<\/p>\n","protected":false},"excerpt":{"rendered":"<p>Makija\u017c w stylu retro jest dzi\u015b coraz cz\u0119\u015bciej spotykany &#8211; aktorki i celebrytki ch\u0119tnie pokazuj\u0105 si\u0119 w modnym przed laty make-upie na czerwonym dywanie, a wiele z nas wybiera go, szykuj\u0105c si\u0119 na wieczorne wyj\u015bcia. W ko\u0144cu makija\u017ce w XX wieku charakteryzowa\u0142y si\u0119 du\u017c\u0105 wyrazisto\u015bci\u0105, elegancj\u0105 i precyzj\u0105 wykonania, dzi\u0119ki czemu idealnie pasuj\u0105 na wszelkiego [&hellip;]<\/p>\n","protected":false},"author":2,"featured_media":6202,"comment_status":"open","ping_status":"open","sticky":false,"template":"","format":"standard","meta":{"_et_pb_use_builder":"","_et_pb_old_content":"","_et_gb_content_width":"","footnotes":""},"categories":[41],"tags":[],"class_list":["post-6201","post","type-post","status-publish","format-standard","has-post-thumbnail","hentry","category-olsniewaj-makijazem","et-has-post-format-content","et_post_format-et-post-format-standard"],"_links":{"self":[{"href":"https:\/\/neness.pl\/blog\/wp-json\/wp\/v2\/posts\/6201","targetHints":{"allow":["GET"]}}],"collection":[{"href":"https:\/\/neness.pl\/blog\/wp-json\/wp\/v2\/posts"}],"about":[{"href":"https:\/\/neness.pl\/blog\/wp-json\/wp\/v2\/types\/post"}],"author":[{"embeddable":true,"href":"https:\/\/neness.pl\/blog\/wp-json\/wp\/v2\/users\/2"}],"replies":[{"embeddable":true,"href":"https:\/\/neness.pl\/blog\/wp-json\/wp\/v2\/comments?post=6201"}],"version-history":[{"count":0,"href":"https:\/\/neness.pl\/blog\/wp-json\/wp\/v2\/posts\/6201\/revisions"}],"wp:featuredmedia":[{"embeddable":true,"href":"https:\/\/neness.pl\/blog\/wp-json\/wp\/v2\/media\/6202"}],"wp:attachment":[{"href":"https:\/\/neness.pl\/blog\/wp-json\/wp\/v2\/media?parent=6201"}],"wp:term":[{"taxonomy":"category","embeddable":true,"href":"https:\/\/neness.pl\/blog\/wp-json\/wp\/v2\/categories?post=6201"},{"taxonomy":"post_tag","embeddable":true,"href":"https:\/\/neness.pl\/blog\/wp-json\/wp\/v2\/tags?post=6201"}],"curies":[{"name":"wp","href":"https:\/\/api.w.org\/{rel}","templated":true}]}}