{"id":6194,"date":"2019-10-16T14:16:37","date_gmt":"2019-10-16T12:16:37","guid":{"rendered":"http:\/\/ranking-kosmetykow.pl\/?p=6194"},"modified":"2019-10-16T14:16:37","modified_gmt":"2019-10-16T12:16:37","slug":"babelkowa-maseczka-tak-czy-nie","status":"publish","type":"post","link":"https:\/\/neness.pl\/blog\/babelkowa-maseczka-tak-czy-nie\/","title":{"rendered":"B\u0105belkowa maseczka &#8211; tak czy nie?"},"content":{"rendered":"<p>Maseczki b\u0105belkowe, popularne bubble mask, pojawi\u0142y si\u0119 u nas kilka lat temu i od tego czasu wci\u0105\u017c ciesz\u0105 si\u0119 nies\u0142abn\u0105c\u0105 popularno\u015bci\u0105. Sta\u0142y si\u0119 znane g\u0142\u00f3wnie dzi\u0119ki <strong>Instagramowi<\/strong>, na kt\u00f3rym to swego czasu pojawia\u0142o si\u0119 wiele selfie ukazuj\u0105cych kobiety z charakterystyczn\u0105 piank\u0105 na twarzy. Czy jednak to tylko nowy kosmetyczny gad\u017cet, czy rzeczywi\u015bcie innowacyjny produkt? Oto kilka fakt\u00f3w na temat maseczek b\u0105belkowych.<!--more--><\/p>\n<h3>Sk\u0105d te b\u0105belki?<\/h3>\n<p>Bubble mask to kosmetyk, kt\u00f3rego dzia\u0142anie opiera si\u0119 na <strong>w\u0119glu drzewnym<\/strong> w sproszkowanej postaci. W kontakcie ze sk\u00f3r\u0105 ten sk\u0142adnik aktywny powoduje powstawanie p\u0119cherzyk\u00f3w powietrza, kt\u00f3re zmieniaj\u0105 mask\u0119 w pian\u0119 i daj\u0105 wra\u017cenie delikatnego \u0142askotania\u00a0 na ca\u0142ej powierzchni cery. P\u0119cherzyki te jednak nie tylko efektownie wygl\u0105daj\u0105 i dodaj\u0105 do maseczki efekt subtelnego masa\u017cu &#8211; maj\u0105 te\u017c swoj\u0105 wa\u017cn\u0105<strong> funkcj\u0119 piel\u0119gnacyjn\u0105.<\/strong><\/p>\n<h3>Jak dzia\u0142a bubble mask?<\/h3>\n<p>Przede wszystkim wytwarzaj\u0105ce si\u0119 b\u0105belki<strong> usprawniaj\u0105 kr\u0105\u017cenie krwi<\/strong>, dzi\u0119ki czemu wszystkie substancje, w kt\u00f3re bogate s\u0105 tego typu produkty, maj\u0105 szans\u0119 przedosta\u0107 si\u0119 w g\u0142\u0105b sk\u00f3ry i zadzia\u0142a\u0107 jeszcze skuteczniej. Pomagaj\u0105 one jednak r\u00f3wnie\u017c w oczyszczeniu cery, i to nawet na dwa sposoby. Po pierwsze sam w\u0119giel ma w\u0142a\u015bciwo\u015bci antybakteryjne i przeciwzapalne oraz absorbuje zanieczyszczenia. Po drugie jednak powsta\u0142e dzi\u0119ki niemu p\u0119cherzyki powietrza pozwalaj\u0105 <strong>odblokowa\u0107 zatkane pory<\/strong> i dog\u0142\u0119bnie je oczy\u015bci\u0107, dzi\u0119ki czemu minimalizuj\u0105 ryzyko powstawania zask\u00f3rnik\u00f3w.<\/p>\n<p>Maski b\u0105belkowe maj\u0105 te\u017c jednak z regu\u0142y szereg innych sk\u0142adnik\u00f3w, kt\u00f3re nie tylko wspomagaj\u0105 oczyszczanie, ale i<strong> nawil\u017caj\u0105, od\u017cywiaj\u0105 i regeneruj\u0105 cer\u0119.<\/strong> Zabezpieczaj\u0105 one sk\u00f3r\u0119 przed czynnikami zewn\u0119trznymi i od\u015bwie\u017caj\u0105 j\u0105, dzi\u0119ki czemu po na\u0142o\u017ceniu maseczki staje si\u0119 ona od\u015bwie\u017cona i promienna.<\/p>\n<h3>Jak stosujemy bubble mask?<\/h3>\n<p>Maseczk\u0119 b\u0105bluj\u0105c\u0105, niezale\u017cnie od tego, czy ma posta\u0107 \u017celu, czy ws\u0105czona jest w p\u0142acht\u0119, nak\u0142adamy <strong>po dok\u0142adnym umyciu i osuszeniu twarzy.<\/strong> Pozostawiamy j\u0105 na twarzy przez <strong>kilka do kilkunastu minut<\/strong> &#8211; zgodnie z zaleceniami producenta &#8211; po czym przez chwil\u0119 wmasowujemy w sk\u00f3r\u0119, a nast\u0119pnie zmywamy za pomoc\u0105 letniej wody. Jeszcze lepszy efekt osi\u0105gniemy, je\u015bli przetrzemy twarz tonikiem i wklepiemy w ni\u0105 warstw\u0119 kremu nawil\u017caj\u0105cego &#8211; po maseczce jest ona du\u017co bardziej podatna na przyjmowanie cennych sk\u0142adnik\u00f3w z innych kosmetyk\u00f3w. Bubble mask powinni\u015bmy stosowa\u0107 mniej wi\u0119cej raz w tygodniu.<\/p>\n<p>&nbsp;<\/p>\n","protected":false},"excerpt":{"rendered":"<p>Maseczki b\u0105belkowe, popularne bubble mask, pojawi\u0142y si\u0119 u nas kilka lat temu i od tego czasu wci\u0105\u017c ciesz\u0105 si\u0119 nies\u0142abn\u0105c\u0105 popularno\u015bci\u0105. Sta\u0142y si\u0119 znane g\u0142\u00f3wnie dzi\u0119ki Instagramowi, na kt\u00f3rym to swego czasu pojawia\u0142o si\u0119 wiele selfie ukazuj\u0105cych kobiety z charakterystyczn\u0105 piank\u0105 na twarzy. Czy jednak to tylko nowy kosmetyczny gad\u017cet, czy rzeczywi\u015bcie innowacyjny produkt? Oto [&hellip;]<\/p>\n","protected":false},"author":2,"featured_media":6195,"comment_status":"open","ping_status":"open","sticky":false,"template":"","format":"standard","meta":{"_et_pb_use_builder":"","_et_pb_old_content":"","_et_gb_content_width":"","footnotes":""},"categories":[185],"tags":[],"class_list":["post-6194","post","type-post","status-publish","format-standard","has-post-thumbnail","hentry","category-codzienna-pielegnacja","et-has-post-format-content","et_post_format-et-post-format-standard"],"_links":{"self":[{"href":"https:\/\/neness.pl\/blog\/wp-json\/wp\/v2\/posts\/6194","targetHints":{"allow":["GET"]}}],"collection":[{"href":"https:\/\/neness.pl\/blog\/wp-json\/wp\/v2\/posts"}],"about":[{"href":"https:\/\/neness.pl\/blog\/wp-json\/wp\/v2\/types\/post"}],"author":[{"embeddable":true,"href":"https:\/\/neness.pl\/blog\/wp-json\/wp\/v2\/users\/2"}],"replies":[{"embeddable":true,"href":"https:\/\/neness.pl\/blog\/wp-json\/wp\/v2\/comments?post=6194"}],"version-history":[{"count":0,"href":"https:\/\/neness.pl\/blog\/wp-json\/wp\/v2\/posts\/6194\/revisions"}],"wp:featuredmedia":[{"embeddable":true,"href":"https:\/\/neness.pl\/blog\/wp-json\/wp\/v2\/media\/6195"}],"wp:attachment":[{"href":"https:\/\/neness.pl\/blog\/wp-json\/wp\/v2\/media?parent=6194"}],"wp:term":[{"taxonomy":"category","embeddable":true,"href":"https:\/\/neness.pl\/blog\/wp-json\/wp\/v2\/categories?post=6194"},{"taxonomy":"post_tag","embeddable":true,"href":"https:\/\/neness.pl\/blog\/wp-json\/wp\/v2\/tags?post=6194"}],"curies":[{"name":"wp","href":"https:\/\/api.w.org\/{rel}","templated":true}]}}