{"id":6181,"date":"2019-10-10T15:10:14","date_gmt":"2019-10-10T13:10:14","guid":{"rendered":"http:\/\/ranking-kosmetykow.pl\/?p=6181"},"modified":"2019-10-10T15:10:14","modified_gmt":"2019-10-10T13:10:14","slug":"naturalne-sposoby-na-przyciemnienie-wlosow","status":"publish","type":"post","link":"https:\/\/neness.pl\/blog\/naturalne-sposoby-na-przyciemnienie-wlosow\/","title":{"rendered":"Naturalne sposoby na przyciemnienie w\u0142os\u00f3w"},"content":{"rendered":"<p>Je\u015bli chcemy przyciemni\u0107 w\u0142osy, pierwszym, co przychodzi nam na my\u015bl, jest kupno farby. Oczywi\u015bcie w ten spos\u00f3b mo\u017cemy uzyska\u0107 mn\u00f3stwo pi\u0119knych kolor\u00f3w, jednak musimy liczy\u0107 si\u0119 z tym, \u017ce przy regularnym u\u017cywaniu farby, w\u0142osy zaczn\u0105 si\u0119 niszczy\u0107 i \u0142ama\u0107. Dlatego, je\u015bli chcemy uzyska\u0107 tylko niewielk\u0105 zmian\u0119, np. nada\u0107 naszemu naturalnemu kolorowi nieco g\u0142\u0119bi czy\u00a0 charakteru, warto najpierw pomy\u015ble\u0107 o <strong>naturalnych sposobach przyciemniania<\/strong>, kt\u00f3re nie b\u0119d\u0105 mia\u0142y tak negatywnego wp\u0142ywu na w\u0142osy. Oto kilka z nich.<!--more--><\/p>\n<h3>Maseczki i p\u0142ukanki z kawy<\/h3>\n<p>Produktem, kt\u00f3ry pomo\u017ce nam skutecznie przyciemni\u0107 w\u0142osy, z ca\u0142\u0105 pewno\u015bci\u0105 jest kawa. Mo\u017cemy stosowa\u0107 j\u0105 na dwa sposoby &#8211; zrobi\u0107 z niej <strong>p\u0142ukank\u0119<\/strong> lub<strong> maseczk\u0119<\/strong>. W pierwszym przypadku do garnka z wrz\u0105c\u0105 wod\u0105 wrzucamy 5-6 sto\u0142owych \u0142y\u017cek sypanej kawy i gotujemy j\u0105 przez kilka minut. Nast\u0119pnie pozostawiamy mieszank\u0119 do wystygni\u0119cia i odcedzamy fusy. Umyte w\u0142osy moczymy w p\u0142ukance <strong>oko\u0142o 10 minut,<\/strong> a potem wycieramy je <strong>bez sp\u0142ukiwania<\/strong> i pozwalamy im naturalnie wyschn\u0105\u0107.<\/p>\n<div id=\"attachment_6183\" style=\"width: 360px\" class=\"wp-caption aligncenter\"><a href=\"https:\/\/neness.eu\/pl\/p\/Natura-Siberica-Fresh-Spa-Balsam-Odbudowujacy-do-Wlosow-Zniszczonych-Krolewski-Kawior\/5242\"><img loading=\"lazy\" decoding=\"async\" aria-describedby=\"caption-attachment-6183\" class=\"wp-image-6183\" src=\"http:\/\/ranking-kosmetykow.pl\/wp-content\/uploads\/2019\/10\/b436cce3fe584e74bbc85fbee27f0104.jpg\" alt=\"\" width=\"350\" height=\"424\" srcset=\"https:\/\/neness.pl\/blog\/wp-content\/uploads\/2019\/10\/b436cce3fe584e74bbc85fbee27f0104.jpg 396w, https:\/\/neness.pl\/blog\/wp-content\/uploads\/2019\/10\/b436cce3fe584e74bbc85fbee27f0104-248x300.jpg 248w\" sizes=\"auto, (max-width: 350px) 100vw, 350px\" \/><\/a><p id=\"caption-attachment-6183\" class=\"wp-caption-text\">Natura Siberica Fresh Spa Balsam Odbudowuj\u0105cy do W\u0142os\u00f3w Zniszczonych Kr\u00f3lewski Kawior<\/p><\/div>\n<p>Je\u015bli decydujemy si\u0119 na maseczk\u0119, kilka \u0142y\u017cek kawy zalewamy <strong>bardzo ma\u0142\u0105 ilo\u015bci\u0105 wrz\u0105cej wody<\/strong> &#8211; tylko tak\u0105, kt\u00f3ra pozwoli na jej zaparzenie. Po wystygni\u0119ciu kawy nak\u0142adamy uzyskan\u0105 w ten spos\u00f3b papk\u0119 na w\u0142osy i owijamy g\u0142ow\u0119 foli\u0105. Po <strong>oko\u0142o 20 minutach<\/strong> zdejmujemy foli\u0119 i sp\u0142ukujemy kaw\u0119, a potem suszymy w\u0142osy lub pozwalamy im wyschn\u0105\u0107 w spos\u00f3b naturalny.<\/p>\n<h3>Zio\u0142owe kuracje<\/h3>\n<p>Podobny efekt osi\u0105gniemy r\u00f3wnie\u017c, stosuj\u0105c p\u0142ukanki z niekt\u00f3rych zi\u00f3\u0142. Bardzo skuteczne s\u0105 tutaj na przyk\u0142ad <strong>sza\u0142wia, skrzyp polny<\/strong> czy<strong> pokrzywa<\/strong>. Wystarczy sporz\u0105dzi\u0107 napar z wybranej ro\u015bliny, odstawi\u0107 go do ostygni\u0119cia, a potem u\u017cy\u0107 przy ostatnim p\u0142ukaniu w\u0142os\u00f3w po ich umyciu. Je\u015bli b\u0119dziemy stosowa\u0107 tego typu p\u0142ukank\u0119 regularnie, po pewnym czasie nasz naturalny kolor ulegnie przyciemnieniu. Przy stosowaniu tej metody nale\u017cy jednak pami\u0119ta\u0107, by po ka\u017cdym myciu stosowa\u0107 mocne <strong>od\u017cywki nawil\u017caj\u0105ce,<\/strong> pozwalaj\u0105ce unikn\u0105\u0107 przesuszenia w\u0142os\u00f3w.<\/p>\n<div id=\"attachment_6184\" style=\"width: 360px\" class=\"wp-caption aligncenter\"><a href=\"https:\/\/neness.eu\/pl\/p\/Natura-Siberica-Oblepikha-Siberica-Rokitnikowy-Kompleks-Olejkow-na-Koncowki-Wlosow\/5357\"><img loading=\"lazy\" decoding=\"async\" aria-describedby=\"caption-attachment-6184\" class=\"wp-image-6184\" src=\"http:\/\/ranking-kosmetykow.pl\/wp-content\/uploads\/2019\/10\/a4f84f44b20d20bce1735bfb0f4a0e46.jpg\" alt=\"\" width=\"350\" height=\"350\" srcset=\"https:\/\/neness.pl\/blog\/wp-content\/uploads\/2019\/10\/a4f84f44b20d20bce1735bfb0f4a0e46.jpg 800w, https:\/\/neness.pl\/blog\/wp-content\/uploads\/2019\/10\/a4f84f44b20d20bce1735bfb0f4a0e46-300x300.jpg 300w, https:\/\/neness.pl\/blog\/wp-content\/uploads\/2019\/10\/a4f84f44b20d20bce1735bfb0f4a0e46-150x150.jpg 150w, https:\/\/neness.pl\/blog\/wp-content\/uploads\/2019\/10\/a4f84f44b20d20bce1735bfb0f4a0e46-768x768.jpg 768w, https:\/\/neness.pl\/blog\/wp-content\/uploads\/2019\/10\/a4f84f44b20d20bce1735bfb0f4a0e46-610x610.jpg 610w, https:\/\/neness.pl\/blog\/wp-content\/uploads\/2019\/10\/a4f84f44b20d20bce1735bfb0f4a0e46-440x440.jpg 440w\" sizes=\"auto, (max-width: 350px) 100vw, 350px\" \/><\/a><p id=\"caption-attachment-6184\" class=\"wp-caption-text\">Natura Siberica Oblepikha Siberica Rokitnikowy Kompleks Olejk\u00f3w na Ko\u0144c\u00f3wki W\u0142os\u00f3w<\/p><\/div>\n<h3>Olejowanie w\u0142os\u00f3w<\/h3>\n<p>Je\u015bli przy okazji przyciemnienia chcemy te\u017c<strong> od\u017cywi\u0107 w\u0142osy<\/strong>, mo\u017cemy zdecydowa\u0107 si\u0119 na ich olejowanie &#8211; wystarczy wybra\u0107 odpowiedni rodzaj oleju. Doskonale sprawdzi si\u0119 tutaj na przyk\u0142ad<strong> olej z orzecha w\u0142oskiego<\/strong> lub <strong>olejek rycynowy<\/strong>. Wybranym produktem smarujemy w\u0142osy na ca\u0142ej d\u0142ugo\u015bci, po czym zawijamy je w foli\u0119 lub r\u0119cznik i pozostawiamy na kilka godzin. Najlepiej tak\u0105 kuracj\u0119 zaczyna\u0107 wieczorem i pozostawia\u0107 olej a\u017c do rana. Potem wystarczy dok\u0142adnie umy\u0107 w\u0142osy i gotowe. Oczywi\u015bcie odpowiedni efekt uzyskamy tylko, je\u015bli b\u0119dziemy olejowa\u0107 w\u0142osy regularnie.<\/p>\n","protected":false},"excerpt":{"rendered":"<p>Je\u015bli chcemy przyciemni\u0107 w\u0142osy, pierwszym, co przychodzi nam na my\u015bl, jest kupno farby. Oczywi\u015bcie w ten spos\u00f3b mo\u017cemy uzyska\u0107 mn\u00f3stwo pi\u0119knych kolor\u00f3w, jednak musimy liczy\u0107 si\u0119 z tym, \u017ce przy regularnym u\u017cywaniu farby, w\u0142osy zaczn\u0105 si\u0119 niszczy\u0107 i \u0142ama\u0107. Dlatego, je\u015bli chcemy uzyska\u0107 tylko niewielk\u0105 zmian\u0119, np. nada\u0107 naszemu naturalnemu kolorowi nieco g\u0142\u0119bi czy\u00a0 charakteru, [&hellip;]<\/p>\n","protected":false},"author":2,"featured_media":6182,"comment_status":"open","ping_status":"open","sticky":false,"template":"","format":"standard","meta":{"_et_pb_use_builder":"","_et_pb_old_content":"","_et_gb_content_width":"","footnotes":""},"categories":[48],"tags":[],"class_list":["post-6181","post","type-post","status-publish","format-standard","has-post-thumbnail","hentry","category-wlosy-idealne","et-has-post-format-content","et_post_format-et-post-format-standard"],"_links":{"self":[{"href":"https:\/\/neness.pl\/blog\/wp-json\/wp\/v2\/posts\/6181","targetHints":{"allow":["GET"]}}],"collection":[{"href":"https:\/\/neness.pl\/blog\/wp-json\/wp\/v2\/posts"}],"about":[{"href":"https:\/\/neness.pl\/blog\/wp-json\/wp\/v2\/types\/post"}],"author":[{"embeddable":true,"href":"https:\/\/neness.pl\/blog\/wp-json\/wp\/v2\/users\/2"}],"replies":[{"embeddable":true,"href":"https:\/\/neness.pl\/blog\/wp-json\/wp\/v2\/comments?post=6181"}],"version-history":[{"count":0,"href":"https:\/\/neness.pl\/blog\/wp-json\/wp\/v2\/posts\/6181\/revisions"}],"wp:featuredmedia":[{"embeddable":true,"href":"https:\/\/neness.pl\/blog\/wp-json\/wp\/v2\/media\/6182"}],"wp:attachment":[{"href":"https:\/\/neness.pl\/blog\/wp-json\/wp\/v2\/media?parent=6181"}],"wp:term":[{"taxonomy":"category","embeddable":true,"href":"https:\/\/neness.pl\/blog\/wp-json\/wp\/v2\/categories?post=6181"},{"taxonomy":"post_tag","embeddable":true,"href":"https:\/\/neness.pl\/blog\/wp-json\/wp\/v2\/tags?post=6181"}],"curies":[{"name":"wp","href":"https:\/\/api.w.org\/{rel}","templated":true}]}}