{"id":6113,"date":"2019-09-19T12:35:31","date_gmt":"2019-09-19T10:35:31","guid":{"rendered":"http:\/\/ranking-kosmetykow.pl\/?p=6113"},"modified":"2019-09-19T12:35:31","modified_gmt":"2019-09-19T10:35:31","slug":"jak-ograniczyc-wypadanie-wlosow","status":"publish","type":"post","link":"https:\/\/neness.pl\/blog\/jak-ograniczyc-wypadanie-wlosow\/","title":{"rendered":"Jak ograniczy\u0107 wypadanie w\u0142os\u00f3w?"},"content":{"rendered":"<p>Ka\u017cda fryzura wygl\u0105da du\u017co lepiej, je\u015bli zrobiona jest z g\u0119stych, l\u015bni\u0105cych splot\u00f3w, tymczasem wielu z nas boryka si\u0119 z niema\u0142ym problemem z wypadaniem w\u0142os\u00f3w. Cebulki bywaj\u0105 os\u0142abione z wielu powod\u00f3w, ale efekt jest ten sam &#8211; ma\u0142o efektowne uczesanie. Wypadanie w\u0142os\u00f3w mo\u017cna jednak w znacznym stopniu ograniczy\u0107 &#8211; warunkiem jest stosowanie<strong> odpowiedniej diety <\/strong>i<strong> zabieg\u00f3w piel\u0119gnacyjnych.<\/strong><!--more--><\/p>\n<h3>Co powoduje wypadanie w\u0142os\u00f3w?<\/h3>\n<p>Przyczyn wypadania w\u0142os\u00f3w mo\u017ce by\u0107 wiele. Cz\u0119sto problem ten spowodowany jest<strong> diet\u0105<\/strong> ubog\u0105 w sk\u0142adniki od\u017cywcze i witaminy,<strong> lekami, stresem<\/strong> czy <strong>chorob\u0105.<\/strong> Bywa jednak, \u017ce w\u0142osy wypadaj\u0105 na skutek dzia\u0142ania promieni UV, s\u0142onej lub chlorowanej wody albo mrozu. R\u00f3wnie\u017c <strong>niew\u0142a\u015bciwa piel\u0119gnacja<\/strong> szybko przynosi taki efekt &#8211; nagminne stosowanie kosmetyk\u00f3w z alkoholem, suszenie w\u0142os\u00f3w gor\u0105cym strumieniem powietrza, farbowanie, rozja\u015bnianie lub trwa\u0142a ondulacja w znacznym stopniu os\u0142abiaj\u0105 w\u0142osy i zwi\u0119kszaj\u0105 problem z ich wypadaniem. Czasami jednak przyczyny s\u0105 jeszcze inne &#8211; na przyk\u0142ad <strong>nadmiar witaminy A.\u00a0<\/strong><\/p>\n<div id=\"attachment_6115\" style=\"width: 360px\" class=\"wp-caption aligncenter\"><a href=\"https:\/\/neness.eu\/natura-siberica-frozen-berries-witaminowa-maska-do-wlosow-przetluszczajacych-sie-200ml\"><img loading=\"lazy\" decoding=\"async\" aria-describedby=\"caption-attachment-6115\" class=\"wp-image-6115\" src=\"http:\/\/ranking-kosmetykow.pl\/wp-content\/uploads\/2019\/09\/c6791272bdbe5f197261093cadba1734.jpg\" alt=\"\" width=\"350\" height=\"467\" srcset=\"https:\/\/neness.pl\/blog\/wp-content\/uploads\/2019\/09\/c6791272bdbe5f197261093cadba1734.jpg 750w, https:\/\/neness.pl\/blog\/wp-content\/uploads\/2019\/09\/c6791272bdbe5f197261093cadba1734-225x300.jpg 225w, https:\/\/neness.pl\/blog\/wp-content\/uploads\/2019\/09\/c6791272bdbe5f197261093cadba1734-610x813.jpg 610w\" sizes=\"auto, (max-width: 350px) 100vw, 350px\" \/><\/a><p id=\"caption-attachment-6115\" class=\"wp-caption-text\">Natura Siberica Frozen Berries Witaminowa Maska do W\u0142os\u00f3w Przet\u0142uszczaj\u0105cych si\u0119 200ml<\/p><\/div>\n<h3>Zadzia\u0142aj od \u015brodka<\/h3>\n<p>Pierwszym krokiem do ograniczenia wypadania w\u0142os\u00f3w jest<strong> zmiana nawyk\u00f3w \u017cywieniowych.<\/strong> Bardzo istotne jest, by ograniczy\u0107 spo\u017cywanie wysokoprzetworzonych produkt\u00f3w, jak fast foody. Najlepiej zast\u0105pi\u0107 je owocami, warzywami, makaronem, pe\u0142noziarnistym pieczywem, rybami i orzechami. Wa\u017cne, by spo\u017cywane przez nas produkty by\u0142y bogate w <strong>witamin\u0119 B, C <\/strong>i<strong> E<\/strong> oraz<strong> \u017celazo, bia\u0142ko<\/strong> i<strong> cynk.<\/strong> Warto te\u017c zbada\u0107, czy nie mamy znacznego niedoboru witamin i w razie potrzeby zaopatrzy\u0107 si\u0119 w suplementy diety.<\/p>\n<h3>O co jeszcze zadba\u0107?<\/h3>\n<p>R\u00f3wnocze\u015bnie nale\u017cy te\u017c zadba\u0107 o w\u0142a\u015bciw\u0105 piel\u0119gnacj\u0119. Przede wszystkim warto <strong>ograniczy\u0107 stylizacj\u0119 na gor\u0105co,<\/strong> a w\u0142osy suszy\u0107 tylko ch\u0142odnym strumieniem powietrza. Je\u015bli myjemy g\u0142ow\u0119 codziennie, najlepiej kupi\u0107 bardzo <strong>\u0142agodny szampon<\/strong> &#8211; zio\u0142owy lub przeznaczony dla dzieci &#8211; a mocniejszego u\u017cywa\u0107 tylko co pewien czas, by dok\u0142adnie oczy\u015bci\u0107 sk\u00f3r\u0119 g\u0142owy. Do sp\u0142ukiwania szamponu i od\u017cywki warto u\u017cy\u0107 <strong>letniej wody<\/strong>, gdy\u017c ta mniej os\u0142abia cebulki ni\u017c gor\u0105ca. W zapobieganiu nadmiernemu wypadaniu w\u0142os\u00f3w pomo\u017ce te\u017c zwi\u0105zywanie w\u0142os\u00f3w na noc, aby mniej niszczy\u0142y si\u0119 w kontakcie z po\u015bciel\u0105.<\/p>\n<div id=\"attachment_6116\" style=\"width: 140px\" class=\"wp-caption aligncenter\"><a href=\"https:\/\/neness.eu\/pl\/p\/Natura-Siberica-Fresh-Spa-Szampon-do-Wlosow-Zniszczonych-Zloty-Rokitnik\/5252\"><img loading=\"lazy\" decoding=\"async\" aria-describedby=\"caption-attachment-6116\" class=\"wp-image-6116\" src=\"http:\/\/ranking-kosmetykow.pl\/wp-content\/uploads\/2019\/09\/562b3cd3f91f937162c04e6d32ce67ac.png\" alt=\"\" width=\"130\" height=\"433\" srcset=\"https:\/\/neness.pl\/blog\/wp-content\/uploads\/2019\/09\/562b3cd3f91f937162c04e6d32ce67ac.png 195w, https:\/\/neness.pl\/blog\/wp-content\/uploads\/2019\/09\/562b3cd3f91f937162c04e6d32ce67ac-90x300.png 90w\" sizes=\"auto, (max-width: 130px) 100vw, 130px\" \/><\/a><p id=\"caption-attachment-6116\" class=\"wp-caption-text\">Natura Siberica Fresh Spa Szampon do W\u0142os\u00f3w Zniszczonych Z\u0142oty Rokitnik<\/p><\/div>\n<h3>Jakich sk\u0142adnik\u00f3w szuka\u0107 w kosmetykach?<\/h3>\n<p>Przy problemie z wypadaniem w\u0142os\u00f3w dobrze te\u017c szuka\u0107 kosmetyk\u00f3w, kt\u00f3re zawieraj\u0105 sk\u0142adniki wzmacniaj\u0105ce cebulki. Doskonale sprawdz\u0105 si\u0119 takie z <strong>ekstraktem z pokrzywy, keratyn\u0105 <\/strong>i<strong> witaminami<\/strong>, a tak\u017ce wszystkie bogate w aminokwasy. Warto r\u00f3wnie\u017c zaopatrzy\u0107 si\u0119 w<strong> peeling do sk\u00f3ry g\u0142owy.<\/strong> Ten produkt nie tylko pozwala pozby\u0107 si\u0119 martwego nask\u00f3rka i u\u0142atwia wch\u0142anianie sk\u0142adnik\u00f3w od\u017cywczych, ale te\u017c zapewnia delikatny masa\u017c, kt\u00f3ry pobudza kr\u0105\u017cenie i tym samym wzmacnia cebulki w\u0142os\u00f3w. Doskonale sprawdz\u0105 si\u0119 tak\u017ce bogate w witaminy <strong>wcierki<\/strong>, kt\u00f3re od\u017cywiaj\u0105 sk\u00f3r\u0119 g\u0142owy, oraz<strong> zio\u0142owe p\u0142ukanki<\/strong> &#8211; zw\u0142aszcza z pokrzywy i skrzypu polnego.<\/p>\n","protected":false},"excerpt":{"rendered":"<p>Ka\u017cda fryzura wygl\u0105da du\u017co lepiej, je\u015bli zrobiona jest z g\u0119stych, l\u015bni\u0105cych splot\u00f3w, tymczasem wielu z nas boryka si\u0119 z niema\u0142ym problemem z wypadaniem w\u0142os\u00f3w. Cebulki bywaj\u0105 os\u0142abione z wielu powod\u00f3w, ale efekt jest ten sam &#8211; ma\u0142o efektowne uczesanie. Wypadanie w\u0142os\u00f3w mo\u017cna jednak w znacznym stopniu ograniczy\u0107 &#8211; warunkiem jest stosowanie odpowiedniej diety i zabieg\u00f3w [&hellip;]<\/p>\n","protected":false},"author":2,"featured_media":6114,"comment_status":"open","ping_status":"open","sticky":false,"template":"","format":"standard","meta":{"_et_pb_use_builder":"","_et_pb_old_content":"","_et_gb_content_width":"","footnotes":""},"categories":[48],"tags":[],"class_list":["post-6113","post","type-post","status-publish","format-standard","has-post-thumbnail","hentry","category-wlosy-idealne","et-has-post-format-content","et_post_format-et-post-format-standard"],"_links":{"self":[{"href":"https:\/\/neness.pl\/blog\/wp-json\/wp\/v2\/posts\/6113","targetHints":{"allow":["GET"]}}],"collection":[{"href":"https:\/\/neness.pl\/blog\/wp-json\/wp\/v2\/posts"}],"about":[{"href":"https:\/\/neness.pl\/blog\/wp-json\/wp\/v2\/types\/post"}],"author":[{"embeddable":true,"href":"https:\/\/neness.pl\/blog\/wp-json\/wp\/v2\/users\/2"}],"replies":[{"embeddable":true,"href":"https:\/\/neness.pl\/blog\/wp-json\/wp\/v2\/comments?post=6113"}],"version-history":[{"count":0,"href":"https:\/\/neness.pl\/blog\/wp-json\/wp\/v2\/posts\/6113\/revisions"}],"wp:featuredmedia":[{"embeddable":true,"href":"https:\/\/neness.pl\/blog\/wp-json\/wp\/v2\/media\/6114"}],"wp:attachment":[{"href":"https:\/\/neness.pl\/blog\/wp-json\/wp\/v2\/media?parent=6113"}],"wp:term":[{"taxonomy":"category","embeddable":true,"href":"https:\/\/neness.pl\/blog\/wp-json\/wp\/v2\/categories?post=6113"},{"taxonomy":"post_tag","embeddable":true,"href":"https:\/\/neness.pl\/blog\/wp-json\/wp\/v2\/tags?post=6113"}],"curies":[{"name":"wp","href":"https:\/\/api.w.org\/{rel}","templated":true}]}}