{"id":6103,"date":"2019-09-17T14:05:39","date_gmt":"2019-09-17T12:05:39","guid":{"rendered":"http:\/\/ranking-kosmetykow.pl\/?p=6103"},"modified":"2019-09-17T14:05:39","modified_gmt":"2019-09-17T12:05:39","slug":"czy-preferencje-zapachowe-sie-zmieniaja","status":"publish","type":"post","link":"https:\/\/neness.pl\/blog\/czy-preferencje-zapachowe-sie-zmieniaja\/","title":{"rendered":"Czy preferencje zapachowe si\u0119 zmieniaj\u0105?"},"content":{"rendered":"<p>Perfumy s\u0105 naszym sta\u0142ym towarzyszem w codziennym \u017cyciu. Rzadko jednak zdarza si\u0119, by\u015bmy u\u017cywali tego samego zapachu przez wiele lat. Nowych kompozycji szukamy z wielu powod\u00f3w &#8211; czasami dopasowujemy zapach do <strong>pory roku<\/strong> czy <strong>stylu ubierania<\/strong>, a czasem po prostu potrzebujemy <strong>odmiany.<\/strong> Ale czy mo\u017ce to by\u0107 r\u00f3wnie\u017c zwi\u0105zane z tym, \u017ce po prostu z wiekiem zmieniaj\u0105 si\u0119 nasze preferencje zapachowe?<!--more--><\/p>\n<h3>Wiek a nuty w perfumach<\/h3>\n<p>Ot\u00f3\u017c okazuje si\u0119, \u017ce wed\u0142ug bada\u0144 raczej nie. Z przeprowadzonych przez naukowc\u00f3w test\u00f3w wynika, \u017ce <strong>niezale\u017cnie od wieku preferujemy poszczeg\u00f3lne nuty zapachowe,<\/strong> a nie przepadamy za innymi. Proporcje mi\u0119dzy zwolennikami i przeciwnikami danych grup perfum s\u0105 bardzo podobne niezale\u017cnie od kategorii wiekowej badanych.<\/p>\n<div id=\"attachment_6105\" style=\"width: 360px\" class=\"wp-caption aligncenter\"><a href=\"https:\/\/neness.eu\/197-gabriel\"><img loading=\"lazy\" decoding=\"async\" aria-describedby=\"caption-attachment-6105\" class=\"wp-image-6105\" src=\"http:\/\/ranking-kosmetykow.pl\/wp-content\/uploads\/2019\/09\/4131a417c08e306eb1e23b9bcd27a4fa.jpg\" alt=\"\" width=\"350\" height=\"467\" srcset=\"https:\/\/neness.pl\/blog\/wp-content\/uploads\/2019\/09\/4131a417c08e306eb1e23b9bcd27a4fa.jpg 750w, https:\/\/neness.pl\/blog\/wp-content\/uploads\/2019\/09\/4131a417c08e306eb1e23b9bcd27a4fa-225x300.jpg 225w, https:\/\/neness.pl\/blog\/wp-content\/uploads\/2019\/09\/4131a417c08e306eb1e23b9bcd27a4fa-610x813.jpg 610w\" sizes=\"auto, (max-width: 350px) 100vw, 350px\" \/><\/a><p id=\"caption-attachment-6105\" class=\"wp-caption-text\">Perfumy damskie Chanel 197. Gabriel<\/p><\/div>\n<p>Co wi\u0119cej &#8211; istnieje teoria, \u017ce nasze preferencje zapachowe s\u0105 wr\u0119cz<strong> zapisane w genach.<\/strong> Niekt\u00f3rzy badacze twierdz\u0105, \u017ce pod\u015bwiadomie wybieramy perfumy, kt\u00f3re najbardziej podkre\u015blaj\u0105 nasz <strong>naturalny zapach.<\/strong> Dlaczego tak si\u0119 dzieje? Ot\u00f3\u017c za pomoc\u0105 odpowiednio dobranej woni chcemy przyci\u0105gn\u0105\u0107 partnera, kt\u00f3ry pod wzgl\u0119dem genetycznym b\u0119dzie dla nas najw\u0142a\u015bciwszy. Tez\u0119 t\u0119 potwierdzaj\u0105 badania przeprowadzone przez naukowc\u00f3w na grupie student\u00f3w. Mieli oni za zadanie uszeregowa\u0107 podane im pr\u00f3bki perfum w kolejno\u015bci od tych, kt\u00f3re najbardziej przypad\u0142y im do gustu, do tych, kt\u00f3re polubili najmniej. Badanie to wykaza\u0142o, \u017ce <strong>osoby o tych samych genach dla pewnych bia\u0142ek MHC preferuj\u0105 te same zapachy i grupy zapachowe.<\/strong> Mo\u017ce to wskazywa\u0107, \u017ce rzeczywi\u015bcie wyb\u00f3r perfum ma zwi\u0105zek z genami, a nasze preferencje zapachowe nie zmieniaj\u0105 si\u0119 przez ca\u0142e \u017cycie, jednak jak dot\u0105d nie ma na to pewnych dowod\u00f3w.<\/p>\n<div id=\"attachment_6106\" style=\"width: 360px\" class=\"wp-caption aligncenter\"><a href=\"https:\/\/neness.eu\/162-demon-secret\"><img loading=\"lazy\" decoding=\"async\" aria-describedby=\"caption-attachment-6106\" class=\"wp-image-6106\" src=\"http:\/\/ranking-kosmetykow.pl\/wp-content\/uploads\/2019\/09\/710c72f5eef4fd8ca104bcc26d794caf.jpg\" alt=\"\" width=\"350\" height=\"467\" srcset=\"https:\/\/neness.pl\/blog\/wp-content\/uploads\/2019\/09\/710c72f5eef4fd8ca104bcc26d794caf.jpg 750w, https:\/\/neness.pl\/blog\/wp-content\/uploads\/2019\/09\/710c72f5eef4fd8ca104bcc26d794caf-225x300.jpg 225w, https:\/\/neness.pl\/blog\/wp-content\/uploads\/2019\/09\/710c72f5eef4fd8ca104bcc26d794caf-610x813.jpg 610w\" sizes=\"auto, (max-width: 350px) 100vw, 350px\" \/><\/a><p id=\"caption-attachment-6106\" class=\"wp-caption-text\">Perfumy Givenchy* 162. Demon Secret<\/p><\/div>\n<h3>Dlaczego wi\u0119c zmieniamy perfumy?<\/h3>\n<p>Za\u0142\u00f3\u017cmy, \u017ce nasze preferencje zapachowe faktycznie si\u0119 nie zmieniaj\u0105. Dlaczego wi\u0119c niekt\u00f3re osoby po pewnym czasie zaczynaj\u0105 kupowa\u0107 perfumy z zupe\u0142nie innych grup ni\u017c we wcze\u015bniejszych latach? Badacze twierdz\u0105, \u017ce dzieje si\u0119 tak, poniewa\u017c w m\u0142odo\u015bci cz\u0119sto na zakup kompozycji decydujemy si\u0119 pod wp\u0142ywem impulsu, panuj\u0105cej mody czy ch\u0119ci poeksperymentowania, przez co nie zawsze trafiamy w\u0142a\u015bciwie. Z wiekiem stajemy si\u0119 <strong>bardziej \u015bwiadomi siebie,<\/strong> a dzi\u0119ki temu \u0142atwiej nam dobra\u0107 takie perfumy, kt\u00f3re naprawd\u0119 do nas pasuj\u0105. W niekt\u00f3rych przypadkach mo\u017ce jednak zdarzy\u0107 si\u0119, \u017ce po pewnym czasie ch\u0119tniej wr\u00f3cimy do zapach\u00f3w, kt\u00f3rych u\u017cywali\u015bmy przed laty. Ma to zwi\u0105zek z <strong>przyjemnymi wspomnieniami,<\/strong> kt\u00f3re si\u0119 z nimi wi\u0105\u017c\u0105, i ch\u0119ci\u0105 powrotu my\u015blami do czas\u00f3w m\u0142odo\u015bci.<\/p>\n","protected":false},"excerpt":{"rendered":"<p>Perfumy s\u0105 naszym sta\u0142ym towarzyszem w codziennym \u017cyciu. Rzadko jednak zdarza si\u0119, by\u015bmy u\u017cywali tego samego zapachu przez wiele lat. Nowych kompozycji szukamy z wielu powod\u00f3w &#8211; czasami dopasowujemy zapach do pory roku czy stylu ubierania, a czasem po prostu potrzebujemy odmiany. Ale czy mo\u017ce to by\u0107 r\u00f3wnie\u017c zwi\u0105zane z tym, \u017ce po prostu z [&hellip;]<\/p>\n","protected":false},"author":2,"featured_media":6104,"comment_status":"open","ping_status":"open","sticky":false,"template":"","format":"standard","meta":{"_et_pb_use_builder":"","_et_pb_old_content":"","_et_gb_content_width":"","footnotes":""},"categories":[19],"tags":[],"class_list":["post-6103","post","type-post","status-publish","format-standard","has-post-thumbnail","hentry","category-zachwycaj-zapachem","et-has-post-format-content","et_post_format-et-post-format-standard"],"_links":{"self":[{"href":"https:\/\/neness.pl\/blog\/wp-json\/wp\/v2\/posts\/6103","targetHints":{"allow":["GET"]}}],"collection":[{"href":"https:\/\/neness.pl\/blog\/wp-json\/wp\/v2\/posts"}],"about":[{"href":"https:\/\/neness.pl\/blog\/wp-json\/wp\/v2\/types\/post"}],"author":[{"embeddable":true,"href":"https:\/\/neness.pl\/blog\/wp-json\/wp\/v2\/users\/2"}],"replies":[{"embeddable":true,"href":"https:\/\/neness.pl\/blog\/wp-json\/wp\/v2\/comments?post=6103"}],"version-history":[{"count":0,"href":"https:\/\/neness.pl\/blog\/wp-json\/wp\/v2\/posts\/6103\/revisions"}],"wp:featuredmedia":[{"embeddable":true,"href":"https:\/\/neness.pl\/blog\/wp-json\/wp\/v2\/media\/6104"}],"wp:attachment":[{"href":"https:\/\/neness.pl\/blog\/wp-json\/wp\/v2\/media?parent=6103"}],"wp:term":[{"taxonomy":"category","embeddable":true,"href":"https:\/\/neness.pl\/blog\/wp-json\/wp\/v2\/categories?post=6103"},{"taxonomy":"post_tag","embeddable":true,"href":"https:\/\/neness.pl\/blog\/wp-json\/wp\/v2\/tags?post=6103"}],"curies":[{"name":"wp","href":"https:\/\/api.w.org\/{rel}","templated":true}]}}