{"id":6087,"date":"2019-09-10T12:00:51","date_gmt":"2019-09-10T10:00:51","guid":{"rendered":"http:\/\/ranking-kosmetykow.pl\/?p=6087"},"modified":"2019-09-10T12:00:51","modified_gmt":"2019-09-10T10:00:51","slug":"przepiekne-zapachy-na-jesien-dla-panow","status":"publish","type":"post","link":"https:\/\/neness.pl\/blog\/przepiekne-zapachy-na-jesien-dla-panow\/","title":{"rendered":"Przepi\u0119kne zapachy na jesie\u0144 dla pan\u00f3w"},"content":{"rendered":"<p>Niekt\u00f3re osoby na pewnym etapie wybieraj\u0105 swoje ulubione perfumy i trzymaj\u0105 si\u0119 ich przez lata, czyni\u0105c z nich sw\u00f3j znak rozpoznawczy, swego rodzaju wizyt\u00f3wk\u0119. Innych wci\u0105\u017c jednak kusi, by co\u015b zmieni\u0107, szuka\u0107 <strong>nowego, fascynuj\u0105cego pachnid\u0142a,<\/strong> kt\u00f3re zachwyci niepowtarzalno\u015bci\u0105 kompozycji. Pozwala to unikn\u0105\u0107 monotonii i cieszy\u0107 si\u0119 ca\u0142ym procesem wyboru odpowiedniego zapachu. Nale\u017cycie do tej drugiej grupy i macie ochot\u0119 postawi\u0107 na zupe\u0142nie inne perfumy na jesie\u0144? W takim razie mamy dla Was kilka propozycji.<!--more--><\/p>\n<div id=\"attachment_6089\" style=\"width: 360px\" class=\"wp-caption aligncenter\"><a href=\"https:\/\/neness.eu\/146-homme\"><img loading=\"lazy\" decoding=\"async\" aria-describedby=\"caption-attachment-6089\" class=\"wp-image-6089\" src=\"http:\/\/ranking-kosmetykow.pl\/wp-content\/uploads\/2019\/09\/3cc3a71a092367af5ebaa961546e600b.jpg\" alt=\"\" width=\"350\" height=\"467\" srcset=\"https:\/\/neness.pl\/blog\/wp-content\/uploads\/2019\/09\/3cc3a71a092367af5ebaa961546e600b.jpg 750w, https:\/\/neness.pl\/blog\/wp-content\/uploads\/2019\/09\/3cc3a71a092367af5ebaa961546e600b-225x300.jpg 225w, https:\/\/neness.pl\/blog\/wp-content\/uploads\/2019\/09\/3cc3a71a092367af5ebaa961546e600b-610x813.jpg 610w\" sizes=\"auto, (max-width: 350px) 100vw, 350px\" \/><\/a><p id=\"caption-attachment-6089\" class=\"wp-caption-text\">Perfumy m\u0119skie Dior* Homme \/ 12,00 z\u0142<\/p><\/div>\n<h3>Perfumy m\u0119skie Dior* Homme<\/h3>\n<p>Perfumy Homme s\u0105 bardzo <strong>intensywne<\/strong> i od pierwszej chwili przyci\u0105gaj\u0105 uwag\u0119. Ich g\u0142\u00f3wn\u0105 nut\u0119 stanowi <strong>k\u0142\u0105cze irysa,<\/strong> kt\u00f3re nadaje im pudrowy, oryginalny charakter. Ten niecz\u0119sto goszcz\u0105cy w m\u0119skich perfumach sk\u0142adnik \u0142\u0105czy si\u0119 zgrabnie z lawend\u0105, sza\u0142wi\u0105 i subtelnym b\u0142yskiem bergamotki. Po pewnym czasie zapach robi si\u0119<strong> nieco s\u0142odszy<\/strong> i zaczynaj\u0105 dominowa\u0107 w nim takie nuty jak kakao, kardamon i ambra. W bazie perfum odnajdujemy wo\u0144 wetywerii i sk\u00f3ry doprawion\u0105 paczul\u0105. Zapach jest<strong> prosty, szykowny,<\/strong> w sam raz dla eleganckich pan\u00f3w, ca\u0142e dnie sp\u0119dzaj\u0105cych poza domem i potrzebuj\u0105cych perfum, kt\u00f3re b\u0119d\u0105 towarzyszy\u0107 im przez d\u0142ugie godziny pracy.<\/p>\n<div id=\"attachment_6090\" style=\"width: 360px\" class=\"wp-caption aligncenter\"><a href=\"https:\/\/neness.eu\/giorgio-armani-acqua-di-gio\"><img loading=\"lazy\" decoding=\"async\" aria-describedby=\"caption-attachment-6090\" class=\"wp-image-6090\" src=\"http:\/\/ranking-kosmetykow.pl\/wp-content\/uploads\/2019\/09\/500_500_productGfx_7ca89f274c763080c791c3140b8a9364.jpg\" alt=\"\" width=\"350\" height=\"467\" srcset=\"https:\/\/neness.pl\/blog\/wp-content\/uploads\/2019\/09\/500_500_productGfx_7ca89f274c763080c791c3140b8a9364.jpg 375w, https:\/\/neness.pl\/blog\/wp-content\/uploads\/2019\/09\/500_500_productGfx_7ca89f274c763080c791c3140b8a9364-225x300.jpg 225w\" sizes=\"auto, (max-width: 350px) 100vw, 350px\" \/><\/a><p id=\"caption-attachment-6090\" class=\"wp-caption-text\">Aqua di Neness | Perfumy m\u0119skie \/ 12,00 z\u0142<\/p><\/div>\n<h3>Aqua di Neness<\/h3>\n<p>Aqua di Neness to perfumy zaliczane do <strong>grupy cytrusowych.<\/strong> Stworzone zosta\u0142y z my\u015bl\u0105 o panach, kt\u00f3rzy potrzebuj\u0105 od rana zastrzyku energii i pozytywnych emocji. To zapach niezwykle<strong> optymistyczny<\/strong> i <strong>motywuj\u0105cy do dzia\u0142ania.<\/strong> W nucie g\u0142owy odnajdziemy w nim limonk\u0119, cytryn\u0119, bergamotk\u0119, ja\u015bmin i pomara\u0144cz\u0119, kt\u00f3re nadaj\u0105 kompozycji lekko\u015bci. Serce perfum stanowi\u0105 takie sk\u0142adniki jak rozmaryn, r\u00f3\u017ca, kolendra, hiacynt, ja\u015bmin, ga\u0142ka muszkato\u0142owa i brzoskwinia, wzbogacone nutami morskimi. Baza jest nieco ci\u0119\u017csza, ale nie mniej efektowna &#8211; tworz\u0105 j\u0105 porosty, paczula, cedr, bia\u0142e pi\u017cmo i ja\u015bmin.<\/p>\n<div id=\"attachment_6091\" style=\"width: 360px\" class=\"wp-caption aligncenter\"><a href=\"https:\/\/neness.eu\/125-terre-terre\"><img loading=\"lazy\" decoding=\"async\" aria-describedby=\"caption-attachment-6091\" class=\"wp-image-6091\" src=\"http:\/\/ranking-kosmetykow.pl\/wp-content\/uploads\/2019\/09\/500_500_productGfx_90d71d3df74344ccebdc2f9b07c19a1e.jpg\" alt=\"\" width=\"350\" height=\"467\" srcset=\"https:\/\/neness.pl\/blog\/wp-content\/uploads\/2019\/09\/500_500_productGfx_90d71d3df74344ccebdc2f9b07c19a1e.jpg 375w, https:\/\/neness.pl\/blog\/wp-content\/uploads\/2019\/09\/500_500_productGfx_90d71d3df74344ccebdc2f9b07c19a1e-225x300.jpg 225w\" sizes=\"auto, (max-width: 350px) 100vw, 350px\" \/><\/a><p id=\"caption-attachment-6091\" class=\"wp-caption-text\">Perfumy Hermes* T&#8217;erre T&#8217;erre \/ 12,00 z\u0142<\/p><\/div>\n<h3>Perfumy Hermes* T&#8217;erre T&#8217;erre<\/h3>\n<p>T&#8217;erre T&#8217;erre jest zapachem du\u017co<strong> mniej s\u0142odkim<\/strong> ni\u017c wcze\u015bniej przedstawione kompozycje. Jego otwarcie to pomara\u0144cza zestawiona z grejpfrutem, co stanowi bardzo wytrawne po\u0142\u0105czenie. Nast\u0119pnie perfumy zachwycaj\u0105 nas nut\u0105 pieprzu i pelargonii. Efektu dope\u0142nia elegancka, interesuj\u0105ca baza z\u0142o\u017cona z paczuli wetywerii, cedru i benzoesu. Te drzewno-przyprawowe perfumy to idealny wyb\u00f3r <strong>na ka\u017cd\u0105 okazj\u0119.<\/strong> R\u00f3wnie dobrze sprawdz\u0105 si\u0119 w pracy, jak i na popo\u0142udniowym spotkaniu z kolegami, wieczornym, eleganckim przyj\u0119ciu czy wydarzeniu sportowym.<\/p>\n","protected":false},"excerpt":{"rendered":"<p>Niekt\u00f3re osoby na pewnym etapie wybieraj\u0105 swoje ulubione perfumy i trzymaj\u0105 si\u0119 ich przez lata, czyni\u0105c z nich sw\u00f3j znak rozpoznawczy, swego rodzaju wizyt\u00f3wk\u0119. Innych wci\u0105\u017c jednak kusi, by co\u015b zmieni\u0107, szuka\u0107 nowego, fascynuj\u0105cego pachnid\u0142a, kt\u00f3re zachwyci niepowtarzalno\u015bci\u0105 kompozycji. Pozwala to unikn\u0105\u0107 monotonii i cieszy\u0107 si\u0119 ca\u0142ym procesem wyboru odpowiedniego zapachu. Nale\u017cycie do tej drugiej [&hellip;]<\/p>\n","protected":false},"author":2,"featured_media":6088,"comment_status":"open","ping_status":"open","sticky":false,"template":"","format":"standard","meta":{"_et_pb_use_builder":"","_et_pb_old_content":"","_et_gb_content_width":"","footnotes":""},"categories":[19],"tags":[],"class_list":["post-6087","post","type-post","status-publish","format-standard","has-post-thumbnail","hentry","category-zachwycaj-zapachem","et-has-post-format-content","et_post_format-et-post-format-standard"],"_links":{"self":[{"href":"https:\/\/neness.pl\/blog\/wp-json\/wp\/v2\/posts\/6087","targetHints":{"allow":["GET"]}}],"collection":[{"href":"https:\/\/neness.pl\/blog\/wp-json\/wp\/v2\/posts"}],"about":[{"href":"https:\/\/neness.pl\/blog\/wp-json\/wp\/v2\/types\/post"}],"author":[{"embeddable":true,"href":"https:\/\/neness.pl\/blog\/wp-json\/wp\/v2\/users\/2"}],"replies":[{"embeddable":true,"href":"https:\/\/neness.pl\/blog\/wp-json\/wp\/v2\/comments?post=6087"}],"version-history":[{"count":0,"href":"https:\/\/neness.pl\/blog\/wp-json\/wp\/v2\/posts\/6087\/revisions"}],"wp:featuredmedia":[{"embeddable":true,"href":"https:\/\/neness.pl\/blog\/wp-json\/wp\/v2\/media\/6088"}],"wp:attachment":[{"href":"https:\/\/neness.pl\/blog\/wp-json\/wp\/v2\/media?parent=6087"}],"wp:term":[{"taxonomy":"category","embeddable":true,"href":"https:\/\/neness.pl\/blog\/wp-json\/wp\/v2\/categories?post=6087"},{"taxonomy":"post_tag","embeddable":true,"href":"https:\/\/neness.pl\/blog\/wp-json\/wp\/v2\/tags?post=6087"}],"curies":[{"name":"wp","href":"https:\/\/api.w.org\/{rel}","templated":true}]}}