{"id":6082,"date":"2019-09-05T12:53:08","date_gmt":"2019-09-05T10:53:08","guid":{"rendered":"http:\/\/ranking-kosmetykow.pl\/?p=6082"},"modified":"2019-09-05T12:53:08","modified_gmt":"2019-09-05T10:53:08","slug":"manicure-dla-krotkich-paznokci","status":"publish","type":"post","link":"https:\/\/neness.pl\/blog\/manicure-dla-krotkich-paznokci\/","title":{"rendered":"Manicure dla kr\u00f3tkich paznokci"},"content":{"rendered":"<p>Pi\u0119kny, zadbany manicure jest niezb\u0119dny, by d\u0142onie dobrze si\u0119 prezentowa\u0142y. Przyj\u0119\u0142o si\u0119, \u017ce najlepiej wygl\u0105daj\u0105 d\u0142ugie, elegancko spi\u0142owane paznokcie, jednak wiele z nas nie chce lub nie mo\u017ce pozwoli\u0107 sobie na ich zapuszczenie. Czasami powoduj\u0105 to <strong>upodobania,<\/strong> czasami <strong>charakter pracy,<\/strong> a bywa, \u017ce jest to po prostu niemo\u017cliwe z uwagi na <strong>mi\u0119kko\u015b\u0107 i \u0142amliwo\u015b\u0107 paznokci.<\/strong> Jednak nawet te kr\u00f3tkie mog\u0105 wygl\u0105da\u0107 niezwykle efektownie. Wystarczy odpowiedni manicure.<!--more--><\/p>\n<h3>Kszta\u0142t dla kr\u00f3tkich paznokci<\/h3>\n<p>Przy d\u0142ugich paznokciach mo\u017cemy pozwoli\u0107 sobie na przer\u00f3\u017cne kszta\u0142ty. W przypadku kr\u00f3tkich najlepiej jednak zdecydowa\u0107 si\u0119 na ten najbardziej typowy, czyli <strong>owal.<\/strong> W ten spos\u00f3b optycznie <strong>wyd\u0142u\u017cymy paznokcie<\/strong> i <strong>wysmuklimy palce<\/strong> oraz ca\u0142e d\u0142onie, dzi\u0119ki czemu efekt b\u0119dzie jeszcze lepszy. Ten kszta\u0142t jest bardzo praktyczny r\u00f3wnie\u017c z innego wzgl\u0119du &#8211; paznokcie spi\u0142owane w taki spos\u00f3b najmniej si\u0119 hacz\u0105 i \u0142ami\u0105, a do tego nie przeszkadzaj\u0105 w pracy. Dlatego, je\u015bli to codzienne obowi\u0105zki zmuszaj\u0105 nas do \u015bcinania paznokci na kr\u00f3tko, owal b\u0119dzie dla nas wprost idealny.<\/p>\n<div id=\"attachment_6084\" style=\"width: 360px\" class=\"wp-caption aligncenter\"><a href=\"https:\/\/neness.eu\/pl\/p\/Hi-Hybrid-Lampa-do-Paznokci-UV-LED-10W\/5597\"><img loading=\"lazy\" decoding=\"async\" aria-describedby=\"caption-attachment-6084\" class=\"wp-image-6084\" src=\"http:\/\/ranking-kosmetykow.pl\/wp-content\/uploads\/2019\/09\/500_500_productGfx_548908ec610473b837e0be778029ae04.jpg\" alt=\"\" width=\"350\" height=\"350\" srcset=\"https:\/\/neness.pl\/blog\/wp-content\/uploads\/2019\/09\/500_500_productGfx_548908ec610473b837e0be778029ae04.jpg 500w, https:\/\/neness.pl\/blog\/wp-content\/uploads\/2019\/09\/500_500_productGfx_548908ec610473b837e0be778029ae04-300x300.jpg 300w, https:\/\/neness.pl\/blog\/wp-content\/uploads\/2019\/09\/500_500_productGfx_548908ec610473b837e0be778029ae04-150x150.jpg 150w, https:\/\/neness.pl\/blog\/wp-content\/uploads\/2019\/09\/500_500_productGfx_548908ec610473b837e0be778029ae04-440x440.jpg 440w\" sizes=\"auto, (max-width: 350px) 100vw, 350px\" \/><\/a><p id=\"caption-attachment-6084\" class=\"wp-caption-text\">Hi Hybrid Lampa do Paznokci UV LED 10W \/ 99,99 z\u0142<\/p><\/div>\n<h3>Jaki kolor wybra\u0107?<\/h3>\n<p>Je\u015bli chodzi o kolor manikiuru, wyb\u00f3r jest du\u017co szerszy. Najlepiej postawi\u0107 jednak na barw\u0119 <strong>stosunkowo jasn\u0105.<\/strong> Doskona\u0142e b\u0119d\u0105 tutaj <strong>pastelowe odcienie r\u00f3\u017cu czy b\u0142\u0119kitu,<\/strong> a tak\u017ce <strong>be\u017cowy, kremowy<\/strong> lub <strong>nude<\/strong>. Wszelkie kolory tego typu wyd\u0142u\u017c\u0105 optycznie p\u0142ytk\u0119 i pi\u0119knie podkre\u015bl\u0105 kszta\u0142t paznokci. Warto za to unika\u0107 barw ciemnych, bo te dzia\u0142aj\u0105 ca\u0142kowicie odwrotnie. Maluj\u0105c paznokcie na czarno, granatowo czy szaro, sprawiamy, \u017ce wydaj\u0105 si\u0119 kr\u00f3tsze, a d\u0142onie pulchniejsze, a tego efektu chcemy za wszelk\u0105 cen\u0119 unikn\u0105\u0107. Je\u015bli jeste\u015bmy zwolenniczkami intensywnych barw, mo\u017cemy zdecydowa\u0107 si\u0119 na <strong>czerwony.<\/strong> Ten kolor doda naszemu wizerunkowi wyrazisto\u015bci, ale nie wp\u0142ynie negatywnie na wygl\u0105d d\u0142oni.<\/p>\n<h3>Zdobienia &#8211; tak czy nie?<\/h3>\n<p>Pozostaje jeszcze kwestia zdobie\u0144 &#8211; czy warto wykonywa\u0107 je na kr\u00f3tkich paznokciach? To zale\u017cy od rodzaju wzoru. Zdecydowanie nale\u017cy unika\u0107 wszelkich du\u017cych, skomplikowanych motyw\u00f3w i du\u017cej ilo\u015bci cekin\u00f3w czy innych przyklejanych do p\u0142ytki ozd\u00f3b. Ich nadmiar sprawi wra\u017cenie chaosu i jeszcze bardziej zwr\u00f3ci uwag\u0119 na niewielk\u0105 d\u0142ugo\u015b\u0107 paznokcia. Dobrze sprawdz\u0105 si\u0119 za to wszelkie<strong> delikatne, ma\u0142e wzorki.<\/strong> Wskazane przy kr\u00f3tkiej p\u0142ytce s\u0105 szczeg\u00f3lnie<strong> linie pionowe,<\/strong> czyli te, kt\u00f3re malujemy wzd\u0142u\u017c paznokcia. Mo\u017cemy te\u017c pozwoli\u0107 sobie na manicure w<strong> malutkie kropki<\/strong> lub <strong>cienk\u0105 kratk\u0119<\/strong> &#8211; to nada paznokciom dziewcz\u0119cego uroku.<\/p>\n<p>&nbsp;<\/p>\n","protected":false},"excerpt":{"rendered":"<p>Pi\u0119kny, zadbany manicure jest niezb\u0119dny, by d\u0142onie dobrze si\u0119 prezentowa\u0142y. Przyj\u0119\u0142o si\u0119, \u017ce najlepiej wygl\u0105daj\u0105 d\u0142ugie, elegancko spi\u0142owane paznokcie, jednak wiele z nas nie chce lub nie mo\u017ce pozwoli\u0107 sobie na ich zapuszczenie. Czasami powoduj\u0105 to upodobania, czasami charakter pracy, a bywa, \u017ce jest to po prostu niemo\u017cliwe z uwagi na mi\u0119kko\u015b\u0107 i \u0142amliwo\u015b\u0107 paznokci. [&hellip;]<\/p>\n","protected":false},"author":2,"featured_media":6083,"comment_status":"open","ping_status":"open","sticky":false,"template":"","format":"standard","meta":{"_et_pb_use_builder":"","_et_pb_old_content":"","_et_gb_content_width":"","footnotes":""},"categories":[185],"tags":[],"class_list":["post-6082","post","type-post","status-publish","format-standard","has-post-thumbnail","hentry","category-codzienna-pielegnacja","et-has-post-format-content","et_post_format-et-post-format-standard"],"_links":{"self":[{"href":"https:\/\/neness.pl\/blog\/wp-json\/wp\/v2\/posts\/6082","targetHints":{"allow":["GET"]}}],"collection":[{"href":"https:\/\/neness.pl\/blog\/wp-json\/wp\/v2\/posts"}],"about":[{"href":"https:\/\/neness.pl\/blog\/wp-json\/wp\/v2\/types\/post"}],"author":[{"embeddable":true,"href":"https:\/\/neness.pl\/blog\/wp-json\/wp\/v2\/users\/2"}],"replies":[{"embeddable":true,"href":"https:\/\/neness.pl\/blog\/wp-json\/wp\/v2\/comments?post=6082"}],"version-history":[{"count":0,"href":"https:\/\/neness.pl\/blog\/wp-json\/wp\/v2\/posts\/6082\/revisions"}],"wp:featuredmedia":[{"embeddable":true,"href":"https:\/\/neness.pl\/blog\/wp-json\/wp\/v2\/media\/6083"}],"wp:attachment":[{"href":"https:\/\/neness.pl\/blog\/wp-json\/wp\/v2\/media?parent=6082"}],"wp:term":[{"taxonomy":"category","embeddable":true,"href":"https:\/\/neness.pl\/blog\/wp-json\/wp\/v2\/categories?post=6082"},{"taxonomy":"post_tag","embeddable":true,"href":"https:\/\/neness.pl\/blog\/wp-json\/wp\/v2\/tags?post=6082"}],"curies":[{"name":"wp","href":"https:\/\/api.w.org\/{rel}","templated":true}]}}