{"id":6051,"date":"2019-08-28T15:15:25","date_gmt":"2019-08-28T13:15:25","guid":{"rendered":"http:\/\/ranking-kosmetykow.pl\/?p=6051"},"modified":"2019-08-28T15:15:25","modified_gmt":"2019-08-28T13:15:25","slug":"rozjasnianie-wlosow-metody","status":"publish","type":"post","link":"https:\/\/neness.pl\/blog\/rozjasnianie-wlosow-metody\/","title":{"rendered":"Rozja\u015bnianie w\u0142os\u00f3w &#8211; metody"},"content":{"rendered":"<p>Wi\u0119kszo\u015b\u0107 z nas lubi co jaki\u015b czas zmieni\u0107 co\u015b w swoim wizerunku &#8211; styl ubierania, rodzaj makija\u017cu czy w\u0142a\u015bnie na przyk\u0142ad<strong> kolor w\u0142os\u00f3w.<\/strong> Je\u015bli chcemy uzyska\u0107 ciemny odcie\u0144, sprawa jest prostsza &#8211; wystarczy na\u0142o\u017cy\u0107 odpowiedni kolor farby. Wi\u0119cej stara\u0144 wymaga zmienienie koloru na ja\u015bniejszy. Jakie mamy wtedy mo\u017cliwo\u015bci?<!--more--><\/p>\n<p><strong>Domowe sposoby na rozja\u015bnianie w\u0142os\u00f3w<\/strong><\/p>\n<p>Pierwszym i najprostszym sposobem uzyskania ja\u015bniejszego odcienia w\u0142os\u00f3w jest zastosowanie sk\u0142adnik\u00f3w obecnych w wi\u0119kszo\u015bci dom\u00f3w. Ta metoda sprawdza si\u0119, je\u015bli nie zale\u017cy nam na drastycznej zmianie koloru, a jedynie rozja\u015bnieniu fryzury o <strong>jeden czy dwa tony.<\/strong> W tym celu mo\u017cemy u\u017cy\u0107 kilku produkt\u00f3w. Skuteczna w tym zakresie b\u0119dzie na przyk\u0142ad <strong>woda utleniona.<\/strong> Mieszamy j\u0105 z wod\u0105 w proporcjach 1:1 i spryskujemy w\u0142osy na 30 minut. Nast\u0119pnie sp\u0142ukujemy wod\u0119 utlenion\u0105 i myjemy g\u0142ow\u0119. Warto jednak pami\u0119ta\u0107, \u017ce woda utleniona <strong>wysusza w\u0142osy<\/strong> i przy d\u0142ugotrwa\u0142ym stosowaniu mo\u017ce sprawi\u0107, \u017ce stan\u0105 si\u0119 zniszczone i \u0142amliwe.<\/p>\n<div id=\"attachment_6053\" style=\"width: 110px\" class=\"wp-caption aligncenter\"><a href=\"https:\/\/neness.eu\/pl\/p\/Natura-Siberica-Fresh-Spa-Szampon-do-Wlosow-Zniszczonych-Zloty-Rokitnik\/5252\"><img loading=\"lazy\" decoding=\"async\" aria-describedby=\"caption-attachment-6053\" class=\"wp-image-6053\" src=\"http:\/\/ranking-kosmetykow.pl\/wp-content\/uploads\/2019\/08\/500_500_productGfx_562b3cd3f91f937162c04e6d32ce67ac.jpg\" alt=\"\" width=\"100\" height=\"333\" srcset=\"https:\/\/neness.pl\/blog\/wp-content\/uploads\/2019\/08\/500_500_productGfx_562b3cd3f91f937162c04e6d32ce67ac.jpg 150w, https:\/\/neness.pl\/blog\/wp-content\/uploads\/2019\/08\/500_500_productGfx_562b3cd3f91f937162c04e6d32ce67ac-90x300.jpg 90w\" sizes=\"auto, (max-width: 100px) 100vw, 100px\" \/><\/a><p id=\"caption-attachment-6053\" class=\"wp-caption-text\">Natura Siberica Fresh Spa Szampon do W\u0142os\u00f3w Zniszczonych Z\u0142oty Rokitnik \/ 29,90 z\u0142<\/p><\/div>\n<p>Inn\u0105, mniej inwazyjn\u0105, opcj\u0105 s\u0105 <strong>p\u0142ukanki z rumianku.<\/strong> W tym przypadku zalewamy wod\u0105 3-4 torebki tego suszu i pozostawiamy do ostygni\u0119cia. P\u00f3\u017aniej mo\u017cemy jeszcze bardziej rozrzedzi\u0107 mikstur\u0119 wod\u0105 i zastosowa\u0107 po myciu w\u0142os\u00f3w,<strong> przy ostatnim p\u0142ukaniu.<\/strong> Z wod\u0105 do p\u0142ukania mo\u017cna tak\u017ce miesza\u0107<strong> cytryn\u0119,<\/strong> kt\u00f3ra r\u00f3wnie\u017c wykazuje dzia\u0142anie rozja\u015bniaj\u0105ce. Jeszcze lepsze efekty uzyskamy przy stosowaniu tych metod, je\u015bli regularnie b\u0119dziemy wystawia\u0107 w\u0142osy na \u015bwiat\u0142o s\u0142oneczne.<\/p>\n<p>Oczywi\u015bcie domowe metody maj\u0105 swoje ograniczenia. Jak ju\u017c wspomnieli\u015bmy, w ten spos\u00f3b mo\u017cemy uzyska\u0107 jedynie niewielk\u0105 zmian\u0119 koloru. Warto tak\u017ce doda\u0107, \u017ce jest ona mo\u017cliwa tylko przy<strong> okre\u015blonych naturalnych barwach w\u0142os\u00f3w.<\/strong> Za pomoc\u0105 domowych sk\u0142adnik\u00f3w pi\u0119knie rozja\u015bnimy w\u0142osy blond czy jasnobr\u0105zowe, ale ciemnobr\u0105zowe lub czarne ju\u017c niekoniecznie.<\/p>\n<div id=\"attachment_6054\" style=\"width: 210px\" class=\"wp-caption aligncenter\"><a href=\"https:\/\/neness.eu\/pl\/p\/Receptury-Babci-Gertrudy-OMA-Odzywka-do-Wlosow-Chroniaca-Kolor-500ml\/5490\"><img loading=\"lazy\" decoding=\"async\" aria-describedby=\"caption-attachment-6054\" class=\"wp-image-6054\" src=\"http:\/\/ranking-kosmetykow.pl\/wp-content\/uploads\/2019\/08\/71f8839bf86003f720c370afc5817335.jpg.png\" alt=\"\" width=\"200\" height=\"328\" srcset=\"https:\/\/neness.pl\/blog\/wp-content\/uploads\/2019\/08\/71f8839bf86003f720c370afc5817335.jpg.png 293w, https:\/\/neness.pl\/blog\/wp-content\/uploads\/2019\/08\/71f8839bf86003f720c370afc5817335.jpg-183x300.png 183w\" sizes=\"auto, (max-width: 200px) 100vw, 200px\" \/><\/a><p id=\"caption-attachment-6054\" class=\"wp-caption-text\">Receptury Babci Gertrudy OMA Od\u017cywka do W\u0142os\u00f3w Chroni\u0105ca Kolor 500ml \/ 14,80 z\u0142<\/p><\/div>\n<h3>Preparaty do rozja\u015bniania w\u0142os\u00f3w<\/h3>\n<p>Mo\u017cemy tak\u017ce zastosowa\u0107 specjalne preparaty, kt\u00f3re pozbawiaj\u0105 w\u0142osy naturalnego pigmentu. Tego typu kosmetyki dost\u0119pne s\u0105 do u\u017cytku domowego, ale stosowane s\u0105 te\u017c w specjalistycznych salonach. Nale\u017cy u\u017cywa\u0107 ich z du\u017c\u0105 ostro\u017cno\u015bci\u0105, gdy\u017c <strong>szybko mog\u0105 zniszczy\u0107 w\u0142osy.<\/strong> Je\u015bli u\u017cywamy produkt\u00f3w w domu, najlepiej r\u00f3wnie\u017c poprzesta\u0107 na zmianie koloru tylko <strong>o 2-3 tony.<\/strong> Wi\u0119ksza zmiana mo\u017ce spowodowa\u0107 zbyt du\u017ce zniszczenia w strukturze w\u0142os\u00f3w. W salonach fryzjerskich zwykle znajduj\u0105 si\u0119 produkty <strong>lepszej jako\u015bci,<\/strong> z wi\u0119ksz\u0105 ilo\u015bci\u0105 sk\u0142adnik\u00f3w od\u017cywiaj\u0105cych i nawil\u017caj\u0105cych. Przy ich zastosowaniu w\u0142osy mniej si\u0119 niszcz\u0105 i mog\u0105 zosta\u0107 rozja\u015bnione podczas jednej wizyty <strong>nawet o 8 ton\u00f3w.<\/strong> Je\u015bli jednak chcemy tak mocno zmieni\u0107 kolor, lepiej zdecydowa\u0107 si\u0119 na kilka zabieg\u00f3w roz\u0142o\u017conych w czasie, by nie obci\u0105\u017ca\u0107 w\u0142os\u00f3w nadmiernie.<\/p>\n","protected":false},"excerpt":{"rendered":"<p>Wi\u0119kszo\u015b\u0107 z nas lubi co jaki\u015b czas zmieni\u0107 co\u015b w swoim wizerunku &#8211; styl ubierania, rodzaj makija\u017cu czy w\u0142a\u015bnie na przyk\u0142ad kolor w\u0142os\u00f3w. Je\u015bli chcemy uzyska\u0107 ciemny odcie\u0144, sprawa jest prostsza &#8211; wystarczy na\u0142o\u017cy\u0107 odpowiedni kolor farby. Wi\u0119cej stara\u0144 wymaga zmienienie koloru na ja\u015bniejszy. Jakie mamy wtedy mo\u017cliwo\u015bci?<\/p>\n","protected":false},"author":2,"featured_media":6052,"comment_status":"open","ping_status":"open","sticky":false,"template":"","format":"standard","meta":{"_et_pb_use_builder":"","_et_pb_old_content":"","_et_gb_content_width":"","footnotes":""},"categories":[48],"tags":[],"class_list":["post-6051","post","type-post","status-publish","format-standard","has-post-thumbnail","hentry","category-wlosy-idealne","et-has-post-format-content","et_post_format-et-post-format-standard"],"_links":{"self":[{"href":"https:\/\/neness.pl\/blog\/wp-json\/wp\/v2\/posts\/6051","targetHints":{"allow":["GET"]}}],"collection":[{"href":"https:\/\/neness.pl\/blog\/wp-json\/wp\/v2\/posts"}],"about":[{"href":"https:\/\/neness.pl\/blog\/wp-json\/wp\/v2\/types\/post"}],"author":[{"embeddable":true,"href":"https:\/\/neness.pl\/blog\/wp-json\/wp\/v2\/users\/2"}],"replies":[{"embeddable":true,"href":"https:\/\/neness.pl\/blog\/wp-json\/wp\/v2\/comments?post=6051"}],"version-history":[{"count":0,"href":"https:\/\/neness.pl\/blog\/wp-json\/wp\/v2\/posts\/6051\/revisions"}],"wp:featuredmedia":[{"embeddable":true,"href":"https:\/\/neness.pl\/blog\/wp-json\/wp\/v2\/media\/6052"}],"wp:attachment":[{"href":"https:\/\/neness.pl\/blog\/wp-json\/wp\/v2\/media?parent=6051"}],"wp:term":[{"taxonomy":"category","embeddable":true,"href":"https:\/\/neness.pl\/blog\/wp-json\/wp\/v2\/categories?post=6051"},{"taxonomy":"post_tag","embeddable":true,"href":"https:\/\/neness.pl\/blog\/wp-json\/wp\/v2\/tags?post=6051"}],"curies":[{"name":"wp","href":"https:\/\/api.w.org\/{rel}","templated":true}]}}