{"id":6027,"date":"2019-08-21T12:08:19","date_gmt":"2019-08-21T10:08:19","guid":{"rendered":"http:\/\/ranking-kosmetykow.pl\/?p=6027"},"modified":"2019-08-21T12:08:19","modified_gmt":"2019-08-21T10:08:19","slug":"jak-stosowac-maski-do-wlosow-przydatne-wskazowki","status":"publish","type":"post","link":"https:\/\/neness.pl\/blog\/jak-stosowac-maski-do-wlosow-przydatne-wskazowki\/","title":{"rendered":"Jak stosowa\u0107 maski do w\u0142os\u00f3w? &#8211; przydatne wskaz\u00f3wki"},"content":{"rendered":"<p>Maski do w\u0142os\u00f3w to produkty niezwykle warto\u015bciowe w piel\u0119gnacji &#8211; s\u0105 w stanie nie tylko dora\u017anie poprawi\u0107 wygl\u0105d fryzury, ale te\u017c trwale<strong> od\u017cywia\u0107 i regenerowa\u0107<\/strong> kosmyki. W wielu przypadkach jednak stosujemy je tak samo, jak od\u017cywki, przez co nie osi\u0105gamy zamierzonego przez producent\u00f3w celu. Maski i od\u017cywki to dwa r\u00f3\u017cne kosmetyki, dlatego powinni\u015bmy u\u017cywa\u0107 ich w zupe\u0142nie inny spos\u00f3b.<!--more--><\/p>\n<h3>Na umyte czy nieumyte w\u0142osy?<\/h3>\n<p>Kr\u0105\u017cy wiele opinii, \u017ce mask\u0119 powinni\u015bmy nak\u0142ada\u0107 przed myciem, potem za\u015b sp\u0142uka\u0107 kosmetyk i oczy\u015bci\u0107 w\u0142osy szamponem. Oczywi\u015bcie mo\u017cemy u\u017cywa\u0107 maski w ten spos\u00f3b, jednak wtedy jej <strong>dzia\u0142anie zostanie os\u0142abione.<\/strong> Je\u015bli decydujemy si\u0119 na t\u0119 opcj\u0119, warto my\u0107 tylko sk\u00f3r\u0119 g\u0142owy i w\u0142osy u samej nasady, z ko\u0144c\u00f3w za\u015b jedynie sp\u0142uka\u0107 mask\u0119. Najlepiej jednak, zw\u0142aszcza je\u015bli nosimy kr\u00f3tk\u0105 fryzur\u0119, zdecydowa\u0107 si\u0119 na na\u0142o\u017cenie tego produktu ju\u017c po myciu, <strong>na wilgotne w\u0142osy.<\/strong> Wa\u017cne jednak, by by\u0142y one lekko osuszone r\u0119cznikiem &#8211; wtedy woda nie rozrzedza maski i nie powoduje jej sp\u0142ywania.<\/p>\n<div id=\"attachment_6029\" style=\"width: 360px\" class=\"wp-caption aligncenter\"><a href=\"https:\/\/neness.eu\/natura-siberica-frozen-berries-witaminowa-maska-do-wlosow-przetluszczajacych-sie-200ml\"><img loading=\"lazy\" decoding=\"async\" aria-describedby=\"caption-attachment-6029\" class=\"wp-image-6029\" src=\"http:\/\/ranking-kosmetykow.pl\/wp-content\/uploads\/2019\/08\/c6791272bdbe5f197261093cadba1734.jpg\" alt=\"\" width=\"350\" height=\"467\" srcset=\"https:\/\/neness.pl\/blog\/wp-content\/uploads\/2019\/08\/c6791272bdbe5f197261093cadba1734.jpg 750w, https:\/\/neness.pl\/blog\/wp-content\/uploads\/2019\/08\/c6791272bdbe5f197261093cadba1734-225x300.jpg 225w, https:\/\/neness.pl\/blog\/wp-content\/uploads\/2019\/08\/c6791272bdbe5f197261093cadba1734-610x813.jpg 610w\" sizes=\"auto, (max-width: 350px) 100vw, 350px\" \/><\/a><p id=\"caption-attachment-6029\" class=\"wp-caption-text\">Natura Siberica Frozen Berries Witaminowa Maska do W\u0142os\u00f3w Przet\u0142uszczaj\u0105cych si\u0119 200ml \/ 27,90 z\u0142<\/p><\/div>\n<h3>Jak nak\u0142adamy mask\u0119?<\/h3>\n<p>Mask\u0119 najlepiej na\u0142o\u017cy\u0107 na w\u0142osy mniej wi\u0119cej<strong> od po\u0142owy ich d\u0142ugo\u015bci,<\/strong> nie od samej nasady, gdy\u017c wtedy stan\u0105 si\u0119 one oklapni\u0119te i b\u0119d\u0105 wygl\u0105da\u0107 nie\u015bwie\u017co. Warto skupi\u0107 si\u0119 g\u0142\u00f3wnie na ko\u0144c\u00f3wkach, bo te s\u0105 najbardziej nara\u017cone na uszkodzenia. Po na\u0142o\u017ceniu preparatu najlepiej <strong>rozczesa\u0107 w\u0142osy<\/strong>, by u\u0142atwi\u0107 kosmetykowi wnikanie g\u0142\u0119boko w ich struktur\u0119. Nale\u017cy to jednak robi\u0107 wyj\u0105tkowo ostro\u017cnie, gdy\u017c mokre w\u0142osy s\u0105 bardziej podatne na niszczenie si\u0119 i \u0142amanie.<\/p>\n<p>Dla jeszcze lepszego efektu mo\u017cemy <strong>zawin\u0105\u0107 w\u0142osy w r\u0119cznik lub przykry\u0107 foliowym czepkiem,<\/strong> a nast\u0119pnie podnie\u015b\u0107 temperatur\u0119 wewn\u0105trz niego za pomoc\u0105 ciep\u0142ego strumienia powietrza z suszarki. Dzi\u0119ki temu rozchylaj\u0105 si\u0119 \u0142uski w\u0142osa i cenne substancje s\u0105 lepiej wch\u0142aniane.<\/p>\n<div id=\"attachment_6030\" style=\"width: 360px\" class=\"wp-caption aligncenter\"><a href=\"https:\/\/neness.eu\/natura-sibericamaska-regeneracyjna-do-wlosow-normalnych-i-zniszczonych-z-ekstraktem-blawatka-i-maliny-moroszki-200ml\"><img loading=\"lazy\" decoding=\"async\" aria-describedby=\"caption-attachment-6030\" class=\"wp-image-6030\" src=\"http:\/\/ranking-kosmetykow.pl\/wp-content\/uploads\/2019\/08\/556a111b8edf8313607c7f99781cbd73.jpg\" alt=\"\" width=\"350\" height=\"467\" srcset=\"https:\/\/neness.pl\/blog\/wp-content\/uploads\/2019\/08\/556a111b8edf8313607c7f99781cbd73.jpg 750w, https:\/\/neness.pl\/blog\/wp-content\/uploads\/2019\/08\/556a111b8edf8313607c7f99781cbd73-225x300.jpg 225w, https:\/\/neness.pl\/blog\/wp-content\/uploads\/2019\/08\/556a111b8edf8313607c7f99781cbd73-610x813.jpg 610w\" sizes=\"auto, (max-width: 350px) 100vw, 350px\" \/><\/a><p id=\"caption-attachment-6030\" class=\"wp-caption-text\">Natura SibericaMaska Regeneracyjna do W\u0142os\u00f3w Normalnych i Zniszczonych z Ekstraktem B\u0142awatka i Maliny Moroszki 200ml \/ 22,90 z\u0142<\/p><\/div>\n<h3>Kiedy zmy\u0107 mask\u0119?<\/h3>\n<p>Jak ju\u017c wspominali\u015bmy, maska nie jest tym samym typem kosmetyku co od\u017cywka, dlatego nie wystarczy na\u0142o\u017cy\u0107 j\u0105 na 3 minuty, by osi\u0105gn\u0105\u0107 upragniony efekt. Substancje nie zd\u0105\u017c\u0105 wnikn\u0105\u0107 w g\u0142\u0105b w\u0142os\u00f3w, a tym samym nie poprawiaj\u0105 ich kondycji. Optymalny czas trzymania maski to <strong>15-30 minut,<\/strong> w zale\u017cno\u015bci od typu produktu. Nie warto pozostawia\u0107 kosmetyku na d\u0142u\u017cej. Co prawda w\u0142osy mog\u0105 wydawa\u0107 nam si\u0119 potem zachwycaj\u0105co mi\u0119kkie, ale to jeszcze bardziej nara\u017ca je na niszczenie.<\/p>\n<h3>Jak cz\u0119sto stosowa\u0107 maski?<\/h3>\n<p>Na to pytanie nie ma jednoznacznej odpowiedzi. Wszystko zale\u017cy od <strong>typu w\u0142os\u00f3w,<\/strong> a ustalenie optymalnej cz\u0119stotliwo\u015bci jest mo\u017cliwe tylko dzi\u0119ki obserwacji efekt\u00f3w. Je\u015bli jednak w\u0142osy s\u0105 suche i bardzo \u0142amliwe, najcz\u0119\u015bciej nak\u0142adamy mask\u0119 co drugi dzie\u0144. W przypadku w\u0142os\u00f3w normalnych czy przet\u0142uszczaj\u0105cych si\u0119 stosujemy j\u0105 zazwyczaj 2 razy w tygodniu, a je\u015bli ko\u0144c\u00f3wki s\u0105 zdrowe i \u0142adne &#8211; jedynie raz na tydzie\u0144.<\/p>\n","protected":false},"excerpt":{"rendered":"<p>Maski do w\u0142os\u00f3w to produkty niezwykle warto\u015bciowe w piel\u0119gnacji &#8211; s\u0105 w stanie nie tylko dora\u017anie poprawi\u0107 wygl\u0105d fryzury, ale te\u017c trwale od\u017cywia\u0107 i regenerowa\u0107 kosmyki. W wielu przypadkach jednak stosujemy je tak samo, jak od\u017cywki, przez co nie osi\u0105gamy zamierzonego przez producent\u00f3w celu. Maski i od\u017cywki to dwa r\u00f3\u017cne kosmetyki, dlatego powinni\u015bmy u\u017cywa\u0107 ich [&hellip;]<\/p>\n","protected":false},"author":2,"featured_media":6028,"comment_status":"open","ping_status":"open","sticky":false,"template":"","format":"standard","meta":{"_et_pb_use_builder":"","_et_pb_old_content":"","_et_gb_content_width":"","footnotes":""},"categories":[48],"tags":[],"class_list":["post-6027","post","type-post","status-publish","format-standard","has-post-thumbnail","hentry","category-wlosy-idealne","et-has-post-format-content","et_post_format-et-post-format-standard"],"_links":{"self":[{"href":"https:\/\/neness.pl\/blog\/wp-json\/wp\/v2\/posts\/6027","targetHints":{"allow":["GET"]}}],"collection":[{"href":"https:\/\/neness.pl\/blog\/wp-json\/wp\/v2\/posts"}],"about":[{"href":"https:\/\/neness.pl\/blog\/wp-json\/wp\/v2\/types\/post"}],"author":[{"embeddable":true,"href":"https:\/\/neness.pl\/blog\/wp-json\/wp\/v2\/users\/2"}],"replies":[{"embeddable":true,"href":"https:\/\/neness.pl\/blog\/wp-json\/wp\/v2\/comments?post=6027"}],"version-history":[{"count":0,"href":"https:\/\/neness.pl\/blog\/wp-json\/wp\/v2\/posts\/6027\/revisions"}],"wp:featuredmedia":[{"embeddable":true,"href":"https:\/\/neness.pl\/blog\/wp-json\/wp\/v2\/media\/6028"}],"wp:attachment":[{"href":"https:\/\/neness.pl\/blog\/wp-json\/wp\/v2\/media?parent=6027"}],"wp:term":[{"taxonomy":"category","embeddable":true,"href":"https:\/\/neness.pl\/blog\/wp-json\/wp\/v2\/categories?post=6027"},{"taxonomy":"post_tag","embeddable":true,"href":"https:\/\/neness.pl\/blog\/wp-json\/wp\/v2\/tags?post=6027"}],"curies":[{"name":"wp","href":"https:\/\/api.w.org\/{rel}","templated":true}]}}