{"id":6022,"date":"2019-08-19T12:11:38","date_gmt":"2019-08-19T10:11:38","guid":{"rendered":"http:\/\/ranking-kosmetykow.pl\/?p=6022"},"modified":"2019-08-19T12:11:38","modified_gmt":"2019-08-19T10:11:38","slug":"sztuczne-rzesy-czy-naturalne","status":"publish","type":"post","link":"https:\/\/neness.pl\/blog\/sztuczne-rzesy-czy-naturalne\/","title":{"rendered":"Sztuczne rz\u0119sy czy naturalne?"},"content":{"rendered":"<p>Pi\u0119kne firanki z rz\u0119s potrafi\u0105 doda\u0107 nam wiele uroku i stanowi\u0105 <strong>spektakularn\u0105 opraw\u0119 oka.<\/strong> W pogoni za nimi stosujemy r\u00f3\u017cne metody &#8211; przyklejamy sztuczne rz\u0119sy na pasku, przed\u0142u\u017camy i zag\u0119szczamy nasze naturalne w\u0142oski u kosmetyczki czy u\u017cywamy mascary. Kt\u00f3ra z tych metod jest najlepsza? Czy postawi\u0107 na sztuczne rz\u0119sy, czy jednak wybra\u0107 naturalny look? Oto najwa\u017cniejsze wady i zalety obu tych opcji.<!--more--><\/p>\n<h3>Przed\u0142u\u017canie rz\u0119s u kosmetyczki<\/h3>\n<p>Bardzo popularn\u0105 metod\u0105 uzyskiwania pi\u0119knych, podkr\u0119conych rz\u0119s jest ostatnio ich <strong>przed\u0142u\u017canie w salonie.<\/strong> Tam kosmetyczka dokleja nam k\u0119pki w\u0142osk\u00f3w, kt\u00f3re sprawiaj\u0105, \u017ce rz\u0119sy s\u0105 d\u0142ugie i g\u0119ste przez kilka tygodni. Du\u017c\u0105 zalet\u0105 tej opcji jest to, \u017ce doskona\u0142y efekt uzyskujemy ju\u017c po kilku godzinach i mo\u017cemy cieszy\u0107 si\u0119 nim o ka\u017cdej porze dnia i nocy &#8211; bez konieczno\u015bci wykonywania makija\u017cu. To idealna metoda dla pa\u0144, kt\u00f3re <strong>nie maj\u0105 czasu na codzienne robienie make-upu<\/strong> oraz dla tych, kt\u00f3re <strong>nie potrafi\u0105 za pomoc\u0105 tuszu uzyska\u0107 zadowalaj\u0105cego je efektu.<\/strong><\/p>\n<div id=\"attachment_6024\" style=\"width: 360px\" class=\"wp-caption aligncenter\"><a href=\"https:\/\/neness.eu\/pl\/p\/W7-Wodoodporny-Klej-Do-Rzes-Adhesive-Black\/5970\"><img loading=\"lazy\" decoding=\"async\" aria-describedby=\"caption-attachment-6024\" class=\"wp-image-6024\" src=\"http:\/\/ranking-kosmetykow.pl\/wp-content\/uploads\/2019\/08\/W7_LASH_ADHESIVE_PACK_BLACK-1024x768.jpg\" alt=\"\" width=\"350\" height=\"263\" srcset=\"https:\/\/neness.pl\/blog\/wp-content\/uploads\/2019\/08\/W7_LASH_ADHESIVE_PACK_BLACK-1024x768.jpg 1024w, https:\/\/neness.pl\/blog\/wp-content\/uploads\/2019\/08\/W7_LASH_ADHESIVE_PACK_BLACK-300x225.jpg 300w, https:\/\/neness.pl\/blog\/wp-content\/uploads\/2019\/08\/W7_LASH_ADHESIVE_PACK_BLACK-768x576.jpg 768w, https:\/\/neness.pl\/blog\/wp-content\/uploads\/2019\/08\/W7_LASH_ADHESIVE_PACK_BLACK-1536x1152.jpg 1536w, https:\/\/neness.pl\/blog\/wp-content\/uploads\/2019\/08\/W7_LASH_ADHESIVE_PACK_BLACK-510x382.jpg 510w, https:\/\/neness.pl\/blog\/wp-content\/uploads\/2019\/08\/W7_LASH_ADHESIVE_PACK_BLACK-1080x810.jpg 1080w, https:\/\/neness.pl\/blog\/wp-content\/uploads\/2019\/08\/W7_LASH_ADHESIVE_PACK_BLACK-610x458.jpg 610w, https:\/\/neness.pl\/blog\/wp-content\/uploads\/2019\/08\/W7_LASH_ADHESIVE_PACK_BLACK.jpg 2048w\" sizes=\"auto, (max-width: 350px) 100vw, 350px\" \/><\/a><p id=\"caption-attachment-6024\" class=\"wp-caption-text\">W7 Wodoodporny Klej Do Rz\u0119s Adhesive Black \/ 13,25 z\u0142<\/p><\/div>\n<p>Trzeba jednak liczy\u0107 si\u0119 z tym, \u017ce decyduj\u0105c si\u0119 na przed\u0142u\u017canie, musimy znale\u017a\u0107 <strong>kosmetyczk\u0119 z do\u015bwiadczeniem,<\/strong> kt\u00f3ra cieszy si\u0119 dobr\u0105 opini\u0105 klientek. Nieprawid\u0142owo wykonane przed\u0142u\u017canie mo\u017ce bowiem da\u0107 bardzo nienaturalny efekt lub zniszczy\u0107 nasze rz\u0119sy, kt\u00f3re zaczn\u0105 \u0142ama\u0107 si\u0119 pod ci\u0119\u017carem sztucznych w\u0142osk\u00f3w albo na skutek kontaktu z klejem s\u0142abej jako\u015bci. Ilo\u015b\u0107 k\u0119pek, kt\u00f3re przyklejamy przy przed\u0142u\u017caniu, powinna by\u0107 dobierana indywidualnie, a \u017cadna z nich<strong> nie mo\u017ce by\u0107 przyklejana do rz\u0119s w pierwszej fazie wzrostu,<\/strong> bo te s\u0105 zbyt s\u0142abe, by je utrzyma\u0107.<\/p>\n<h3>Rz\u0119sy na pasku &#8211; tak czy nie?<\/h3>\n<p>Rz\u0119sy na pasku rzadziej s\u0105 dzi\u015b u\u017cywane na co dzie\u0144. Z regu\u0142y stosujemy je <strong>na specjalne okazje,<\/strong> gdy wyj\u0105tkowo zale\u017cy nam na efektownej oprawie oka lub gdy mamy ochot\u0119 poszale\u0107 z makija\u017cem, bo tego typu produkty dost\u0119pne s\u0105 r\u00f3wnie\u017c <strong>w ciekawych kolorach i wzorach.<\/strong> I tak w\u0142a\u015bnie powinno pozosta\u0107, zw\u0142aszcza je\u015bli wybieramy ci\u0119\u017ckie modele. Okazyjne przyklejanie rz\u0119s na pasku nie ma negatywnego wp\u0142ywu na naturalne, jednak cz\u0119sty kontakt z klejem czy konieczno\u015b\u0107 regularnego utrzymywania du\u017cego ci\u0119\u017caru sztucznych rz\u0119s niszczy delikatne w\u0142oski i powoduje ich wypadanie.<\/p>\n<div id=\"attachment_6025\" style=\"width: 365px\" class=\"wp-caption aligncenter\"><a href=\"https:\/\/neness.eu\/pl\/p\/W7-Wydluzajacy-Tusz-do-Rzes-Lengthening-Mascara\/5973\"><img loading=\"lazy\" decoding=\"async\" aria-describedby=\"caption-attachment-6025\" class=\"size-full wp-image-6025\" src=\"http:\/\/ranking-kosmetykow.pl\/wp-content\/uploads\/2019\/08\/31-hdgEteZL._SY355_.jpg\" alt=\"\" width=\"355\" height=\"355\" srcset=\"https:\/\/neness.pl\/blog\/wp-content\/uploads\/2019\/08\/31-hdgEteZL._SY355_.jpg 355w, https:\/\/neness.pl\/blog\/wp-content\/uploads\/2019\/08\/31-hdgEteZL._SY355_-300x300.jpg 300w, https:\/\/neness.pl\/blog\/wp-content\/uploads\/2019\/08\/31-hdgEteZL._SY355_-150x150.jpg 150w\" sizes=\"auto, (max-width: 355px) 100vw, 355px\" \/><\/a><p id=\"caption-attachment-6025\" class=\"wp-caption-text\">W7 Wyd\u0142u\u017caj\u0105cy Tusz do Rz\u0119s Lengthening Mascara \/ 9,90 z\u0142<\/p><\/div>\n<h3>A mo\u017ce naturalne?<\/h3>\n<p>Je\u015bli nie odpowiadaj\u0105 nam sztuczne rz\u0119sy, mo\u017cemy postara\u0107 si\u0119, by nasze naturalne zyska\u0142y na obj\u0119to\u015bci i d\u0142ugo\u015bci. Oczywi\u015bcie podstaw\u0105 jest tutaj<strong> dobrej jako\u015bci tusz do rz\u0119s,<\/strong> kt\u00f3ry nie tylko optycznie poprawia wygl\u0105d rz\u0119s, ale te\u017c delikatnie je piel\u0119gnuje &#8211; na przyk\u0142ad dzi\u0119ki dodatkowi <strong>olejk\u00f3w od\u017cywczych.<\/strong> Najlepiej jednak nie poprzestawa\u0107 jedynie na dzia\u0142aniu dora\u017anym. Na rynku mn\u00f3stwo jest dzi\u015b doskona\u0142ych <strong>od\u017cywek stymuluj\u0105cych wzrost rz\u0119s i ograniczaj\u0105cych ich wypadanie.<\/strong> Minusem tej opcji jest to, \u017ce aby zobaczy\u0107 efekty, musimy nieco poczeka\u0107 &#8211; widoczne s\u0105 one z regu\u0142y po 2-3 tygodniach. W tym wypadku jednak nie musimy ba\u0107 si\u0119 os\u0142abienia rz\u0119s czy ich \u0142amania &#8211; to nasze naturalne w\u0142oski staj\u0105 si\u0119 coraz pi\u0119kniejsze.<\/p>\n","protected":false},"excerpt":{"rendered":"<p>Pi\u0119kne firanki z rz\u0119s potrafi\u0105 doda\u0107 nam wiele uroku i stanowi\u0105 spektakularn\u0105 opraw\u0119 oka. W pogoni za nimi stosujemy r\u00f3\u017cne metody &#8211; przyklejamy sztuczne rz\u0119sy na pasku, przed\u0142u\u017camy i zag\u0119szczamy nasze naturalne w\u0142oski u kosmetyczki czy u\u017cywamy mascary. Kt\u00f3ra z tych metod jest najlepsza? Czy postawi\u0107 na sztuczne rz\u0119sy, czy jednak wybra\u0107 naturalny look? Oto [&hellip;]<\/p>\n","protected":false},"author":2,"featured_media":6023,"comment_status":"open","ping_status":"open","sticky":false,"template":"","format":"standard","meta":{"_et_pb_use_builder":"","_et_pb_old_content":"","_et_gb_content_width":"","footnotes":""},"categories":[185],"tags":[],"class_list":["post-6022","post","type-post","status-publish","format-standard","has-post-thumbnail","hentry","category-codzienna-pielegnacja","et-has-post-format-content","et_post_format-et-post-format-standard"],"_links":{"self":[{"href":"https:\/\/neness.pl\/blog\/wp-json\/wp\/v2\/posts\/6022","targetHints":{"allow":["GET"]}}],"collection":[{"href":"https:\/\/neness.pl\/blog\/wp-json\/wp\/v2\/posts"}],"about":[{"href":"https:\/\/neness.pl\/blog\/wp-json\/wp\/v2\/types\/post"}],"author":[{"embeddable":true,"href":"https:\/\/neness.pl\/blog\/wp-json\/wp\/v2\/users\/2"}],"replies":[{"embeddable":true,"href":"https:\/\/neness.pl\/blog\/wp-json\/wp\/v2\/comments?post=6022"}],"version-history":[{"count":0,"href":"https:\/\/neness.pl\/blog\/wp-json\/wp\/v2\/posts\/6022\/revisions"}],"wp:featuredmedia":[{"embeddable":true,"href":"https:\/\/neness.pl\/blog\/wp-json\/wp\/v2\/media\/6023"}],"wp:attachment":[{"href":"https:\/\/neness.pl\/blog\/wp-json\/wp\/v2\/media?parent=6022"}],"wp:term":[{"taxonomy":"category","embeddable":true,"href":"https:\/\/neness.pl\/blog\/wp-json\/wp\/v2\/categories?post=6022"},{"taxonomy":"post_tag","embeddable":true,"href":"https:\/\/neness.pl\/blog\/wp-json\/wp\/v2\/tags?post=6022"}],"curies":[{"name":"wp","href":"https:\/\/api.w.org\/{rel}","templated":true}]}}