{"id":6017,"date":"2019-08-14T14:31:20","date_gmt":"2019-08-14T12:31:20","guid":{"rendered":"http:\/\/ranking-kosmetykow.pl\/?p=6017"},"modified":"2019-08-14T14:31:20","modified_gmt":"2019-08-14T12:31:20","slug":"korektor-pod-oczy-podstawowe-zasady-nakladania","status":"publish","type":"post","link":"https:\/\/neness.pl\/blog\/korektor-pod-oczy-podstawowe-zasady-nakladania\/","title":{"rendered":"Korektor pod oczy &#8211; podstawowe zasady nak\u0142adania"},"content":{"rendered":"<p>Niewiele z nas mo\u017ce sobie pozwoli\u0107 na makija\u017c bez korektora pod oczami. Niekt\u00f3re kobiety musz\u0105 mierzy\u0107 si\u0119 z podk\u00f3wkami pod oczami, wynikaj\u0105cymi z <strong>uwarunkowa\u0144 genetycznych,<\/strong> u innych cienie pojawiaj\u0105 si\u0119 na skutek <strong>przepracowania<\/strong> czy <strong>niewyspania.<\/strong> Te, kt\u00f3rym podobne problemy zosta\u0142y zaoszcz\u0119dzone, cz\u0119sto musz\u0105 za to maskowa\u0107 <strong>naczynka<\/strong> pod oczami czy <strong>drobne wypryski.<\/strong> \u017beby jednak maskuj\u0105c niedoskona\u0142o\u015bci, nie utworzy\u0107 nieestetycznej, grubej warstwy kosmetyku, kt\u00f3ra da teatralny efekt, warto przy nak\u0142adaniu korektora stosowa\u0107 si\u0119 do kilku wskaz\u00f3wek. <!--more--><\/p>\n<h3>Zanim na\u0142o\u017cymy korektor<\/h3>\n<p>Jednak zanim jeszcze na\u0142o\u017cymy korektor, nale\u017cy zadba\u0107, by sk\u00f3ra pod oczami by\u0142a dobrze<strong> nawil\u017cona<\/strong>. W tym celu najlepiej kupi\u0107 specjalny \u017cel lub krem, kt\u00f3rego sk\u0142ad jest dostosowany do potrzeb cienkiej sk\u00f3ry na tym obszarze twarzy. W takich kosmetykach cz\u0119sto znajduj\u0105 si\u0119 nie tylko substancje o dzia\u0142aniu nawil\u017caj\u0105cym, ale te\u017c takie, kt\u00f3re pomagaj\u0105 w <strong>zlikwidowaniu obrz\u0119ku i rozja\u015bnieniu cieni,<\/strong> dlatego stosuj\u0105c preparat tego typu, osi\u0105gamy jeszcze lepsze efekty przy maskowaniu.<\/p>\n<div id=\"attachment_6019\" style=\"width: 360px\" class=\"wp-caption aligncenter\"><a href=\"https:\/\/neness.eu\/bourjois-cc-eye-cream-korektor-pod-oczy\"><img loading=\"lazy\" decoding=\"async\" aria-describedby=\"caption-attachment-6019\" class=\"wp-image-6019\" src=\"http:\/\/ranking-kosmetykow.pl\/wp-content\/uploads\/2019\/08\/ee88d69eb0f28b198135e1e5f22e47df.jpg\" alt=\"\" width=\"350\" height=\"467\" srcset=\"https:\/\/neness.pl\/blog\/wp-content\/uploads\/2019\/08\/ee88d69eb0f28b198135e1e5f22e47df.jpg 750w, https:\/\/neness.pl\/blog\/wp-content\/uploads\/2019\/08\/ee88d69eb0f28b198135e1e5f22e47df-225x300.jpg 225w, https:\/\/neness.pl\/blog\/wp-content\/uploads\/2019\/08\/ee88d69eb0f28b198135e1e5f22e47df-610x813.jpg 610w\" sizes=\"auto, (max-width: 350px) 100vw, 350px\" \/><\/a><p id=\"caption-attachment-6019\" class=\"wp-caption-text\">Bourjois CC Eye Cream Korektor Pod Oczy \/ 24,50 z\u0142<\/p><\/div>\n<h3>Kiedy nak\u0142adamy korektor?<\/h3>\n<p>Wa\u017cne jest te\u017c, by zachowa\u0107 odpowiedni\u0105 kolejno\u015b\u0107 przy nak\u0142adaniu <a href=\"https:\/\/neness.eu\/\">kosmetyk\u00f3w<\/a>. Panuje powszechna opinia, \u017ce korektor nak\u0142adamy zaraz po kremie, jednak tak robimy tylko w przypadku korektor\u00f3w kolorowych. Zwyk\u0142y, dopasowany barw\u0105 do cery wklepujemy ju\u017c <strong>po aplikacji podk\u0142adu,<\/strong> ale przed pokryciem twarzy pudrem. W ten spos\u00f3b mo\u017cemy na\u0142o\u017cy\u0107 nieco mniej korektora i uzyskujemy maksymalnie naturalny efekt.<\/p>\n<h3>Kolor korektora<\/h3>\n<p>Nie mniej wa\u017cne dla ostatecznego efektu jest to, jakiego koloru korektora u\u017cywamy. Je\u015bli decydujemy si\u0119 na klasyczny produkt, a nie kosmetyk kolorowy (zielony, fioletowy czy \u017c\u00f3\u0142ty), powinni\u015bmy wybra\u0107 korektor<strong> o odcie\u0144 ja\u015bniejszy ni\u017c podk\u0142ad.<\/strong> Nale\u017cy jednak przy tym pami\u0119ta\u0107, by r\u00f3wnie\u017c podk\u0142ad by\u0142 dobrze dobrany kolorystycznie. Cz\u0119sto trzeba dopasowywa\u0107 go od nowa w zale\u017cno\u015bci od pory roku, a to sprawia, \u017ce i w\u0142a\u015bciwy odcie\u0144 korektora ulega zmianie.<\/p>\n<div id=\"attachment_6020\" style=\"width: 310px\" class=\"wp-caption aligncenter\"><a href=\"https:\/\/neness.eu\/revolution-korektor-conceal-and-define-c9\"><img loading=\"lazy\" decoding=\"async\" aria-describedby=\"caption-attachment-6020\" class=\"wp-image-6020\" src=\"http:\/\/ranking-kosmetykow.pl\/wp-content\/uploads\/2019\/08\/5ce9555133955bbe83f72ca4f39a75ec.jpg\" alt=\"\" width=\"300\" height=\"499\" srcset=\"https:\/\/neness.pl\/blog\/wp-content\/uploads\/2019\/08\/5ce9555133955bbe83f72ca4f39a75ec.jpg 541w, https:\/\/neness.pl\/blog\/wp-content\/uploads\/2019\/08\/5ce9555133955bbe83f72ca4f39a75ec-180x300.jpg 180w\" sizes=\"auto, (max-width: 300px) 100vw, 300px\" \/><\/a><p id=\"caption-attachment-6020\" class=\"wp-caption-text\">Makeup Revolution Korektor Conceal and Define \/ 18,80 z\u0142<\/p><\/div>\n<h3>W jaki spos\u00f3b nak\u0142ada\u0107?<\/h3>\n<p>Intuicyjnie nak\u0142adamy korektor jedynie na obszar twarzy, na kt\u00f3rym chcemy co\u015b zamaskowa\u0107 &#8211; najcz\u0119\u015bciej na p\u00f3\u0142okr\u0105g\u0142\u0105 podk\u00f3wk\u0119. To jednak sprawia, \u017ce jeszcze bardziej podkre\u015blamy mankament. Prawid\u0142owo u\u017cywamy korektora, tworz\u0105c pod okiem <strong>tr\u00f3jk\u0105t, kt\u00f3rego trzeci bok si\u0119ga daleko na obszar policzka<\/strong>, najlepiej a\u017c do ko\u0144ca nosa. Kosmetyk ten nak\u0142adamy niewielkimi kropkami, kt\u00f3re znajduj\u0105 si\u0119 blisko siebie, a nast\u0119pnie <strong>wklepujemy<\/strong> (nie wcieramy!) w sk\u00f3r\u0119 za pomoc\u0105 palc\u00f3w lub g\u0105beczki. Wa\u017cne, by dok\u0142adnie wklepa\u0107 ca\u0142y preparat, \u017ceby dobrze skomponowa\u0142 si\u0119 on z innymi kosmetykami. Nast\u0119pnie korektor przypr\u00f3szamy odrobin\u0105 sypkiego pudru i gotowe.<\/p>\n<p>&nbsp;<\/p>\n","protected":false},"excerpt":{"rendered":"<p>Niewiele z nas mo\u017ce sobie pozwoli\u0107 na makija\u017c bez korektora pod oczami. Niekt\u00f3re kobiety musz\u0105 mierzy\u0107 si\u0119 z podk\u00f3wkami pod oczami, wynikaj\u0105cymi z uwarunkowa\u0144 genetycznych, u innych cienie pojawiaj\u0105 si\u0119 na skutek przepracowania czy niewyspania. Te, kt\u00f3rym podobne problemy zosta\u0142y zaoszcz\u0119dzone, cz\u0119sto musz\u0105 za to maskowa\u0107 naczynka pod oczami czy drobne wypryski. \u017beby jednak maskuj\u0105c [&hellip;]<\/p>\n","protected":false},"author":2,"featured_media":6018,"comment_status":"open","ping_status":"open","sticky":false,"template":"","format":"standard","meta":{"_et_pb_use_builder":"","_et_pb_old_content":"","_et_gb_content_width":"","footnotes":""},"categories":[41],"tags":[],"class_list":["post-6017","post","type-post","status-publish","format-standard","has-post-thumbnail","hentry","category-olsniewaj-makijazem","et-has-post-format-content","et_post_format-et-post-format-standard"],"_links":{"self":[{"href":"https:\/\/neness.pl\/blog\/wp-json\/wp\/v2\/posts\/6017","targetHints":{"allow":["GET"]}}],"collection":[{"href":"https:\/\/neness.pl\/blog\/wp-json\/wp\/v2\/posts"}],"about":[{"href":"https:\/\/neness.pl\/blog\/wp-json\/wp\/v2\/types\/post"}],"author":[{"embeddable":true,"href":"https:\/\/neness.pl\/blog\/wp-json\/wp\/v2\/users\/2"}],"replies":[{"embeddable":true,"href":"https:\/\/neness.pl\/blog\/wp-json\/wp\/v2\/comments?post=6017"}],"version-history":[{"count":0,"href":"https:\/\/neness.pl\/blog\/wp-json\/wp\/v2\/posts\/6017\/revisions"}],"wp:featuredmedia":[{"embeddable":true,"href":"https:\/\/neness.pl\/blog\/wp-json\/wp\/v2\/media\/6018"}],"wp:attachment":[{"href":"https:\/\/neness.pl\/blog\/wp-json\/wp\/v2\/media?parent=6017"}],"wp:term":[{"taxonomy":"category","embeddable":true,"href":"https:\/\/neness.pl\/blog\/wp-json\/wp\/v2\/categories?post=6017"},{"taxonomy":"post_tag","embeddable":true,"href":"https:\/\/neness.pl\/blog\/wp-json\/wp\/v2\/tags?post=6017"}],"curies":[{"name":"wp","href":"https:\/\/api.w.org\/{rel}","templated":true}]}}