{"id":6005,"date":"2019-08-12T12:43:54","date_gmt":"2019-08-12T10:43:54","guid":{"rendered":"http:\/\/ranking-kosmetykow.pl\/?p=6005"},"modified":"2019-08-12T12:43:54","modified_gmt":"2019-08-12T10:43:54","slug":"jak-dbac-o-pedzle-do-makijazu","status":"publish","type":"post","link":"https:\/\/neness.pl\/blog\/jak-dbac-o-pedzle-do-makijazu\/","title":{"rendered":"Jak dba\u0107 o p\u0119dzle do makija\u017cu?"},"content":{"rendered":"<p>Chyba ka\u017cda z pa\u0144, kt\u00f3ra chocia\u017c od czasu do czasu wykonuje make-up, ma w domu co najmniej jeden p\u0119dzel do makija\u017cu. Z regu\u0142y za\u015b mamy ich kilka czy nawet kilkana\u015bcie. Nak\u0142adamy za ich pomoc\u0105 puder, r\u00f3\u017c, bronzer, cienie do powiek, czasami szmink\u0119, eyeliner albo cienie do brwi. Skompletowanie takiego zestawu p\u0119dzli, kt\u00f3re b\u0119d\u0105 <strong>wygodne w u\u017cyciu<\/strong> i <strong>precyzyjne,<\/strong> stanowi niema\u0142y wysi\u0142ek i koszt, dlatego zale\u017cy nam na tym, by s\u0142u\u017cy\u0142y nam jak najd\u0142u\u017cej. Aby tak si\u0119 sta\u0142o, niezb\u0119dna jest ich <strong>w\u0142a\u015bciwa piel\u0119gnacja.<\/strong><!--more--><\/p>\n<h3>Dlaczego warto dba\u0107 o p\u0119dzle?<\/h3>\n<p>Przed\u0142u\u017cenie \u017cywotno\u015bci akcesori\u00f3w to nie jedyny pow\u00f3d, dla kt\u00f3rego warto po\u015bwi\u0119ci\u0107 nieco czasu, by zadba\u0107 o p\u0119dzle. Je\u015bli nie troszczymy si\u0119, by by\u0142y przechowywane w odpowiednich warunkach i regularnie czyszczone, gromadz\u0105 si\u0119 na nich <strong>sebum<\/strong> z naszej twarzy, <strong>martwe kom\u00f3rki nask\u00f3rka, kurz i inne zanieczyszczenia<\/strong> z powietrza, kt\u00f3re nast\u0119pnie razem z kosmetykami przenosimy na cer\u0119. Wszystkie te substancje <strong>sprzyjaj\u0105 rozwojowi bakterii,<\/strong> powoduj\u0105cych powstawanie wyprysk\u00f3w i podra\u017cnie\u0144. Je\u015bli wi\u0119c chcemy cieszy\u0107 si\u0119 pi\u0119kn\u0105, zdrow\u0105 sk\u00f3r\u0105, dba\u0142o\u015b\u0107 o stan p\u0119dzli to po prostu konieczno\u015b\u0107.<\/p>\n<div id=\"attachment_6007\" style=\"width: 300px\" class=\"wp-caption aligncenter\"><a href=\"https:\/\/neness.eu\/pl\/p\/Eco-Tools-Pedzel-do-Podkladu-i-Rozu-Seamless-Stippling-Brush\/5994\"><img loading=\"lazy\" decoding=\"async\" aria-describedby=\"caption-attachment-6007\" class=\"wp-image-6007\" src=\"http:\/\/ranking-kosmetykow.pl\/wp-content\/uploads\/2019\/08\/ecotools-stippling-brush-seamless-stippling-415x1024.jpg\" alt=\"\" width=\"290\" height=\"716\" \/><\/a><p id=\"caption-attachment-6007\" class=\"wp-caption-text\">Eco Tools P\u0119dzel do Podk\u0142adu i R\u00f3\u017cu Seamless Stippling Brush \/ 27,90 z\u0142<\/p><\/div>\n<h3>Przechowywanie p\u0119dzli &#8211; pierwszy krok w piel\u0119gnacji<\/h3>\n<p>Na stan p\u0119dzli w du\u017cym stopniu wp\u0142ywa spos\u00f3b ich przechowywania. P\u0119dzle do makija\u017cu nale\u017cy trzyma\u0107 z daleka od wody i wszelkiej wilgoci. Dlatego te\u017c jako miejsce na nie nie sprawdza si\u0119 \u0142azienka. Warunki, kt\u00f3re w niej panuj\u0105, <strong>sprzyjaj\u0105 namna\u017caniu si\u0119 bakterii<\/strong> oraz powoduj\u0105, \u017ce na w\u0142osiu osadza si\u0119 jeszcze wi\u0119cej zanieczyszcze\u0144 i kurzu. Wilgo\u0107 mo\u017ce jednak powodowa\u0107 tak\u017ce niszczenie si\u0119 samych p\u0119dzli, chocia\u017cby ich <strong>rozklejanie si\u0119<\/strong>. Lepiej nadaje si\u0119 wi\u0119c do przechowywania tych akcesori\u00f3w <strong>pojemnik postawiony na toaletce w sypialni<\/strong> czy jeszcze lepiej &#8211; <strong>szczelne pude\u0142ko,<\/strong> kt\u00f3re b\u0119dzie stanowi\u0142o ochron\u0119 przed dzia\u0142aniem czynnik\u00f3w zewn\u0119trznych.<\/p>\n<h3>Czyszczenie p\u0119dzli do makija\u017cu<\/h3>\n<p>Nawet prawid\u0142owo przechowywane p\u0119dzle wymagaj\u0105 regularnego czyszczenia, kt\u00f3re pozwala pozby\u0107 si\u0119 z w\u0142osia sebum i kom\u00f3rek nask\u00f3rka. P\u0119dzle, kt\u00f3rymi nak\u0142adamy produkty p\u0142ynne, powinni\u015bmy my\u0107<strong> po ka\u017cdym u\u017cyciu.<\/strong> Te, kt\u00f3rymi nak\u0142adamy sypkie kosmetyki, mo\u017cemy my\u0107 nieco rzadziej, jednak i je trzeba oczyszcza\u0107 stosunkowo cz\u0119sto &#8211; mniej wi\u0119cej <strong>co 2-3 dni.<\/strong> P\u0119dzle zawsze myjemy za pomoc\u0105 bardzo <strong>\u0142agodnych preparat\u00f3w<\/strong> &#8211; najlepiej w szamponie dla dzieci, szarym mydle czy po prostu specjalnym p\u0142ynie do ich piel\u0119gnacji. Bardzo wa\u017cne jest jednak tak\u017ce to, by p\u0119dzle <strong>dezynfekowa\u0107<\/strong> za pomoc\u0105 alkoholu izopropylowego.<\/p>\n<div id=\"attachment_6008\" style=\"width: 360px\" class=\"wp-caption aligncenter\"><a href=\"https:\/\/neness.eu\/pl\/p\/E.L.F.-Pedzel-do-Podkladu-Pointed-Fundation-Brush\/5214\"><img loading=\"lazy\" decoding=\"async\" aria-describedby=\"caption-attachment-6008\" class=\"wp-image-6008\" src=\"http:\/\/ranking-kosmetykow.pl\/wp-content\/uploads\/2019\/08\/92d30f7a7fb2b99ffe9d9ae8f0ac420f-1024x1024.jpg\" alt=\"\" width=\"350\" height=\"350\" srcset=\"https:\/\/neness.pl\/blog\/wp-content\/uploads\/2019\/08\/92d30f7a7fb2b99ffe9d9ae8f0ac420f-1024x1024.jpg 1024w, https:\/\/neness.pl\/blog\/wp-content\/uploads\/2019\/08\/92d30f7a7fb2b99ffe9d9ae8f0ac420f-300x300.jpg 300w, https:\/\/neness.pl\/blog\/wp-content\/uploads\/2019\/08\/92d30f7a7fb2b99ffe9d9ae8f0ac420f-150x150.jpg 150w, https:\/\/neness.pl\/blog\/wp-content\/uploads\/2019\/08\/92d30f7a7fb2b99ffe9d9ae8f0ac420f-768x768.jpg 768w, https:\/\/neness.pl\/blog\/wp-content\/uploads\/2019\/08\/92d30f7a7fb2b99ffe9d9ae8f0ac420f-610x610.jpg 610w, https:\/\/neness.pl\/blog\/wp-content\/uploads\/2019\/08\/92d30f7a7fb2b99ffe9d9ae8f0ac420f-440x440.jpg 440w, https:\/\/neness.pl\/blog\/wp-content\/uploads\/2019\/08\/92d30f7a7fb2b99ffe9d9ae8f0ac420f.jpg 1066w\" sizes=\"auto, (max-width: 350px) 100vw, 350px\" \/><\/a><p id=\"caption-attachment-6008\" class=\"wp-caption-text\">E.L.F. P\u0119dzel do Podk\u0142adu Pointed Fundation Brush \/ 34,90 z\u0142<\/p><\/div>\n<h3>Prawid\u0142owe suszenie p\u0119dzli<\/h3>\n<p>Istotne jest tak\u017ce w\u0142a\u015bciwie suszenie p\u0119dzli. Akcesoria te po myciu zawsze k\u0142adziemy <strong>w\u0142osiem do do\u0142u,<\/strong> by woda mog\u0142a swobodnie z nich wyp\u0142ywa\u0107. Postawienie ich odwrotnie mo\u017ce spowodowa\u0107 nie tylko gromadzenie si\u0119 wilgoci we w\u0142osiu, ale te\u017c rozklejanie p\u0119dzla przez sp\u0142ywaj\u0105c\u0105 do wewn\u0105trz wod\u0119. P\u0119dzle zawsze suszymy w temperaturze pokojowej, gdy\u017c kontakt z gor\u0105cym powietrzem tak\u017ce przyspiesza proces ich niszczenia.<\/p>\n","protected":false},"excerpt":{"rendered":"<p>Chyba ka\u017cda z pa\u0144, kt\u00f3ra chocia\u017c od czasu do czasu wykonuje make-up, ma w domu co najmniej jeden p\u0119dzel do makija\u017cu. Z regu\u0142y za\u015b mamy ich kilka czy nawet kilkana\u015bcie. Nak\u0142adamy za ich pomoc\u0105 puder, r\u00f3\u017c, bronzer, cienie do powiek, czasami szmink\u0119, eyeliner albo cienie do brwi. Skompletowanie takiego zestawu p\u0119dzli, kt\u00f3re b\u0119d\u0105 wygodne w [&hellip;]<\/p>\n","protected":false},"author":2,"featured_media":6006,"comment_status":"open","ping_status":"open","sticky":false,"template":"","format":"standard","meta":{"_et_pb_use_builder":"","_et_pb_old_content":"","_et_gb_content_width":"","footnotes":""},"categories":[41],"tags":[],"class_list":["post-6005","post","type-post","status-publish","format-standard","has-post-thumbnail","hentry","category-olsniewaj-makijazem","et-has-post-format-content","et_post_format-et-post-format-standard"],"_links":{"self":[{"href":"https:\/\/neness.pl\/blog\/wp-json\/wp\/v2\/posts\/6005","targetHints":{"allow":["GET"]}}],"collection":[{"href":"https:\/\/neness.pl\/blog\/wp-json\/wp\/v2\/posts"}],"about":[{"href":"https:\/\/neness.pl\/blog\/wp-json\/wp\/v2\/types\/post"}],"author":[{"embeddable":true,"href":"https:\/\/neness.pl\/blog\/wp-json\/wp\/v2\/users\/2"}],"replies":[{"embeddable":true,"href":"https:\/\/neness.pl\/blog\/wp-json\/wp\/v2\/comments?post=6005"}],"version-history":[{"count":0,"href":"https:\/\/neness.pl\/blog\/wp-json\/wp\/v2\/posts\/6005\/revisions"}],"wp:featuredmedia":[{"embeddable":true,"href":"https:\/\/neness.pl\/blog\/wp-json\/wp\/v2\/media\/6006"}],"wp:attachment":[{"href":"https:\/\/neness.pl\/blog\/wp-json\/wp\/v2\/media?parent=6005"}],"wp:term":[{"taxonomy":"category","embeddable":true,"href":"https:\/\/neness.pl\/blog\/wp-json\/wp\/v2\/categories?post=6005"},{"taxonomy":"post_tag","embeddable":true,"href":"https:\/\/neness.pl\/blog\/wp-json\/wp\/v2\/tags?post=6005"}],"curies":[{"name":"wp","href":"https:\/\/api.w.org\/{rel}","templated":true}]}}