{"id":5996,"date":"2019-08-08T14:25:24","date_gmt":"2019-08-08T12:25:24","guid":{"rendered":"http:\/\/ranking-kosmetykow.pl\/?p=5996"},"modified":"2019-08-08T14:25:24","modified_gmt":"2019-08-08T12:25:24","slug":"grombre-nowy-hit-w-koloryzacji","status":"publish","type":"post","link":"https:\/\/neness.pl\/blog\/grombre-nowy-hit-w-koloryzacji\/","title":{"rendered":"Grombre &#8211; nowy hit w koloryzacji"},"content":{"rendered":"<p>Ombre kilka lat temu sta\u0142o si\u0119 prawdziwym hitem w koloryzacji. Rozja\u015bnione na blond ko\u0144c\u00f3wki w\u0142os\u00f3w by\u0142y <strong>najch\u0119tniej wybieran\u0105 fryzur\u0105<\/strong> w\u015br\u00f3d pa\u0144, niezale\u017cnie od d\u0142ugo\u015bci czy koloru w\u0142os\u00f3w. Na fali popularno\u015bci tej fryzury powsta\u0142y r\u00f3\u017cne wariacje na jej temat: <strong>sombre, bronde czy ronze<\/strong> &#8211; z ko\u0144c\u00f3wkami w r\u00f3\u017cnych barwach. W\u0142osy w kilku odcieniach b\u0119d\u0105 modne r\u00f3wnie\u017c w nadchodz\u0105cym sezonie, jednak teraz b\u0119dziemy wybiera\u0107 zupe\u0142nie inne kolory farb. Nadchodzi era <strong>grombre!<\/strong><!--more--><\/p>\n<h3>Ombre &#8211; na czym to polega?<\/h3>\n<p>Ombre to typ koloryzacji polegaj\u0105cy na<strong> cieniowaniu barw<\/strong> na w\u0142osach w taki spos\u00f3b, <strong>by mo\u017cliwie jak najp\u0142ynniej przej\u015b\u0107 od ciemnej u nasady do jasnej na ko\u0144c\u00f3wkach.<\/strong> Wymaga ono sporo pracy i profesjonalnego podej\u015bcia. \u017beby je wykona\u0107, nale\u017cy rozja\u015bni\u0107 ko\u0144c\u00f3wki, a potem precyzyjnie pokrywa\u0107 je farb\u0105 w taki spos\u00f3b, by uzyska\u0107 maksymalnie naturalny efekt. Aby to si\u0119 uda\u0142o, w niekt\u00f3rych przypadkach trzeba u\u017cy\u0107 <strong>a\u017c 5 kolor\u00f3w farby.<\/strong> Ta metoda koloryzacji, mimo \u017ce kosztowna i czasoch\u0142onna, zyska\u0142a wiele zwolenniczek, bo nie wymaga comiesi\u0119cznego farbowania i zamaskowywania odrost\u00f3w. Dobrze wykonane ombre mo\u017cemy nosi\u0107 bez poprawek nawet przez <strong>kilka miesi\u0119cy.<\/strong><\/p>\n<div id=\"attachment_5998\" style=\"width: 360px\" class=\"wp-caption aligncenter\"><a href=\"https:\/\/neness.eu\/natura-siberica-szampon-do-farbowanych-i-zniszczonych-wlosow-ochrona-i-polysk-400ml\"><img loading=\"lazy\" decoding=\"async\" aria-describedby=\"caption-attachment-5998\" class=\"wp-image-5998\" src=\"http:\/\/ranking-kosmetykow.pl\/wp-content\/uploads\/2019\/08\/0991bc726d2c619859ff41be7f9eb811.jpg\" alt=\"\" width=\"350\" height=\"467\" srcset=\"https:\/\/neness.pl\/blog\/wp-content\/uploads\/2019\/08\/0991bc726d2c619859ff41be7f9eb811.jpg 750w, https:\/\/neness.pl\/blog\/wp-content\/uploads\/2019\/08\/0991bc726d2c619859ff41be7f9eb811-225x300.jpg 225w, https:\/\/neness.pl\/blog\/wp-content\/uploads\/2019\/08\/0991bc726d2c619859ff41be7f9eb811-610x813.jpg 610w\" sizes=\"auto, (max-width: 350px) 100vw, 350px\" \/><\/a><p id=\"caption-attachment-5998\" class=\"wp-caption-text\">Natura Siberica Szampon Do Farbowanych i Zniszczonych W\u0142os\u00f3w &#8222;Ochrona i Po\u0142ysk&#8221; 400ml \/ 25,40 z\u0142<\/p><\/div>\n<h3>Grombre &#8211; najnowsza odmiana ombre<\/h3>\n<p>Koloryzacja w\u0142os\u00f3w <strong>grombre<\/strong> opiera si\u0119 na dok\u0142adnie tej samej zasadzie &#8211; stosujemy r\u00f3\u017cne tony farb, by uzyska\u0107 \u0142agodne przej\u015bcia kolorystyczne. W tym przypadku nie u\u017cywamy jednak odcieni blondu, ale\u2026 <strong>szarego!<\/strong> Siwe w\u0142osy w takim wydaniu ju\u017c kr\u00f3luj\u0105<strong> na pokazach mody,<\/strong> a wszystko wskazuje na to, \u017ce zaczn\u0105 kr\u00f3lowa\u0107 r\u00f3wnie\u017c na ulicach. Nie jest to du\u017cym zaskoczeniem dla os\u00f3b \u015bledz\u0105cych koloryzacyjne trendy &#8211; siwe w\u0142osy w jednym odcieniu s\u0105 w modzie ju\u017c od d\u0142ugiego czasu.<\/p>\n<h3>Dla kogo grombre?<\/h3>\n<p>Grombre to typ koloryzacji, kt\u00f3ry pasuje przede wszystkim paniom <strong>o ch\u0142odnym typie urody.<\/strong> S\u0105 to kobiety o oliwkowej cerze i jasnobr\u0105zowych, platynowych lub popielatych w\u0142osach, a tak\u017ce te o urodzie Kr\u00f3lewny \u015anie\u017cki &#8211; z bardzo jasn\u0105 cer\u0105, ciemnymi w\u0142osami i opraw\u0105 oczu. Ch\u0142odny typ urody prezentuj\u0105 jednak r\u00f3wnie\u017c panie o urodzie w stylu tzw. meksyka\u0144skim, czyli o oliwkowej cerze i ciemnych w\u0142osach. Te z nas, kt\u00f3re maj\u0105 ciep\u0142y typ urody, czyli s\u0105 wiosn\u0105 lub jesieni\u0105, powinny wyb\u00f3r koloryzacji grombre <strong>skonsultowa\u0107 z do\u015bwiadczonym fryzjerem,<\/strong> kt\u00f3ry b\u0119dzie w stanie oceni\u0107, czy fryzura tego typu nie sprawi, \u017ce cera b\u0119dzie wydawa\u0142a si\u0119 chora i ziemista.<\/p>\n","protected":false},"excerpt":{"rendered":"<p>Ombre kilka lat temu sta\u0142o si\u0119 prawdziwym hitem w koloryzacji. Rozja\u015bnione na blond ko\u0144c\u00f3wki w\u0142os\u00f3w by\u0142y najch\u0119tniej wybieran\u0105 fryzur\u0105 w\u015br\u00f3d pa\u0144, niezale\u017cnie od d\u0142ugo\u015bci czy koloru w\u0142os\u00f3w. Na fali popularno\u015bci tej fryzury powsta\u0142y r\u00f3\u017cne wariacje na jej temat: sombre, bronde czy ronze &#8211; z ko\u0144c\u00f3wkami w r\u00f3\u017cnych barwach. W\u0142osy w kilku odcieniach b\u0119d\u0105 modne r\u00f3wnie\u017c [&hellip;]<\/p>\n","protected":false},"author":2,"featured_media":5997,"comment_status":"open","ping_status":"open","sticky":false,"template":"","format":"standard","meta":{"_et_pb_use_builder":"","_et_pb_old_content":"","_et_gb_content_width":"","footnotes":""},"categories":[48],"tags":[],"class_list":["post-5996","post","type-post","status-publish","format-standard","has-post-thumbnail","hentry","category-wlosy-idealne","et-has-post-format-content","et_post_format-et-post-format-standard"],"_links":{"self":[{"href":"https:\/\/neness.pl\/blog\/wp-json\/wp\/v2\/posts\/5996","targetHints":{"allow":["GET"]}}],"collection":[{"href":"https:\/\/neness.pl\/blog\/wp-json\/wp\/v2\/posts"}],"about":[{"href":"https:\/\/neness.pl\/blog\/wp-json\/wp\/v2\/types\/post"}],"author":[{"embeddable":true,"href":"https:\/\/neness.pl\/blog\/wp-json\/wp\/v2\/users\/2"}],"replies":[{"embeddable":true,"href":"https:\/\/neness.pl\/blog\/wp-json\/wp\/v2\/comments?post=5996"}],"version-history":[{"count":0,"href":"https:\/\/neness.pl\/blog\/wp-json\/wp\/v2\/posts\/5996\/revisions"}],"wp:featuredmedia":[{"embeddable":true,"href":"https:\/\/neness.pl\/blog\/wp-json\/wp\/v2\/media\/5997"}],"wp:attachment":[{"href":"https:\/\/neness.pl\/blog\/wp-json\/wp\/v2\/media?parent=5996"}],"wp:term":[{"taxonomy":"category","embeddable":true,"href":"https:\/\/neness.pl\/blog\/wp-json\/wp\/v2\/categories?post=5996"},{"taxonomy":"post_tag","embeddable":true,"href":"https:\/\/neness.pl\/blog\/wp-json\/wp\/v2\/tags?post=5996"}],"curies":[{"name":"wp","href":"https:\/\/api.w.org\/{rel}","templated":true}]}}