{"id":5945,"date":"2019-07-17T13:36:47","date_gmt":"2019-07-17T11:36:47","guid":{"rendered":"http:\/\/ranking-kosmetykow.pl\/?p=5945"},"modified":"2019-07-17T13:36:47","modified_gmt":"2019-07-17T11:36:47","slug":"wypryski-na-roznych-czesciach-ciala-na-co-wskazuja","status":"publish","type":"post","link":"https:\/\/neness.pl\/blog\/wypryski-na-roznych-czesciach-ciala-na-co-wskazuja\/","title":{"rendered":"Wypryski na r\u00f3\u017cnych cz\u0119\u015bciach cia\u0142a &#8211; na co wskazuj\u0105?"},"content":{"rendered":"<p>Wypryski pojawiaj\u0105 si\u0119 na przer\u00f3\u017cnych cz\u0119\u015bciach cia\u0142a &#8211; od twarzy, przez plecy, dekolt czy brzuch, a\u017c po uda i po\u015bladki. Walczymy z nimi przewa\u017cnie stosuj\u0105c ma\u015bci czy kosmetyki, jednak du\u017co skuteczniej dzia\u0142aj\u0105 one, gdy poznamy przyczyn\u0119 pojawiania si\u0119 zmian. Du\u017ce skupiska czerwonych krost na poszczeg\u00f3lnych obszarach \u015bwiadcz\u0105 cz\u0119sto o <strong>chorobach<\/strong> lub przynajmniej <strong>drobnych nieprawid\u0142owo\u015bciach w funkcjonowaniu organizmu.\u00a0<\/strong><!--more--><\/p>\n<h3>Wypryski na dekolcie<\/h3>\n<p>Wypryski pojawiaj\u0105ce si\u0119 na dekolcie i w okolicach piersi mog\u0105 \u015bwiadczy\u0107 o <strong>nieprawid\u0142owym funkcjonowaniu uk\u0142adu trawiennego<\/strong> lub <strong>nietolerancji pokarmowej.<\/strong> Winna mo\u017ce by\u0107 jednak tak\u017ce po prostu <strong>z\u0142a dieta<\/strong> &#8211; na przyk\u0142ad bogata w fast foody i ostre potrawy. Zanim jednak zaczniemy dopatrywa\u0107 si\u0119 powodu powstawania zmian w spo\u017cywanych pokarmach, warto zwr\u00f3ci\u0107 uwag\u0119, czy problem nie pojawia si\u0119 po tym, jak zak\u0142adamy konkretne \u0142a\u0144cuszki czy wisiorki. Istnieje szansa, \u017ce krosty s\u0105 po prostu <strong>reakcj\u0105 uczuleniow\u0105 na dany metal.\u00a0<\/strong><\/p>\n<div id=\"attachment_5947\" style=\"width: 360px\" class=\"wp-caption aligncenter\"><a href=\"https:\/\/neness.pl\/dermacol-acneclear-lagodzacy-balsam-do-cery-tradzikowej-calming-lotion\"><img loading=\"lazy\" decoding=\"async\" aria-describedby=\"caption-attachment-5947\" class=\"wp-image-5947\" src=\"http:\/\/ranking-kosmetykow.pl\/wp-content\/uploads\/2019\/07\/0a318c8f88051e929bc4ebb3d062ad48.jpg\" alt=\"\" width=\"350\" height=\"467\" srcset=\"https:\/\/neness.pl\/blog\/wp-content\/uploads\/2019\/07\/0a318c8f88051e929bc4ebb3d062ad48.jpg 750w, https:\/\/neness.pl\/blog\/wp-content\/uploads\/2019\/07\/0a318c8f88051e929bc4ebb3d062ad48-225x300.jpg 225w, https:\/\/neness.pl\/blog\/wp-content\/uploads\/2019\/07\/0a318c8f88051e929bc4ebb3d062ad48-610x813.jpg 610w\" sizes=\"auto, (max-width: 350px) 100vw, 350px\" \/><\/a><p id=\"caption-attachment-5947\" class=\"wp-caption-text\">Dermacol Acneclear \u0141agodz\u0105cy Balsam do Cery Tr\u0105dzikowej Calming Lotion \/ 16,90 z\u0142<\/p><\/div>\n<h3>Zmiany na brodzie i szyi<\/h3>\n<p>Przyczyn pojawiania si\u0119 wyprysk\u00f3w na sk\u00f3rze szyi i brody mo\u017ce by\u0107 kilka. Najbardziej prawdopodobne s\u0105 tutaj <strong>problemy hormonalne<\/strong>, jednak powodowa\u0107 je mog\u0105 tak\u017ce <strong>stres, spo\u017cywanie du\u017cych ilo\u015bci cukru<\/strong> lub <strong>ciasne czy dra\u017cni\u0105ce ko\u0142nierzyki przy ubraniach.<\/strong> Czerwone krosty bywaj\u0105 jednak r\u00f3wnie\u017c skutkiem kontaktu sk\u00f3ry w tych okolicach z przet\u0142uszczonymi kosmykami w\u0142os\u00f3w.<\/p>\n<h3>Krosty na ramionach<\/h3>\n<p>Du\u017co bardziej jednoznaczna jest odpowied\u017a na pytanie, dlaczego wypryski pojawiaj\u0105 si\u0119 na ramionach. Oczywi\u015bcie mo\u017ce by\u0107 to skutek ocierania np. o pasek torebki, ale w przewa\u017caj\u0105cej liczbie przypadk\u00f3w winny jest tutaj<strong> stres.<\/strong> Dlatego je\u015bli widzimy zmiany chorobowe na tych w\u0142a\u015bnie obszarach, jest to znak, \u017ce nale\u017cy nam si\u0119 solidny relaks.<\/p>\n<h3>Wypryski na plecach<\/h3>\n<p>Czerwone, nieestetyczne krosty lubi\u0105 tak\u017ce pojawia\u0107 si\u0119 na plecach. Tutaj przyczyn mo\u017ce by\u0107 jednak mn\u00f3stwo. Mog\u0105 by\u0107 one skutkiem <strong>diety bogatej w sma\u017cone potrawy, nietolerancji pokarmowej<\/strong> czy <strong>nieprawid\u0142owo\u015bci w funkcjonowaniu uk\u0142adu trawiennego<\/strong>, ale te\u017c na przyk\u0142ad<strong> braku snu<\/strong> czy <strong>alergii<\/strong> na kosmetyki lub \u015brodki do prania. Jako jeden z powod\u00f3w powstawania zmian na plecach wymienia si\u0119 r\u00f3wnie\u017c <strong>nadmierne pocenie.\u00a0<\/strong><\/p>\n<div id=\"attachment_5948\" style=\"width: 360px\" class=\"wp-caption aligncenter\"><a href=\"https:\/\/neness.pl\/dermacol-acneclear-sciagajaca-maseczka-dla-cery-problematycznej\"><img loading=\"lazy\" decoding=\"async\" aria-describedby=\"caption-attachment-5948\" class=\"wp-image-5948\" src=\"http:\/\/ranking-kosmetykow.pl\/wp-content\/uploads\/2019\/07\/500_500_productGfx_985dc70d55712edf73c71dff3217abb3.jpg\" alt=\"\" width=\"350\" height=\"467\" srcset=\"https:\/\/neness.pl\/blog\/wp-content\/uploads\/2019\/07\/500_500_productGfx_985dc70d55712edf73c71dff3217abb3.jpg 375w, https:\/\/neness.pl\/blog\/wp-content\/uploads\/2019\/07\/500_500_productGfx_985dc70d55712edf73c71dff3217abb3-225x300.jpg 225w\" sizes=\"auto, (max-width: 350px) 100vw, 350px\" \/><\/a><p id=\"caption-attachment-5948\" class=\"wp-caption-text\">Dermacol Acneclear \u015aci\u0105gaj\u0105ca Maseczka dla Cery Problematycznej \/ 6,50 z\u0142<\/p><\/div>\n<h3>Krosty w okolicach intymnych<\/h3>\n<p>Odpowied\u017a na pytanie, dlaczego krosty pojawiaj\u0105 si\u0119 w okolicach intymnych z regu\u0142y nie sprawia wielkiego problemu &#8211; w wi\u0119kszo\u015bci przypadk\u00f3w winna jest <strong>niew\u0142a\u015bciwa depilacja,<\/strong> kt\u00f3ra powoduje podra\u017cnienia i wrastanie si\u0119 w\u0142osk\u00f3w. Przyczynia\u0107 si\u0119 do powstawania zmian mo\u017ce jednak r\u00f3wnie\u017c <strong>niew\u0142a\u015bciwa higiena<\/strong> lub rzadziej &#8211; <strong>choroba weneryczna.<\/strong> W tym ostatnim przypadku obserwuje si\u0119 jednak z regu\u0142y r\u00f3wnie\u017c up\u0142awy, sw\u0119dzenie, pieczenie czy nieprzyjemny zapach.<\/p>\n<h3>Zmiany na po\u015bladkach<\/h3>\n<p>Je\u015bli krosty pojawiaj\u0105 si\u0119 na po\u015bladkach, powod\u00f3w mo\u017ce by\u0107 kilka. W takich wypadkach warto zwr\u00f3ci\u0107 uwag\u0119, czy nasza<strong> bielizna<\/strong> nie jest <strong>zbyt ciasna<\/strong> lub czy <strong>sk\u00f3ra<\/strong> w tym miejscu nie jest <strong>przesuszona.<\/strong> Cz\u0119stym powodem krost na tym obszarze jest jednak tak\u017ce <strong>z\u0142a dieta.<\/strong><\/p>\n","protected":false},"excerpt":{"rendered":"<p>Wypryski pojawiaj\u0105 si\u0119 na przer\u00f3\u017cnych cz\u0119\u015bciach cia\u0142a &#8211; od twarzy, przez plecy, dekolt czy brzuch, a\u017c po uda i po\u015bladki. Walczymy z nimi przewa\u017cnie stosuj\u0105c ma\u015bci czy kosmetyki, jednak du\u017co skuteczniej dzia\u0142aj\u0105 one, gdy poznamy przyczyn\u0119 pojawiania si\u0119 zmian. Du\u017ce skupiska czerwonych krost na poszczeg\u00f3lnych obszarach \u015bwiadcz\u0105 cz\u0119sto o chorobach lub przynajmniej drobnych nieprawid\u0142owo\u015bciach w [&hellip;]<\/p>\n","protected":false},"author":2,"featured_media":5946,"comment_status":"open","ping_status":"open","sticky":false,"template":"","format":"standard","meta":{"_et_pb_use_builder":"","_et_pb_old_content":"","_et_gb_content_width":"","footnotes":""},"categories":[185],"tags":[],"class_list":["post-5945","post","type-post","status-publish","format-standard","has-post-thumbnail","hentry","category-codzienna-pielegnacja","et-has-post-format-content","et_post_format-et-post-format-standard"],"_links":{"self":[{"href":"https:\/\/neness.pl\/blog\/wp-json\/wp\/v2\/posts\/5945","targetHints":{"allow":["GET"]}}],"collection":[{"href":"https:\/\/neness.pl\/blog\/wp-json\/wp\/v2\/posts"}],"about":[{"href":"https:\/\/neness.pl\/blog\/wp-json\/wp\/v2\/types\/post"}],"author":[{"embeddable":true,"href":"https:\/\/neness.pl\/blog\/wp-json\/wp\/v2\/users\/2"}],"replies":[{"embeddable":true,"href":"https:\/\/neness.pl\/blog\/wp-json\/wp\/v2\/comments?post=5945"}],"version-history":[{"count":0,"href":"https:\/\/neness.pl\/blog\/wp-json\/wp\/v2\/posts\/5945\/revisions"}],"wp:featuredmedia":[{"embeddable":true,"href":"https:\/\/neness.pl\/blog\/wp-json\/wp\/v2\/media\/5946"}],"wp:attachment":[{"href":"https:\/\/neness.pl\/blog\/wp-json\/wp\/v2\/media?parent=5945"}],"wp:term":[{"taxonomy":"category","embeddable":true,"href":"https:\/\/neness.pl\/blog\/wp-json\/wp\/v2\/categories?post=5945"},{"taxonomy":"post_tag","embeddable":true,"href":"https:\/\/neness.pl\/blog\/wp-json\/wp\/v2\/tags?post=5945"}],"curies":[{"name":"wp","href":"https:\/\/api.w.org\/{rel}","templated":true}]}}