{"id":5937,"date":"2019-07-15T12:36:57","date_gmt":"2019-07-15T10:36:57","guid":{"rendered":"http:\/\/ranking-kosmetykow.pl\/?p=5937"},"modified":"2019-07-15T12:36:57","modified_gmt":"2019-07-15T10:36:57","slug":"odzywka-bez-splukiwania-kiedy-warto-ja-stosowac","status":"publish","type":"post","link":"https:\/\/neness.pl\/blog\/odzywka-bez-splukiwania-kiedy-warto-ja-stosowac\/","title":{"rendered":"Od\u017cywka bez sp\u0142ukiwania &#8211; kiedy warto j\u0105 stosowa\u0107?"},"content":{"rendered":"<p>Wielu z nas nie potrafi przekona\u0107 si\u0119 do od\u017cywek bez sp\u0142ukiwania. Jedni uwa\u017caj\u0105, \u017ce kosmetyki te zanadto obci\u0105\u017caj\u0105 w\u0142osy, inni twierdz\u0105, \u017ce ich sk\u0142ad jest zbyt ubogi, by dawa\u0142y w\u0142osom odpowiedni\u0105 dawk\u0119 cennych sk\u0142adnik\u00f3w od\u017cywczych. Jednak w pewnych sytuacjach produkty te s\u0105 wr\u0119cz niezast\u0105pione! Mo\u017cna je stosowa\u0107 jako <strong>dodatkowy kosmetyk do piel\u0119gnacji<\/strong> opr\u00f3cz masek do sp\u0142ukiwania i wcale nie musi wi\u0105za\u0107 si\u0119 to z nadmiernym obci\u0105\u017ceniem fryzury. Zobaczcie, kiedy warto postawi\u0107 na ten produkt.<!--more--><\/p>\n<h3>Rodzaje od\u017cywek bez sp\u0142ukiwania<\/h3>\n<p>Od\u017cywki bez sp\u0142ukiwania z regu\u0142y dost\u0119pne s\u0105 w dw\u00f3ch formach &#8211; jako <strong>krem<\/strong> lub jako<strong> spray.<\/strong> Obie bardzo dobrze spe\u0142niaj\u0105 swoje funkcje, a to, kt\u00f3r\u0105 lepiej wybra\u0107, uzale\u017cnione jest od typu w\u0142os\u00f3w. Je\u015bli mamy<strong> kosmyki przesuszone, zniszczone, sk\u0142onne do \u0142amania si\u0119,<\/strong> lepiej wybra\u0107 ci\u0119\u017cszy produkt w postaci <strong>kremu.<\/strong> Ten poradzi sobie z ujarzmieniem fryzury i sprawi, \u017ce w\u0142osy b\u0119d\u0105 wydawa\u0142y si\u0119 znacznie zdrowsze. W przypadku <strong>w\u0142os\u00f3w sk\u0142onnych do przet\u0142uszczania si\u0119<\/strong> warto jednak zdecydowa\u0107 si\u0119 na lekk\u0105 <strong>od\u017cywk\u0119 w sprayu<\/strong> &#8211; wtedy unikniemy obawy, \u017ce w\u0142osy ju\u017c po kilku godzinach b\u0119d\u0105 wydawa\u0142y si\u0119 nie\u015bwie\u017ce. I jeden, i drugi kosmetyk najlepiej jednak nak\u0142ada\u0107 dopiero od po\u0142owy d\u0142ugo\u015bci w\u0142os\u00f3w, by unikn\u0105\u0107 efektu oklapni\u0119tej fryzury.<\/p>\n<h3>Od\u017cywka bez sp\u0142ukiwania &#8211; do w\u0142os\u00f3w niesfornych<\/h3>\n<p>Od\u017cywki bez sp\u0142ukiwania \u015bwietnie sprawdzaj\u0105 si\u0119 u wszystkich os\u00f3b, maj\u0105cych <strong>niesforne, trudne do poskromienia w\u0142osy.<\/strong> Sprawiaj\u0105 one, \u017ce du\u017co \u0142atwiej jest rozczesa\u0107 w\u0142osy po myciu, bez ich zb\u0119dnego ci\u0105gni\u0119cia i wyrywania. Kosmetyki te s\u0105 te\u017c nieocenione <strong>w okresie jesienno-zimowym,<\/strong> gdy nosimy czapki, a w\u0142osy szybko zaczynaj\u0105 si\u0119 elektryzowa\u0107. Produkty te delikatnie doci\u0105\u017caj\u0105 fryzur\u0119, sprawiaj\u0105c, \u017ce staje si\u0119 bardziej g\u0142adka i mniej podatna na negatywne dzia\u0142anie czynnik\u00f3w wewn\u0119trznych. To tak\u017ce \u015bwietna opcja dla os\u00f3b maj\u0105cych <strong>w\u0142osy sk\u0142onne do puszenia si\u0119.<\/strong> Odrobina takiego kosmetyku bez sp\u0142ukiwania pomaga utrzyma\u0107 fryzur\u0119 w ryzach, sprawiaj\u0105c, \u017ce doskonale si\u0119 prezentuj\u0105 przez ca\u0142y dzie\u0144.<\/p>\n<h3>Spos\u00f3b na zniszczone w\u0142osy<\/h3>\n<p>Od\u017cywki, kt\u00f3re nie wymagaj\u0105 sp\u0142ukiwania, s\u0105 te\u017c \u015bwietne, je\u015bli mamy<strong> zniszczone, przesuszone w\u0142osy.<\/strong> Na\u0142o\u017cenie takiego kosmetyku powoduje bowiem, \u017ce staj\u0105 si\u0119 one bardziej l\u015bni\u0105ce, a tym samym wydaj\u0105 si\u0119 zdrowsze i lepiej od\u017cywione. W przypadku szczeg\u00f3lnie problematycznych w\u0142os\u00f3w <strong>mo\u017cemy u\u017cywa\u0107 od\u017cywki w sprayu nawet kilka razy w ci\u0105gu doby<\/strong>, co pozwoli utrzyma\u0107 odpowiedni efekt przez ca\u0142y dzie\u0144. Kosmetykiem tego typu warto tak\u017ce <strong>zabezpiecza\u0107 zniszczone ko\u0144c\u00f3wki.<\/strong> Tutaj najlepiej postawi\u0107 na produkt w kremie, kt\u00f3ry doskonale poprawi wygl\u0105d rozdwojonych ko\u0144c\u00f3w i spowoduje, \u017ce b\u0119d\u0105 wydawa\u0142y si\u0119 \u0142adniejsze i zdrowsze. Nie mo\u017cna jednak zapomina\u0107, \u017ce od\u017cywka bez sp\u0142ukiwania <strong>dzia\u0142a jedynie dora\u017anie<\/strong> i nie poprawi na sta\u0142e kondycji w\u0142os\u00f3w. Nale\u017cy wi\u0119c stosowa\u0107 j\u0105 tylko jako kosmetyk dzia\u0142aj\u0105cy dora\u017anie, a \u017ceby odbudowywa\u0107 struktur\u0119 w\u0142os\u00f3w, stosowa\u0107 bogat\u0105 w sk\u0142adniki od\u017cywcze mask\u0119.<\/p>\n","protected":false},"excerpt":{"rendered":"<p>Wielu z nas nie potrafi przekona\u0107 si\u0119 do od\u017cywek bez sp\u0142ukiwania. Jedni uwa\u017caj\u0105, \u017ce kosmetyki te zanadto obci\u0105\u017caj\u0105 w\u0142osy, inni twierdz\u0105, \u017ce ich sk\u0142ad jest zbyt ubogi, by dawa\u0142y w\u0142osom odpowiedni\u0105 dawk\u0119 cennych sk\u0142adnik\u00f3w od\u017cywczych. Jednak w pewnych sytuacjach produkty te s\u0105 wr\u0119cz niezast\u0105pione! Mo\u017cna je stosowa\u0107 jako dodatkowy kosmetyk do piel\u0119gnacji opr\u00f3cz masek do [&hellip;]<\/p>\n","protected":false},"author":2,"featured_media":5938,"comment_status":"open","ping_status":"open","sticky":false,"template":"","format":"standard","meta":{"_et_pb_use_builder":"","_et_pb_old_content":"","_et_gb_content_width":"","footnotes":""},"categories":[48],"tags":[],"class_list":["post-5937","post","type-post","status-publish","format-standard","has-post-thumbnail","hentry","category-wlosy-idealne","et-has-post-format-content","et_post_format-et-post-format-standard"],"_links":{"self":[{"href":"https:\/\/neness.pl\/blog\/wp-json\/wp\/v2\/posts\/5937","targetHints":{"allow":["GET"]}}],"collection":[{"href":"https:\/\/neness.pl\/blog\/wp-json\/wp\/v2\/posts"}],"about":[{"href":"https:\/\/neness.pl\/blog\/wp-json\/wp\/v2\/types\/post"}],"author":[{"embeddable":true,"href":"https:\/\/neness.pl\/blog\/wp-json\/wp\/v2\/users\/2"}],"replies":[{"embeddable":true,"href":"https:\/\/neness.pl\/blog\/wp-json\/wp\/v2\/comments?post=5937"}],"version-history":[{"count":0,"href":"https:\/\/neness.pl\/blog\/wp-json\/wp\/v2\/posts\/5937\/revisions"}],"wp:featuredmedia":[{"embeddable":true,"href":"https:\/\/neness.pl\/blog\/wp-json\/wp\/v2\/media\/5938"}],"wp:attachment":[{"href":"https:\/\/neness.pl\/blog\/wp-json\/wp\/v2\/media?parent=5937"}],"wp:term":[{"taxonomy":"category","embeddable":true,"href":"https:\/\/neness.pl\/blog\/wp-json\/wp\/v2\/categories?post=5937"},{"taxonomy":"post_tag","embeddable":true,"href":"https:\/\/neness.pl\/blog\/wp-json\/wp\/v2\/tags?post=5937"}],"curies":[{"name":"wp","href":"https:\/\/api.w.org\/{rel}","templated":true}]}}