{"id":5928,"date":"2019-07-09T12:00:45","date_gmt":"2019-07-09T10:00:45","guid":{"rendered":"http:\/\/ranking-kosmetykow.pl\/?p=5928"},"modified":"2019-07-09T12:00:45","modified_gmt":"2019-07-09T10:00:45","slug":"dobieramy-najlepszy-bronzer","status":"publish","type":"post","link":"https:\/\/neness.pl\/blog\/dobieramy-najlepszy-bronzer\/","title":{"rendered":"Dobieramy najlepszy bronzer"},"content":{"rendered":"<p>Bronzer to doskona\u0142y kosmetyk na lato, pomagaj\u0105cy osi\u0105gn\u0105\u0107 pi\u0119kny odcie\u0144 cery wszystkim tym, kt\u00f3rzy nie maj\u0105 czasu sp\u0119dza\u0107 d\u0142ugich godzin na opalaniu. Daje on wra\u017cenie sk\u00f3ry delikatnie mu\u015bni\u0119tej s\u0142o\u0144cem, a odpowiednio na\u0142o\u017cony dodatkowo <strong>modyfikuje nieco rysy twarzy<\/strong> i delikatnie j\u0105 wyszczupla, <strong>podkre\u015blaj\u0105c ko\u015bci policzkowe.<\/strong> Jednak \u0142atwo mo\u017ce da\u0107 r\u00f3wnie\u017c sztuczny, nienaturalny efekt, kt\u00f3ry sprawi, \u017ce wygl\u0105damy, jakby\u015bmy mia\u0142y na twarzy mask\u0119. Dlatego kluczem do sukcesu jest wyb\u00f3r odpowiedniego typu bronzera &#8211; w\u0142a\u015bciwego dla naszej karnacji i typu cery.<!--more--><\/p>\n<h3>Bronzer a kolor cery<\/h3>\n<p>Bronzer przede wszystkim powinno si\u0119 dobiera\u0107 do koloru cery. Zdecydowanie \u0142atwiej maj\u0105 tutaj panie o<strong> ciep\u0142ej karnacji,<\/strong> gdy\u017c wi\u0119kszo\u015b\u0107 bronzer\u00f3w wpada w\u0142a\u015bnie w takie odcienie. W tym wypadku najlepiej wybra\u0107 <strong>kosmetyk o z\u0142ocistej tonacji,<\/strong> kt\u00f3ry opcjonalnie mo\u017ce mie\u0107 z\u0142ote lub cieliste b\u0142yszcz\u0105ce drobinki. Te z nas, kt\u00f3rych kolor sk\u00f3ry okre\u015bla si\u0119 jako<strong> zimny,<\/strong> maj\u0105 nieco trudniejsze zadanie, jednak r\u00f3wnie\u017c w tym wypadku mo\u017cna dobra\u0107 idealny bronzer. Warto tu zwr\u00f3ci\u0107 uwag\u0119 przede wszystkim na<strong> kosmetyki o tonacji zimnego be\u017cu lub br\u0105zu.<\/strong> Mog\u0105 mie\u0107 one dodatkowo srebrne, po\u0142yskuj\u0105ce drobinki. Wszystkie panie powinny za to unika\u0107 bronzer\u00f3w wpadaj\u0105cych w odcienie pomara\u0144czowe &#8211; te daj\u0105 nachalny, nienaturalny efekt.<\/p>\n<div id=\"attachment_5930\" style=\"width: 360px\" class=\"wp-caption aligncenter\"><a href=\"https:\/\/neness.pl\/pl\/p\/SUNkissed-Matowy-Bronzer-Hello-Sunshine-Matte-Bronzer\/5755\"><img loading=\"lazy\" decoding=\"async\" aria-describedby=\"caption-attachment-5930\" class=\"wp-image-5930\" src=\"http:\/\/ranking-kosmetykow.pl\/wp-content\/uploads\/2019\/07\/4f9e1692d3aa46c14bdefadf373c6083.jpg\" alt=\"\" width=\"350\" height=\"350\" srcset=\"https:\/\/neness.pl\/blog\/wp-content\/uploads\/2019\/07\/4f9e1692d3aa46c14bdefadf373c6083.jpg 458w, https:\/\/neness.pl\/blog\/wp-content\/uploads\/2019\/07\/4f9e1692d3aa46c14bdefadf373c6083-300x300.jpg 300w, https:\/\/neness.pl\/blog\/wp-content\/uploads\/2019\/07\/4f9e1692d3aa46c14bdefadf373c6083-150x150.jpg 150w, https:\/\/neness.pl\/blog\/wp-content\/uploads\/2019\/07\/4f9e1692d3aa46c14bdefadf373c6083-440x440.jpg 440w\" sizes=\"auto, (max-width: 350px) 100vw, 350px\" \/><\/a><p id=\"caption-attachment-5930\" class=\"wp-caption-text\">SUNkissed Matowy Bronzer Hello Sunshine Matte Bronzer \/ 16,20 z\u0142<\/p><\/div>\n<h3>Kosmetyk do bardzo jasnej karnacji<\/h3>\n<p>Podstawowa zasada przy dobieraniu bronzera brzmi: wybieramy kolor j<strong>edynie o dwa tony ciemniejszy ni\u017c aktualny odcie\u0144 naszej cery.<\/strong> W innym wypadku kosmetyk b\u0119dzie za ciemny i na pewno nie doda nam uroku. To sprawia, \u017ce paniom o wyj\u0105tkowo jasnej sk\u00f3rze cz\u0119sto naprawd\u0119 trudno jest znale\u017a\u0107 w\u015br\u00f3d bronzer\u00f3w taki, kt\u00f3ry by\u0142by dla nich odpowiedni. W takich wypadkach najlepiej jest poszuka\u0107 kosmetyku dla siebie w\u015br\u00f3d<strong> zwyk\u0142ych pudr\u00f3w.<\/strong> Wystarczy wybra\u0107 produkt nieco ciemniejszy, ni\u017c wybra\u0142yby\u015bmy do tradycyjnego zastosowania, i bez problemu mo\u017cemy wykona\u0107 nim konturowanie twarzy.<\/p>\n<div id=\"attachment_5931\" style=\"width: 360px\" class=\"wp-caption aligncenter\"><a href=\"https:\/\/neness.pl\/l-a-girl-bronzer-w-sztyfcie-velvet-contour-kit-suede\"><img loading=\"lazy\" decoding=\"async\" aria-describedby=\"caption-attachment-5931\" class=\"wp-image-5931\" src=\"http:\/\/ranking-kosmetykow.pl\/wp-content\/uploads\/2019\/07\/b4e0e0477e72668eb678b7ebbf7b683f.jpg\" alt=\"\" width=\"350\" height=\"467\" srcset=\"https:\/\/neness.pl\/blog\/wp-content\/uploads\/2019\/07\/b4e0e0477e72668eb678b7ebbf7b683f.jpg 750w, https:\/\/neness.pl\/blog\/wp-content\/uploads\/2019\/07\/b4e0e0477e72668eb678b7ebbf7b683f-225x300.jpg 225w, https:\/\/neness.pl\/blog\/wp-content\/uploads\/2019\/07\/b4e0e0477e72668eb678b7ebbf7b683f-610x813.jpg 610w\" sizes=\"auto, (max-width: 350px) 100vw, 350px\" \/><\/a><p id=\"caption-attachment-5931\" class=\"wp-caption-text\">L.A Girl Bronzer w Sztyfcie Velvet Contour Kit Suede \/ 18,90 z\u0142<\/p><\/div>\n<h3>B\u0142yszcz\u0105cy czy matowy?<\/h3>\n<p>W\u015br\u00f3d bronzer\u00f3w znajdziemy przer\u00f3\u017cne typy produkt\u00f3w: od pe\u0142nych b\u0142yszcz\u0105cych drobinek, przez te o du\u017co delikatniejszym, satynowym wyko\u0144czeniu, a\u017c po zupe\u0142nie matowe. Je\u015bli mamy g\u0142adk\u0105, pozbawion\u0105 niedoskona\u0142o\u015bci sk\u00f3r\u0119, \u015bmia\u0142o mo\u017cemy wybiera\u0107 spo\u015br\u00f3d produkt\u00f3w roz\u015bwietlaj\u0105cych. W przypadku widocznych niedoskona\u0142o\u015bci czy zmarszczek zdecydowanie warto jednak wybra\u0107 kosmetyk matowy, bo wszelkie <strong>b\u0142yszcz\u0105ce drobinki sprawi\u0105, \u017ce mankamenty cery b\u0119d\u0105 dodatkowo podkre\u015blone.<\/strong><\/p>\n","protected":false},"excerpt":{"rendered":"<p>Bronzer to doskona\u0142y kosmetyk na lato, pomagaj\u0105cy osi\u0105gn\u0105\u0107 pi\u0119kny odcie\u0144 cery wszystkim tym, kt\u00f3rzy nie maj\u0105 czasu sp\u0119dza\u0107 d\u0142ugich godzin na opalaniu. Daje on wra\u017cenie sk\u00f3ry delikatnie mu\u015bni\u0119tej s\u0142o\u0144cem, a odpowiednio na\u0142o\u017cony dodatkowo modyfikuje nieco rysy twarzy i delikatnie j\u0105 wyszczupla, podkre\u015blaj\u0105c ko\u015bci policzkowe. Jednak \u0142atwo mo\u017ce da\u0107 r\u00f3wnie\u017c sztuczny, nienaturalny efekt, kt\u00f3ry sprawi, \u017ce [&hellip;]<\/p>\n","protected":false},"author":2,"featured_media":5933,"comment_status":"open","ping_status":"open","sticky":false,"template":"","format":"standard","meta":{"_et_pb_use_builder":"","_et_pb_old_content":"","_et_gb_content_width":"","footnotes":""},"categories":[41],"tags":[],"class_list":["post-5928","post","type-post","status-publish","format-standard","has-post-thumbnail","hentry","category-olsniewaj-makijazem","et-has-post-format-content","et_post_format-et-post-format-standard"],"_links":{"self":[{"href":"https:\/\/neness.pl\/blog\/wp-json\/wp\/v2\/posts\/5928","targetHints":{"allow":["GET"]}}],"collection":[{"href":"https:\/\/neness.pl\/blog\/wp-json\/wp\/v2\/posts"}],"about":[{"href":"https:\/\/neness.pl\/blog\/wp-json\/wp\/v2\/types\/post"}],"author":[{"embeddable":true,"href":"https:\/\/neness.pl\/blog\/wp-json\/wp\/v2\/users\/2"}],"replies":[{"embeddable":true,"href":"https:\/\/neness.pl\/blog\/wp-json\/wp\/v2\/comments?post=5928"}],"version-history":[{"count":0,"href":"https:\/\/neness.pl\/blog\/wp-json\/wp\/v2\/posts\/5928\/revisions"}],"wp:featuredmedia":[{"embeddable":true,"href":"https:\/\/neness.pl\/blog\/wp-json\/wp\/v2\/media\/5933"}],"wp:attachment":[{"href":"https:\/\/neness.pl\/blog\/wp-json\/wp\/v2\/media?parent=5928"}],"wp:term":[{"taxonomy":"category","embeddable":true,"href":"https:\/\/neness.pl\/blog\/wp-json\/wp\/v2\/categories?post=5928"},{"taxonomy":"post_tag","embeddable":true,"href":"https:\/\/neness.pl\/blog\/wp-json\/wp\/v2\/tags?post=5928"}],"curies":[{"name":"wp","href":"https:\/\/api.w.org\/{rel}","templated":true}]}}