{"id":5908,"date":"2019-07-01T13:11:36","date_gmt":"2019-07-01T11:11:36","guid":{"rendered":"http:\/\/ranking-kosmetykow.pl\/?p=5908"},"modified":"2019-07-01T13:11:36","modified_gmt":"2019-07-01T11:11:36","slug":"konturowka-do-ust-jak-jej-uzywac","status":"publish","type":"post","link":"https:\/\/neness.pl\/blog\/konturowka-do-ust-jak-jej-uzywac\/","title":{"rendered":"Kontur\u00f3wka do ust &#8211; jak jej u\u017cywa\u0107?"},"content":{"rendered":"<p>Kontur\u00f3wka do ust wielu z nas wydaje si\u0119 zb\u0119dnym dodatkiem, na kt\u00f3ry ewentualnie mo\u017cna zdecydowa\u0107 si\u0119 przy okazji wielkiego wyj\u015bcia. Tymczasem jest to kosmetyk, kt\u00f3rego naprawd\u0119 warto u\u017cywa\u0107 na co dzie\u0144 &#8211; z jego pomoc\u0105 mo\u017cemy bowiem uzyska\u0107 <strong>znakomity efekt w makija\u017cu.<\/strong> Samo stosowanie kontur\u00f3wki nie jest za\u015b ani bardzo skomplikowane, ani czasoch\u0142onne.<!--more--><\/p>\n<h3>Co mo\u017cemy osi\u0105gn\u0105\u0107 dzi\u0119ki kontur\u00f3wce?<\/h3>\n<p>Kontur\u00f3wka jest produktem, kt\u00f3ry ma naprawd\u0119 wiele zastosowa\u0144. Za jej pomoc\u0105 mo\u017cemy sprawi\u0107, \u017ce kontur ust stanie si\u0119 bardziej wyrazisty, a szminka nie b\u0119dzie si\u0119 rozmazywa\u0107. U\u017cywaj\u0105c tego kosmetyku, mo\u017cemy jednak tak\u017ce <strong>optycznie powi\u0119kszy\u0107 lub pomniejszy\u0107 usta,<\/strong> a nawet <strong>nada\u0107 im bardziej regularny kszta\u0142t<\/strong> czy <strong>zamaskowa\u0107 nier\u00f3wno\u015bci w linii<\/strong> powstaj\u0105ce na skutek opryszczki czy tr\u0105dziku. Je\u015bli za\u015b zale\u017cy nam na wyj\u0105tkowej trwa\u0142o\u015bci make-upu, mo\u017cemy pokry\u0107 ni\u0105 ca\u0142\u0105 powierzchni\u0119 ust przed na\u0142o\u017ceniem szminki, dzi\u0119ki czemu sprawimy, \u017ce kolor utrzyma si\u0119 du\u017co d\u0142u\u017cej. Spos\u00f3b stosowania kontur\u00f3wki zale\u017cy tylko od nas.<\/p>\n<div id=\"attachment_5910\" style=\"width: 410px\" class=\"wp-caption aligncenter\"><a href=\"https:\/\/neness.pl\/pl\/p\/Technic-Konturowka-do-Ust-Lip-Liner\/5655\"><img loading=\"lazy\" decoding=\"async\" aria-describedby=\"caption-attachment-5910\" class=\"size-full wp-image-5910\" src=\"http:\/\/ranking-kosmetykow.pl\/wp-content\/uploads\/2019\/07\/500_500_productGfx_f469ad8ddef80e2c845acafc12b71edd.jpg\" alt=\"\" width=\"400\" height=\"400\" srcset=\"https:\/\/neness.pl\/blog\/wp-content\/uploads\/2019\/07\/500_500_productGfx_f469ad8ddef80e2c845acafc12b71edd.jpg 400w, https:\/\/neness.pl\/blog\/wp-content\/uploads\/2019\/07\/500_500_productGfx_f469ad8ddef80e2c845acafc12b71edd-300x300.jpg 300w, https:\/\/neness.pl\/blog\/wp-content\/uploads\/2019\/07\/500_500_productGfx_f469ad8ddef80e2c845acafc12b71edd-150x150.jpg 150w\" sizes=\"auto, (max-width: 400px) 100vw, 400px\" \/><\/a><p id=\"caption-attachment-5910\" class=\"wp-caption-text\">Technic Kontur\u00f3wka do Ust Lip Liner \/ 4,99 z\u0142<\/p><\/div>\n<h3>Jak\u0105 kontur\u00f3wk\u0119 wybra\u0107?<\/h3>\n<p>Szukaj\u0105c idealnej kontur\u00f3wki, warto zwr\u00f3ci\u0107 uwag\u0119 na produkty, kt\u00f3re s\u0105 <strong>stosunkowo twarde,<\/strong> gdy\u017c mi\u0119kka kredka szybko zacznie si\u0119 rozmazywa\u0107. Nale\u017cy te\u017c pami\u0119ta\u0107, \u017ce aby wykona\u0107 idealny obrys ust, b\u0119dziemy potrzebowa\u0107 dobrze zaostrzonej kontur\u00f3wki. Dlatego te\u017c je\u015bli nie mamy czasu na cz\u0119ste u\u017cywanie temper\u00f3wki, lepiej postawi\u0107 na <strong>wysuwany kosmetyk,<\/strong> kt\u00f3ry nie wymaga ostrzenia. Opr\u00f3cz tego powinny\u015bmy te\u017c zwr\u00f3ci\u0107 uwag\u0119 na kolor tego produktu. W klasycznym makija\u017cu <strong>nie powinien on r\u00f3\u017cni\u0107 si\u0119 od pomadki o wi\u0119cej ni\u017c jeden ton.<\/strong><\/p>\n<h3>Makija\u017c kontur\u00f3wk\u0105<\/h3>\n<p>Makija\u017c kontur\u00f3wk\u0105 mo\u017cemy wykonywa\u0107 na r\u00f3\u017cne sposoby, w zale\u017cno\u015bci od tego, jaki efekt chcemy osi\u0105gn\u0105\u0107. Je\u015bli chcemy, by usta optycznie wydawa\u0142y si\u0119<strong> nieco wi\u0119ksze ni\u017c s\u0105 w rzeczywisto\u015bci,<\/strong> najlepiej u\u017cy\u0107 <strong>kontur\u00f3wki ja\u015bniejszej od szminki o jeden ton<\/strong> i obrysowa\u0107 ni\u0105 usta po ich zewn\u0119trznej kraw\u0119dzi. Kiedy jednak zale\u017cy nam raczej, by nieco<strong> pomniejszy\u0107 usta,<\/strong> warto u\u017cy\u0107<strong> kredki o ton ciemniejszej<\/strong> ni\u017c pomadka, a kraw\u0119d\u017a obrysowywa\u0107 po wewn\u0119trznej stronie. W przypadku gdy zale\u017cy nam na wyr\u00f3wnaniu \u0142uku kupidyna, najlepiej u\u017cy\u0107 kontur\u00f3wki dopasowanej kolorem do szminki i w\u0119\u017csz\u0105 cz\u0119\u015b\u0107 \u0142uku obrysowa\u0107 po zewn\u0119trznej stronie kraw\u0119dzi ust, natomiast szersz\u0105 &#8211; po stronie wewn\u0119trznej. W przypadku tuszowania nier\u00f3wno\u015bci spowodowanej opryszczk\u0105 albo stanem zapalnym, warto <strong>najpierw pokry\u0107 problematyczny obszar korektorem i pudrem,<\/strong> a dopiero po tym przej\u015b\u0107 do konturowania.<\/p>\n","protected":false},"excerpt":{"rendered":"<p>Kontur\u00f3wka do ust wielu z nas wydaje si\u0119 zb\u0119dnym dodatkiem, na kt\u00f3ry ewentualnie mo\u017cna zdecydowa\u0107 si\u0119 przy okazji wielkiego wyj\u015bcia. Tymczasem jest to kosmetyk, kt\u00f3rego naprawd\u0119 warto u\u017cywa\u0107 na co dzie\u0144 &#8211; z jego pomoc\u0105 mo\u017cemy bowiem uzyska\u0107 znakomity efekt w makija\u017cu. Samo stosowanie kontur\u00f3wki nie jest za\u015b ani bardzo skomplikowane, ani czasoch\u0142onne.<\/p>\n","protected":false},"author":2,"featured_media":5909,"comment_status":"open","ping_status":"open","sticky":false,"template":"","format":"standard","meta":{"_et_pb_use_builder":"","_et_pb_old_content":"","_et_gb_content_width":"","footnotes":""},"categories":[41],"tags":[],"class_list":["post-5908","post","type-post","status-publish","format-standard","has-post-thumbnail","hentry","category-olsniewaj-makijazem","et-has-post-format-content","et_post_format-et-post-format-standard"],"_links":{"self":[{"href":"https:\/\/neness.pl\/blog\/wp-json\/wp\/v2\/posts\/5908","targetHints":{"allow":["GET"]}}],"collection":[{"href":"https:\/\/neness.pl\/blog\/wp-json\/wp\/v2\/posts"}],"about":[{"href":"https:\/\/neness.pl\/blog\/wp-json\/wp\/v2\/types\/post"}],"author":[{"embeddable":true,"href":"https:\/\/neness.pl\/blog\/wp-json\/wp\/v2\/users\/2"}],"replies":[{"embeddable":true,"href":"https:\/\/neness.pl\/blog\/wp-json\/wp\/v2\/comments?post=5908"}],"version-history":[{"count":0,"href":"https:\/\/neness.pl\/blog\/wp-json\/wp\/v2\/posts\/5908\/revisions"}],"wp:featuredmedia":[{"embeddable":true,"href":"https:\/\/neness.pl\/blog\/wp-json\/wp\/v2\/media\/5909"}],"wp:attachment":[{"href":"https:\/\/neness.pl\/blog\/wp-json\/wp\/v2\/media?parent=5908"}],"wp:term":[{"taxonomy":"category","embeddable":true,"href":"https:\/\/neness.pl\/blog\/wp-json\/wp\/v2\/categories?post=5908"},{"taxonomy":"post_tag","embeddable":true,"href":"https:\/\/neness.pl\/blog\/wp-json\/wp\/v2\/tags?post=5908"}],"curies":[{"name":"wp","href":"https:\/\/api.w.org\/{rel}","templated":true}]}}