{"id":5896,"date":"2019-06-27T12:06:17","date_gmt":"2019-06-27T10:06:17","guid":{"rendered":"http:\/\/ranking-kosmetykow.pl\/?p=5896"},"modified":"2019-06-27T12:06:17","modified_gmt":"2019-06-27T10:06:17","slug":"czynniki-ktore-maja-zly-wplyw-na-skore","status":"publish","type":"post","link":"https:\/\/neness.pl\/blog\/czynniki-ktore-maja-zly-wplyw-na-skore\/","title":{"rendered":"Czynniki, kt\u00f3re maj\u0105 z\u0142y wp\u0142yw na sk\u00f3r\u0119"},"content":{"rendered":"<p>Nasza sk\u00f3ra zmienia si\u0119 ca\u0142y czas. Oczywiste jest, \u017ce staje si\u0119 nieco inna z biegiem lat, jednak nie zawsze zdajemy sobie spraw\u0119, \u017ce jej kondycja mo\u017ce znacz\u0105co pogorszy\u0107 si\u0119 nawet w ci\u0105gu kilku dni. Dzieje si\u0119 tak, kiedy sk\u00f3ra nara\u017cona jest na dzia\u0142anie pewnych czynnik\u00f3w &#8211; i to zar\u00f3wno wewn\u0119trznych, jak i zewn\u0119trznych. Kt\u00f3re maj\u0105 na ni\u0105 najwi\u0119kszy wp\u0142yw?<!--more--><\/p>\n<h3>Kondycja psychiczna a stan sk\u00f3ry<\/h3>\n<p>Jednym z czynnik\u00f3w, kt\u00f3re maj\u0105 najwi\u0119kszy wp\u0142yw na sk\u00f3r\u0119, jest <strong>stres.<\/strong> Je\u015bli jeste\u015bmy nara\u017ceni na sytuacje, kt\u00f3re powoduj\u0105 u nas nerwy, sk\u00f3ra zaczyna reagowa\u0107 na to niemal natychmiast, i to na zupe\u0142nie inne sposoby w zale\u017cno\u015bci od jej typu. <strong>Sk\u00f3ra t\u0142usta<\/strong> pod wp\u0142ywem stresu <strong>zaczyna produkowa\u0107 nadmiern\u0105 ilo\u015b\u0107 sebum,<\/strong> co szybko powoduje zapychanie si\u0119 por\u00f3w i powstawanie zask\u00f3rnik\u00f3w oraz innych niedoskona\u0142o\u015bci. Z kolei w przypadku <strong>sk\u00f3ry suchej<\/strong> szybko w takich warunkach <strong>pojawiaj\u0105 si\u0119 podra\u017cnienia<\/strong> spowodowane nadmiernym przesuszeniem. To jednak nie wszystko. Stres sprawia, \u017ce <strong>nasilaj\u0105 si\u0119 tak\u017ce objawy chor\u00f3b<\/strong> takich jak \u0142uszczyca czy atopowe zapalenie sk\u00f3ry.<\/p>\n<div id=\"attachment_5898\" style=\"width: 360px\" class=\"wp-caption aligncenter\"><a href=\"https:\/\/neness.pl\/pl\/p\/Natura-Siberica-Nawilzajacy-Krem-do-Twarzy-na-Dzien\/5309\"><img loading=\"lazy\" decoding=\"async\" aria-describedby=\"caption-attachment-5898\" class=\"wp-image-5898\" src=\"http:\/\/ranking-kosmetykow.pl\/wp-content\/uploads\/2019\/06\/4702a0bb0eac090208728a243caf764a.jpg\" alt=\"\" width=\"350\" height=\"400\" srcset=\"https:\/\/neness.pl\/blog\/wp-content\/uploads\/2019\/06\/4702a0bb0eac090208728a243caf764a.jpg 568w, https:\/\/neness.pl\/blog\/wp-content\/uploads\/2019\/06\/4702a0bb0eac090208728a243caf764a-263x300.jpg 263w\" sizes=\"auto, (max-width: 350px) 100vw, 350px\" \/><\/a><p id=\"caption-attachment-5898\" class=\"wp-caption-text\">Natura Siberica Nawil\u017caj\u0105cy Krem do Twarzy na Dzie\u0144 \/ 47,90 z\u0142<\/p><\/div>\n<h3>Szkodliwe czynniki zewn\u0119trzne<\/h3>\n<p>Na sk\u00f3r\u0119 ma wp\u0142yw tak\u017ce szereg czynnik\u00f3w zewn\u0119trznych. Przede wszystkim nale\u017cy tutaj wymieni\u0107 <strong>promieniowanie UV.<\/strong> Powoduje ono nie tylko szybsze starzenie si\u0119 sk\u00f3ry, ale te\u017c jej wysuszanie czy zmiany naczyniowe, kt\u00f3re objawiaj\u0105 si\u0119 w postaci rumienia. Nie mniej problem\u00f3w sk\u00f3rnych jest powodowanych przez <strong>zanieczyszczenie powietrza.<\/strong> Spaliny, toksyczne gazy, py\u0142y &#8211; to wszystko sprawia, \u017ce sk\u00f3ra staje si\u0119 szara, matowa, przesuszona i zm\u0119czona. Podobny wp\u0142yw maj\u0105 tak\u017ce inne czynniki, jak chocia\u017cby <strong>wiatr, wysokie i niskie temperatury<\/strong> czy same <strong>gwa\u0142towne zmiany temperatur.<\/strong> Jak radzi\u0107 sobie z tym szkodliwym wp\u0142ywem? Kluczowe znaczenie maj\u0105 tutaj regularne nawil\u017canie sk\u00f3ry za pomoc\u0105 dobrych, bogatych w cenne sk\u0142adniki kosmetyk\u00f3w, u\u017cywanie filtr\u00f3w przeciws\u0142onecznych oraz staranne oczyszczanie twarzy.<\/p>\n<div id=\"attachment_5899\" style=\"width: 360px\" class=\"wp-caption aligncenter\"><a href=\"https:\/\/neness.pl\/pl\/p\/Natura-Siberica-Nawilzajaca-Pianka-do-Demakijazu-Oczu-170ml\/5481\"><img loading=\"lazy\" decoding=\"async\" aria-describedby=\"caption-attachment-5899\" class=\"wp-image-5899\" src=\"http:\/\/ranking-kosmetykow.pl\/wp-content\/uploads\/2019\/06\/500_500_productGfx_968112e45e7c3ab5fe422744cd2449eb.jpg\" alt=\"\" width=\"350\" height=\"350\" srcset=\"https:\/\/neness.pl\/blog\/wp-content\/uploads\/2019\/06\/500_500_productGfx_968112e45e7c3ab5fe422744cd2449eb.jpg 458w, https:\/\/neness.pl\/blog\/wp-content\/uploads\/2019\/06\/500_500_productGfx_968112e45e7c3ab5fe422744cd2449eb-300x300.jpg 300w, https:\/\/neness.pl\/blog\/wp-content\/uploads\/2019\/06\/500_500_productGfx_968112e45e7c3ab5fe422744cd2449eb-150x150.jpg 150w, https:\/\/neness.pl\/blog\/wp-content\/uploads\/2019\/06\/500_500_productGfx_968112e45e7c3ab5fe422744cd2449eb-440x440.jpg 440w\" sizes=\"auto, (max-width: 350px) 100vw, 350px\" \/><\/a><p id=\"caption-attachment-5899\" class=\"wp-caption-text\">Natura Siberica Nawil\u017caj\u0105ca Pianka do Demakija\u017cu Oczu 170ml \/ 21,90 z\u0142<\/p><\/div>\n<h3>Niew\u0142a\u015bciwa piel\u0119gnacja<\/h3>\n<p>Nie mo\u017cna jednak tak\u017ce pomin\u0105\u0107 wp\u0142ywu niew\u0142a\u015bciwej piel\u0119gnacji na stan sk\u00f3ry. <strong>Nieregularne nawil\u017canie, nieprecyzyjny demakija\u017c, u\u017cywanie kosmetyk\u00f3w niedostosowanych do typu cery<\/strong> &#8211; to wszystko w kr\u00f3tkim czasie mo\u017ce sprawi\u0107, \u017ce sk\u00f3ra stanie si\u0119 pe\u0142na niedoskona\u0142o\u015bci i przesuszona albo przeciwnie &#8211; zacznie produkowa\u0107 nadmiern\u0105 ilo\u015b\u0107 sebum. Zapobiec podobnym przypadkom mo\u017cna wy\u0142\u0105cznie starannie dobieraj\u0105c kosmetyki &#8211; warto przede wszystkim unika\u0107 bardzo silnych produkt\u00f3w z alkoholem i kosmetyk\u00f3w kolorowych z silikonami &#8211; oraz stawia\u0107 na sprawdzone codzienne rytua\u0142y piel\u0119gnacyjne.<\/p>\n","protected":false},"excerpt":{"rendered":"<p>Nasza sk\u00f3ra zmienia si\u0119 ca\u0142y czas. Oczywiste jest, \u017ce staje si\u0119 nieco inna z biegiem lat, jednak nie zawsze zdajemy sobie spraw\u0119, \u017ce jej kondycja mo\u017ce znacz\u0105co pogorszy\u0107 si\u0119 nawet w ci\u0105gu kilku dni. Dzieje si\u0119 tak, kiedy sk\u00f3ra nara\u017cona jest na dzia\u0142anie pewnych czynnik\u00f3w &#8211; i to zar\u00f3wno wewn\u0119trznych, jak i zewn\u0119trznych. Kt\u00f3re maj\u0105 [&hellip;]<\/p>\n","protected":false},"author":2,"featured_media":5897,"comment_status":"open","ping_status":"open","sticky":false,"template":"","format":"standard","meta":{"_et_pb_use_builder":"","_et_pb_old_content":"","_et_gb_content_width":"","footnotes":""},"categories":[185],"tags":[],"class_list":["post-5896","post","type-post","status-publish","format-standard","has-post-thumbnail","hentry","category-codzienna-pielegnacja","et-has-post-format-content","et_post_format-et-post-format-standard"],"_links":{"self":[{"href":"https:\/\/neness.pl\/blog\/wp-json\/wp\/v2\/posts\/5896","targetHints":{"allow":["GET"]}}],"collection":[{"href":"https:\/\/neness.pl\/blog\/wp-json\/wp\/v2\/posts"}],"about":[{"href":"https:\/\/neness.pl\/blog\/wp-json\/wp\/v2\/types\/post"}],"author":[{"embeddable":true,"href":"https:\/\/neness.pl\/blog\/wp-json\/wp\/v2\/users\/2"}],"replies":[{"embeddable":true,"href":"https:\/\/neness.pl\/blog\/wp-json\/wp\/v2\/comments?post=5896"}],"version-history":[{"count":0,"href":"https:\/\/neness.pl\/blog\/wp-json\/wp\/v2\/posts\/5896\/revisions"}],"wp:featuredmedia":[{"embeddable":true,"href":"https:\/\/neness.pl\/blog\/wp-json\/wp\/v2\/media\/5897"}],"wp:attachment":[{"href":"https:\/\/neness.pl\/blog\/wp-json\/wp\/v2\/media?parent=5896"}],"wp:term":[{"taxonomy":"category","embeddable":true,"href":"https:\/\/neness.pl\/blog\/wp-json\/wp\/v2\/categories?post=5896"},{"taxonomy":"post_tag","embeddable":true,"href":"https:\/\/neness.pl\/blog\/wp-json\/wp\/v2\/tags?post=5896"}],"curies":[{"name":"wp","href":"https:\/\/api.w.org\/{rel}","templated":true}]}}