{"id":5891,"date":"2019-06-26T15:05:48","date_gmt":"2019-06-26T13:05:48","guid":{"rendered":"http:\/\/ranking-kosmetykow.pl\/?p=5891"},"modified":"2019-06-26T15:05:48","modified_gmt":"2019-06-26T13:05:48","slug":"fale-radiowe-w-kosmetologii","status":"publish","type":"post","link":"https:\/\/neness.pl\/blog\/fale-radiowe-w-kosmetologii\/","title":{"rendered":"Fale radiowe w kosmetologii"},"content":{"rendered":"<p>W ofercie salon\u00f3w kosmetycznych mamy coraz szersz\u0105 gam\u0119 zabieg\u00f3w, kt\u00f3re dzia\u0142aj\u0105 odm\u0142adzaj\u0105co, uj\u0119drniaj\u0105co, antycellulitowo lub w jeszcze inny spos\u00f3b poprawiaj\u0105 nasz wygl\u0105d. W\u015br\u00f3d nich du\u017c\u0105 popularno\u015bci\u0105 niezmiennie ciesz\u0105 si\u0119 te, przy kt\u00f3rych wykorzystuje si\u0119 dzia\u0142anie<strong> fal radiowych.<\/strong> Nic dziwnego &#8211; dzia\u0142aj\u0105 one w <strong>kompleksowy spos\u00f3b,<\/strong> zapewniaj\u0105c doskona\u0142e wprost efekty.<!--more--><\/p>\n<h3>Jak dzia\u0142aj\u0105 fale radiowe?<\/h3>\n<p>Fale radiowe s\u0105 promieniowaniem elektromagnetycznym wytwarzanym przez pr\u0105d zmienny. W kosmetologii dzia\u0142aj\u0105 w taki spos\u00f3b, \u017ce przenikaj\u0105 w g\u0142\u0105b sk\u00f3ry i powoduj\u0105 <strong>nagrzewanie tkanek w sk\u00f3rze w\u0142a\u015bciwej.<\/strong> Ciep\u0142o, kt\u00f3re wytwarzaj\u0105, ma za\u015b szereg udowodnionych pozytywnych w\u0142a\u015bciwo\u015bci. Przede wszystkim dzi\u0119ki niemu<strong> obkurczaj\u0105 si\u0119 w\u0142\u00f3kna kolagenowe,<\/strong> to za\u015b sprawia, \u017ce sk\u00f3ra staje si\u0119 bardziej napi\u0119ta i j\u0119drna. Na tym jednak nie koniec. Podgrzewanie powoduje tak\u017ce, \u017ce <strong>zwi\u0119ksza si\u0119 produkcja kolagenu i elastyny<\/strong>, co tak\u017ce pozwala na d\u0142u\u017cej zachowa\u0107 m\u0142odo\u015b\u0107. Dlatego te\u017c fale radiowe wykorzystuje si\u0119 cz\u0119sto jako zabieg dla sk\u00f3ry dojrza\u0142ej, pozwalaj\u0105cy zredukowa\u0107 zmarszczki w<strong> prosty, nieinwazyjny spos\u00f3b.<\/strong><\/p>\n<p>Fale radiowe mo\u017cna jednak stosowa\u0107 tak\u017ce jako zabieg<strong> uj\u0119drniaj\u0105cy<\/strong> ca\u0142e cia\u0142o oraz <strong>wspomagaj\u0105cy walk\u0119 z cellulitem.<\/strong> Ciep\u0142o, kt\u00f3re wytwarzaj\u0105, sprawia, \u017ce rozszerzaj\u0105 si\u0119 naczynia krwiono\u015bne, <strong>sk\u00f3ra staje si\u0119 lepiej dotleniona<\/strong>, dodatkowo za\u015b <strong>przyspiesza metabolizm.<\/strong> Reakcje te prowadz\u0105 do likwidacji nadmiaru tkanki t\u0142uszczowej poprzez jej rozbicie i znacznej redukcji cellulitu.<\/p>\n<h3>Dla kogo fale radiowe?<\/h3>\n<p>Zabieg z wykorzystaniem fal radiowych jest wi\u0119c wskazany w przypadku wszystkich, kt\u00f3rzy chc\u0105 <strong>pozby\u0107 si\u0119 drobnych zmarszczek<\/strong> lub profilaktycznie zadzia\u0142a\u0107 na sk\u00f3r\u0119,<strong> op\u00f3\u017aniaj\u0105c proces jej starzenia.<\/strong> B\u0119dzie te\u017c doskona\u0142ym wyborem dla tych, kt\u00f3rzy chc\u0105 <strong>uj\u0119drni\u0107 cia\u0142o<\/strong> &#8211; pomaga on podnie\u015b\u0107 po\u015bladki, pozby\u0107 si\u0119 lu\u017anej sk\u00f3ry na brzuchu czy udach i og\u00f3lnie poprawi\u0107 sylwetk\u0119. Mo\u017cna jednak wykorzysta\u0107 fale tak\u017ce do <strong>redukcji przebarwie\u0144<\/strong> na sk\u00f3rze czy <strong>likwidacji cieni pod oczami,<\/strong> a tak\u017ce, jak ju\u017c wspominali\u015bmy, <strong>do walki z cellulitem.<\/strong> Spektrum mo\u017cliwo\u015bci jest tu naprawd\u0119 ogromne!<\/p>\n","protected":false},"excerpt":{"rendered":"<p>W ofercie salon\u00f3w kosmetycznych mamy coraz szersz\u0105 gam\u0119 zabieg\u00f3w, kt\u00f3re dzia\u0142aj\u0105 odm\u0142adzaj\u0105co, uj\u0119drniaj\u0105co, antycellulitowo lub w jeszcze inny spos\u00f3b poprawiaj\u0105 nasz wygl\u0105d. W\u015br\u00f3d nich du\u017c\u0105 popularno\u015bci\u0105 niezmiennie ciesz\u0105 si\u0119 te, przy kt\u00f3rych wykorzystuje si\u0119 dzia\u0142anie fal radiowych. Nic dziwnego &#8211; dzia\u0142aj\u0105 one w kompleksowy spos\u00f3b, zapewniaj\u0105c doskona\u0142e wprost efekty.<\/p>\n","protected":false},"author":2,"featured_media":5892,"comment_status":"open","ping_status":"open","sticky":false,"template":"","format":"standard","meta":{"_et_pb_use_builder":"","_et_pb_old_content":"","_et_gb_content_width":"","footnotes":""},"categories":[6],"tags":[],"class_list":["post-5891","post","type-post","status-publish","format-standard","has-post-thumbnail","hentry","category-trendy","et-has-post-format-content","et_post_format-et-post-format-standard"],"_links":{"self":[{"href":"https:\/\/neness.pl\/blog\/wp-json\/wp\/v2\/posts\/5891","targetHints":{"allow":["GET"]}}],"collection":[{"href":"https:\/\/neness.pl\/blog\/wp-json\/wp\/v2\/posts"}],"about":[{"href":"https:\/\/neness.pl\/blog\/wp-json\/wp\/v2\/types\/post"}],"author":[{"embeddable":true,"href":"https:\/\/neness.pl\/blog\/wp-json\/wp\/v2\/users\/2"}],"replies":[{"embeddable":true,"href":"https:\/\/neness.pl\/blog\/wp-json\/wp\/v2\/comments?post=5891"}],"version-history":[{"count":0,"href":"https:\/\/neness.pl\/blog\/wp-json\/wp\/v2\/posts\/5891\/revisions"}],"wp:featuredmedia":[{"embeddable":true,"href":"https:\/\/neness.pl\/blog\/wp-json\/wp\/v2\/media\/5892"}],"wp:attachment":[{"href":"https:\/\/neness.pl\/blog\/wp-json\/wp\/v2\/media?parent=5891"}],"wp:term":[{"taxonomy":"category","embeddable":true,"href":"https:\/\/neness.pl\/blog\/wp-json\/wp\/v2\/categories?post=5891"},{"taxonomy":"post_tag","embeddable":true,"href":"https:\/\/neness.pl\/blog\/wp-json\/wp\/v2\/tags?post=5891"}],"curies":[{"name":"wp","href":"https:\/\/api.w.org\/{rel}","templated":true}]}}